{"id":2772,"date":"2023-12-07T08:51:20","date_gmt":"2023-12-07T07:51:20","guid":{"rendered":"https:\/\/procivitas.se\/helsingborg\/?post_type=article&#038;p=2772"},"modified":"2024-02-01T16:00:31","modified_gmt":"2024-02-01T15:00:31","slug":"basta-gymnasieskolan-i-helsingborg","status":"publish","type":"article","link":"https:\/\/procivitas.se\/helsingborg\/nyheter\/basta-gymnasieskolan-i-helsingborg\/","title":{"rendered":"B\u00e4sta gymnasieskolan i Helsingborg"},"content":{"rendered":"\n<div class=\"wp-block-columns is-layout-flex wp-container-core-columns-layout-1 wp-block-columns-is-layout-flex\">\n<div class=\"wp-block-column is-layout-flow wp-block-column-is-layout-flow\" style=\"flex-basis:90%\">\t<div\n\t\t class=\"module_wrapper container-fluid images-module\" >\n\t\t<div class=\"row\">\n\t\t\t<div\n\t\t\t\t\tclass=\"col-12 m-0 p-0 position-relative images_module__slideshow images_module__slideshow-container module-expand \">\n\n\t\t\t\t<div class=\"images_module__slide \" data-slide=\"\"\n\t\t\t\t\t data-duration=\"\"><\/div>\n\t\t\t\t\t\t\t\t\t<div\n\t\t\t\t\t\t class=\"images_module__slides \">\n\n\n\t\t\t\t\t\t<div class=\"images__wrapper\"\n\t\t\t\t\t\t\t style=\"aspect-ratio: 851 \/ 531;\">\n\t\t\t\t\t\t\t<img decoding=\"async\" width=\"1280\" height=\"853\" src=\"https:\/\/procivitas.se\/wp-content\/uploads\/sites\/3\/2023\/03\/pro-elevhalsa-helsingborg-2022.jpeg\" class=\"images__image_ratio  \" alt=\"Elever umg\u00e5s i skolans gemensamma lokaler\" style=\"aspect-ratio: 851 \/ 531;object-position: center center;\" srcset=\"https:\/\/procivitas.se\/wp-content\/uploads\/sites\/3\/2023\/03\/pro-elevhalsa-helsingborg-2022.jpeg 1280w, https:\/\/procivitas.se\/wp-content\/uploads\/sites\/3\/2023\/03\/pro-elevhalsa-helsingborg-2022-300x200.jpeg 300w, https:\/\/procivitas.se\/wp-content\/uploads\/sites\/3\/2023\/03\/pro-elevhalsa-helsingborg-2022-400x267.jpeg 400w, https:\/\/procivitas.se\/wp-content\/uploads\/sites\/3\/2023\/03\/pro-elevhalsa-helsingborg-2022-600x400.jpeg 600w, https:\/\/procivitas.se\/wp-content\/uploads\/sites\/3\/2023\/03\/pro-elevhalsa-helsingborg-2022-800x533.jpeg 800w, https:\/\/procivitas.se\/wp-content\/uploads\/sites\/3\/2023\/03\/pro-elevhalsa-helsingborg-2022-1024x682.jpeg 1024w, https:\/\/procivitas.se\/wp-content\/uploads\/sites\/3\/2023\/03\/pro-elevhalsa-helsingborg-2022-1200x800.jpeg 1200w\" sizes=\"(max-width: 1280px) 100vw, 1280px\" \/>\t\t\t\t\t\t<\/div>\n\n\t\t\t\t\t\t\n\t\t\t\t\t\t\t\t\t\t\t<\/div>\n\t\t\t\t\n\t\t\t\t<div class=\"images_module__container_dot \">\n\t\t\t\t\t<div style=\"text-align:center\">\n\t\t\t\t\t\t\t\t\t\t\t\t\t<span   data-i=\"0\"\n\t\t\t\t\t\t\t\t  class=\"images_module__dot\n\t\t\t\t\t\t\t\t\t\t\t\t\t  \"><\/span>\n\t\t\t\t\t\t\t\t\t\t\t<\/div>\n\t\t\t\t<\/div>\n\n\t\t\t<\/div>\n\t\t<\/div>\n\t<\/div>\n\n\n\t\n\n\n<script>\n\tvar images_display_descriptive_text = \"\";\n<\/script>\n<\/div>\n\n\n\n<div class=\"wp-block-column is-layout-flow wp-block-column-is-layout-flow\" style=\"flex-basis:5%\"><\/div>\n<\/div>\n\n\n\n<div class=\"wp-block-columns is-layout-flex wp-container-core-columns-layout-2 wp-block-columns-is-layout-flex\">\n<div class=\"wp-block-column is-layout-flow wp-block-column-is-layout-flow\" style=\"flex-basis:15%\"><\/div>\n\n\n\n<div class=\"wp-block-column is-layout-flow wp-block-column-is-layout-flow\" style=\"flex-basis:70%\">\n<h1 class=\"wp-block-heading\">ProCivitas b\u00e4sta gymnasieskolan i Helsingborg enligt oberoende ranking<\/h1>\n\n\n\n<p   class=\"site__ingress container text-left  site__text-color--dark  site__free_text--ingress p-0\">\n\tProCivitas Helsingborg \u00e4r stans b\u00e4sta gymnasieskola och den tredje b\u00e4sta i Sk\u00e5ne enligt en oberoende ranking gjord av f\u00f6retaget Ednia. Rankningen baseras p\u00e5 statistik fr\u00e5n Skolverket, Skolinspektionen och Statistiska Centralbyr\u00e5n (SCB). \r\n<\/p>\n\n\n\n\n\n<p>Tj\u00e4nsten sammanst\u00e4ller statistik om alla gymnasier i landet f\u00f6r att hj\u00e4lpa elever hitta r\u00e4tt utbildning. I \u00e5rets ranking placerar sig ProCivitas Malm\u00f6 p\u00e5 f\u00f6rsta plats av Sk\u00e5nes alla gymnasieskolor, ProCivitas Helsingborg p\u00e5 tredje plats och ProCivitas i Lund p\u00e5 nionde plats av regionens alla gymnasieskolor.&nbsp;<\/p>\n\n\n\n<p>\u2013 Det \u00e4r givetvis roligt att samtliga ProCivitas skolor i Sk\u00e5ne placerat sig i toppen av rankingen. V\u00e5ra rektorer och medarbetare arbetar h\u00e5rt f\u00f6r att v\u00e5ra elever ska f\u00e5 den b\u00e4sta utbildningen och det \u00e4r roligt att det uppm\u00e4rksammas, s\u00e4ger Jimmy Rosengren, skolchef f\u00f6r ProCivitas sju skolor i Sverige.&nbsp;<\/p>\n\n\n\n<p>Faktorer som Ednia v\u00e4ger in \u00e4r bland annat resultat p\u00e5 nationella prov, betygsinflation, andel beh\u00f6riga l\u00e4rare, elevn\u00f6jdhet, andel som tar examen, snittbetyg och arbetsmarknadsutfall. En h\u00f6gre rankning inneb\u00e4r att en skola bland annat har ett h\u00f6gre sammanlagt resultat n\u00e4r betyg, nationella prov, examensfrekvens, arbetsmarknadsstatistik samt enk\u00e4tsvar fr\u00e5n elever och l\u00e4rare p\u00e5 skolan summerats.&nbsp;<\/p>\n\n\n\n<p>\u2013 V\u00e5r m\u00e5ls\u00e4ttning \u00e4r att vara Helsingborg, och Sveriges, b\u00e4sta gymnasium. Hos oss ska eleverna f\u00e5 en utbildning av h\u00f6gsta kvalitet: De f\u00e5r ett eget n\u00e4tverk i det lokala n\u00e4ringslivet och vi vill att de ska inspireras, utmanas och motiveras att n\u00e5 l\u00e4ngre, av oss och av varandra. Samtidigt ska de m\u00e5 bra h\u00e4r och f\u00e5 v\u00e4nner f\u00f6r livet. Jag tycker att vi lyckas riktigt bra och det visar sig ocks\u00e5 n\u00e4r vi j\u00e4mf\u00f6rs med andra skolor, s\u00e4ger Katarina Heide, rektor p\u00e5 ProCivitas Helsingborg.\u00a0<\/p>\n\n\n\n<h2 class=\"wp-block-heading\">\u201cProCivitas l\u00e4rare \u00e4r helt fantastiska\u201d<\/h2>\n\n\n\n<p>Celina Fathallah \u00e4r tidigare elev p\u00e5 ProCivitas i Helsingborg. Hon tycker det m\u00e4rks att l\u00e4rarna p\u00e5 skolan tycker om sitt jobb vilket ocks\u00e5 motiverar eleverna.&nbsp;<\/p>\n\n\n\n<p>\u2013 Personligen tycker jag att l\u00e4rarna p\u00e5 ProCivitas varit helt fantastiska. Deras f\u00f6rm\u00e5ga att l\u00e4ra ut och f\u00f6rklara \u00e4r otroligt. M\u00e5nga l\u00e4rare har \u00e4ven varit nominerade och vunnit olika priser s\u00e5som \u201cSveriges b\u00e4sta l\u00e4rare\u201d och man f\u00f6rst\u00e5r varf\u00f6r n\u00e4r man haft dem som l\u00e4rare i tre \u00e5r, s\u00e4ger Celina Fathallah.&nbsp;<\/p>\n\n\n\n<h2 class=\"wp-block-heading\">Om ProCivitas&nbsp;<\/h2>\n\n\n\n<p>ProCivitas grundades 1997 och best\u00e5r idag av sju skolor i Helsingborg, Lund, Malm\u00f6, Stockholm, Uppsala och V\u00e4xj\u00f6. Skolorna har en stark koppling till n\u00e4ringslivet med individuella mentorsprogram, regelbundna g\u00e4stf\u00f6rel\u00e4sningar och n\u00e4ra samarbeten med f\u00f6retag och organisationer under utbildningens g\u00e5ng. L\u00e4s mer p\u00e5 <a href=\"https:\/\/procivitas.se\">https:\/\/procivitas.se<\/a>&nbsp;<br><br><strong>Om rankningen av gymnasieskolor<\/strong><br>Ednia \u00e4r en svensk j\u00e4mf\u00f6relse- och informationsplattform f\u00f6r gymnasieskolor. Plattformen h\u00e4mtar statistik fr\u00e5n Skolverket, Skolinspektionen samt Statistiska Centralbyr\u00e5n och skapar rankningar utifr\u00e5n statistiken. Se alla resultat f\u00f6r Sk\u00e5ne p\u00e5 <a href=\"https:\/\/ednia.se\/rankning\/skane\">https:\/\/ednia.se\/rankning\/skane<\/a>&nbsp;<br><\/p>\n<\/div>\n\n\n\n<div class=\"wp-block-column is-layout-flow wp-block-column-is-layout-flow\" style=\"flex-basis:15%\"><\/div>\n<\/div>\n\n\n\n\n\n<section  class=\"ams-article c-block l-stacked js-load-more\" data-color-scheme=\"blue\" data-count=\"3\" data-count-mobile=\"2\">\n\t<div class=\"l-container l-stack l-stack-fluid-2xl u-pt-fluid-3xl-6xl u-pb-fluid-3xl-6xl is-center is-center@md\">\n\t\t\t\t\t<div class=\"ams-article__intro l-stack l-stack-lg\">\n\t\t\t\t\t\n\t<h2\n\tclass=\"c-heading u-font-title-1 \"\n\tstyle=\"\">\n\t\t\n\t\t\t\t\tFler nyheter \n\t\t\t\t\n\t<\/h2>\n\n\t\t\t\t\t\t\t<\/div>\n\t\t\n\t\t\t\n\t    \n\t\n\t<ul id=\"ams-article-list-69f1a7960c535\" class=\"ams-article__list l-grid u-gap-2xl u-justify-center js-results \" aria-label=\"Artiklar\" data-filter-animation=\"off\">\n\t\t\t\t\t\t\t\t\t\t\t\t\t\t\t\t\t\n\t\t\t\n\t\t\t\n\t\t\t<li class=\"l-col-6@md l-col-4@lg \" data-filter=\"nyheter juli-2024\">\n\t\t\t\t<article class=\"c-card  has-media-zoom  \" data-variant=\"neutral\" data-style=\"square\" data-click-area>\n\t\t\t\t\t<div class=\"c-card__content l-stack l-stack-sm\">\n\n\t\t\t\t\t\t\t\t\t\t\t\t\t<time class=\"c-card__date u-font-small\" datetime=\"2024-07-02\">2 juli 2024<\/time>\n\t\t\t\t\t\t\n\t\t\t\t\t\t\t\t\t\t\t\t\t<h3 class=\"c-card__title u-font-title-3\">\n\t\t\t\t\t\t\t\t\t\t\t\t\t\t\t\t\t<a class=\"c-card__link\" href=\"https:\/\/procivitas.se\/helsingborg\/nyheter\/elevkarsintervju-med-lasse\/\">\n\t\t\t\t\t\t\t\t\t\tLasse, om rollen som elevk\u00e5rsordf\u00f6rande\n\t\t\t\t\t\t\t\t\t<\/a>\n\t\t\t\t\t\t\t\t\t\t\t\t\t\t\t<\/h3>\n\t\t\t\t\t\t\n\t\t\t\t\t\t\t\t\t\t\t\t\t<p class=\"c-card__text l-stack-xs u-font-body\">\n\t\t\t\t\t\t\t\tSom elevk\u00e5rsordf\u00f6rande har du det yttersta ansvaret f\u00f6r att leda elevk\u00e5ren fram\u00e5t. Lasse ber\u00e4ttar om rollen so&#8230;\n\t\t\t\t\t\t\t<\/p>\n\t\t\t\t\t\t\n\t\t\t\t\t\t\t\t\t\t\t\t\t<ul class=\"c-card__tags l-stack-grow u-list-none u-pt-md\" aria-label=\"Kategorier\">\n\t\t\t\t\t\t\t\t\t\t\t\t\t\t\t\t\t<li><span class=\"c-tag\" data-variant=\"outline\">Nyheter<\/span><\/li>\n\t\t\t\t\t\t\t\t\t\t\t\t\t\t\t<\/ul>\n\t\t\t\t\t\t\n\t\t\t\t\t\t<div class=\"c-card__icon\">\n\t\t\t\t\t\t\t\t\t\t\t\t\t\t<svg class=\"ams-icon ams-icon--arrow-right\" width=\"32\" height=\"32\" viewbox=\"0 0 32 32\" fill=\"currentColor\" aria-hidden=\"true\" xmlns=\"http:\/\/www.w3.org\/2000\/svg\">\n\t\t\t\t\t\t\t\t\t\t\t\t\t\t\t\t<path d=\"M15.4617 0.252159L14.9567 0.75931C14.6219 1.09545 14.6219 1.64048 14.9567 1.97669L27.7062 14.7806H0.857144C0.383786 14.7806 0 15.166 0 15.6414V16.3587C0 16.8341 0.383786 17.2195 0.857144 17.2195H27.7062L14.9567 30.0234C14.6219 30.3595 14.6219 30.9045 14.9567 31.2407L15.4617 31.7479C15.7964 32.084 16.3392 32.084 16.6739 31.7479L31.749 16.6087C32.0837 16.2725 32.0837 15.7275 31.749 15.3913L16.6739 0.252159C16.3392 -0.084053 15.7964 -0.084053 15.4617 0.252159Z\"\/>\n\t\t\t\t\t\t\t\n\t\t\t\t\t\t\t<\/svg>\n\t\t\t\t\t\t<\/div>\n\t\t\t\t\t<\/div>\n\n\t\t\t\t\t<div class=\"c-card__media u-radius-rounded\" style=\" \">\n\t\t\t\t\t\t<img decoding=\"async\" width=\"400\" height=\"533\" src=\"https:\/\/procivitas.se\/wp-content\/uploads\/sites\/3\/2024\/07\/pchgbelevkar2024-2025-400x533.jpg\" class=\"attachment-sm size-sm\" alt=\"Elev st\u00e5r utomhus i solig bakgrund och ler in i kameran.\" sizes=\"(min-width: 64em) 300px, (min-width: 48em) calc(.50 * (100vw - 224px)), calc(100vw - 160px)\" srcset=\"https:\/\/procivitas.se\/wp-content\/uploads\/sites\/3\/2024\/07\/pchgbelevkar2024-2025-400x533.jpg 400w, https:\/\/procivitas.se\/wp-content\/uploads\/sites\/3\/2024\/07\/pchgbelevkar2024-2025-300x400.jpg 300w, https:\/\/procivitas.se\/wp-content\/uploads\/sites\/3\/2024\/07\/pchgbelevkar2024-2025-600x800.jpg 600w, https:\/\/procivitas.se\/wp-content\/uploads\/sites\/3\/2024\/07\/pchgbelevkar2024-2025-800x1067.jpg 800w, https:\/\/procivitas.se\/wp-content\/uploads\/sites\/3\/2024\/07\/pchgbelevkar2024-2025-1024x1365.jpg 1024w, https:\/\/procivitas.se\/wp-content\/uploads\/sites\/3\/2024\/07\/pchgbelevkar2024-2025-1200x1600.jpg 1200w, https:\/\/procivitas.se\/wp-content\/uploads\/sites\/3\/2024\/07\/pchgbelevkar2024-2025-scaled.jpg 1920w\" \/>\n\t\t\t\t\t<\/div>\n\t\t\t\t<\/article>\n\t\t\t<\/li>\n\t\t\t\t\t\t\t\t\t\t\t\t\t\t\t\t\t\n\t\t\t\n\t\t\t\n\t\t\t<li class=\"l-col-6@md l-col-4@lg \" data-filter=\"elevintervjuer nyheter mars-2024\">\n\t\t\t\t<article class=\"c-card  has-media-zoom  \" data-variant=\"neutral\" data-style=\"square\" data-click-area>\n\t\t\t\t\t<div class=\"c-card__content l-stack l-stack-sm\">\n\n\t\t\t\t\t\t\t\t\t\t\t\t\t<time class=\"c-card__date u-font-small\" datetime=\"2024-03-19\">19 mars 2024<\/time>\n\t\t\t\t\t\t\n\t\t\t\t\t\t\t\t\t\t\t\t\t<h3 class=\"c-card__title u-font-title-3\">\n\t\t\t\t\t\t\t\t\t\t\t\t\t\t\t\t\t<a class=\"c-card__link\" href=\"https:\/\/procivitas.se\/helsingborg\/nyheter\/carl-viggo-vidare-till-riksfinal-i-unga-forskare-2024\/\">\n\t\t\t\t\t\t\t\t\t\tProCivitas elev till riksfinal i Unga Forskare\n\t\t\t\t\t\t\t\t\t<\/a>\n\t\t\t\t\t\t\t\t\t\t\t\t\t\t\t<\/h3>\n\t\t\t\t\t\t\n\t\t\t\t\t\t\t\t\t\t\t\t\t<p class=\"c-card__text l-stack-xs u-font-body\">\n\t\t\t\t\t\t\t\tCarl Viggo \u00e4r elev p\u00e5 ProCivitas Helsingborg och har g\u00e5tt vidare till riksfinalen i Unga forskare med sitt gym&#8230;\n\t\t\t\t\t\t\t<\/p>\n\t\t\t\t\t\t\n\t\t\t\t\t\t\t\t\t\t\t\t\t<ul class=\"c-card__tags l-stack-grow u-list-none u-pt-md\" aria-label=\"Kategorier\">\n\t\t\t\t\t\t\t\t\t\t\t\t\t\t\t\t\t<li><span class=\"c-tag\" data-variant=\"outline\">Elevintervjuer<\/span><\/li>\n\t\t\t\t\t\t\t\t\t\t\t\t\t\t\t\t\t<li><span class=\"c-tag\" data-variant=\"outline\">Nyheter<\/span><\/li>\n\t\t\t\t\t\t\t\t\t\t\t\t\t\t\t<\/ul>\n\t\t\t\t\t\t\n\t\t\t\t\t\t<div class=\"c-card__icon\">\n\t\t\t\t\t\t\t\t\t\t\t\t\t\t<svg class=\"ams-icon ams-icon--arrow-right\" width=\"32\" height=\"32\" viewbox=\"0 0 32 32\" fill=\"currentColor\" aria-hidden=\"true\" xmlns=\"http:\/\/www.w3.org\/2000\/svg\">\n\t\t\t\t\t\t\t\t\t\t\t\t\t\t\t\t<path d=\"M15.4617 0.252159L14.9567 0.75931C14.6219 1.09545 14.6219 1.64048 14.9567 1.97669L27.7062 14.7806H0.857144C0.383786 14.7806 0 15.166 0 15.6414V16.3587C0 16.8341 0.383786 17.2195 0.857144 17.2195H27.7062L14.9567 30.0234C14.6219 30.3595 14.6219 30.9045 14.9567 31.2407L15.4617 31.7479C15.7964 32.084 16.3392 32.084 16.6739 31.7479L31.749 16.6087C32.0837 16.2725 32.0837 15.7275 31.749 15.3913L16.6739 0.252159C16.3392 -0.084053 15.7964 -0.084053 15.4617 0.252159Z\"\/>\n\t\t\t\t\t\t\t\n\t\t\t\t\t\t\t<\/svg>\n\t\t\t\t\t\t<\/div>\n\t\t\t\t\t<\/div>\n\n\t\t\t\t\t<div class=\"c-card__media u-radius-rounded\" style=\" \">\n\t\t\t\t\t\t<img decoding=\"async\" width=\"400\" height=\"281\" src=\"https:\/\/procivitas.se\/wp-content\/uploads\/sites\/3\/2024\/03\/portrattbildpchcarlviggo-400x281.png\" class=\"attachment-sm size-sm\" alt=\"Bild p\u00e5 elev som ler vid en tegelv\u00e4gg.\" sizes=\"(min-width: 64em) 300px, (min-width: 48em) calc(.50 * (100vw - 224px)), calc(100vw - 160px)\" srcset=\"https:\/\/procivitas.se\/wp-content\/uploads\/sites\/3\/2024\/03\/portrattbildpchcarlviggo-400x281.png 400w, https:\/\/procivitas.se\/wp-content\/uploads\/sites\/3\/2024\/03\/portrattbildpchcarlviggo-300x211.png 300w, https:\/\/procivitas.se\/wp-content\/uploads\/sites\/3\/2024\/03\/portrattbildpchcarlviggo-600x422.png 600w, https:\/\/procivitas.se\/wp-content\/uploads\/sites\/3\/2024\/03\/portrattbildpchcarlviggo.png 742w\" \/>\n\t\t\t\t\t<\/div>\n\t\t\t\t<\/article>\n\t\t\t<\/li>\n\t\t\t\t\t\t\t\t\t\t\t\t\t\t\t\t\t\n\t\t\t\n\t\t\t\n\t\t\t<li class=\"l-col-6@md l-col-4@lg \" data-filter=\"nyheter januari-2024\">\n\t\t\t\t<article class=\"c-card  has-media-zoom  \" data-variant=\"neutral\" data-style=\"square\" data-click-area>\n\t\t\t\t\t<div class=\"c-card__content l-stack l-stack-sm\">\n\n\t\t\t\t\t\t\t\t\t\t\t\t\t<time class=\"c-card__date u-font-small\" datetime=\"2024-01-15\">15 januari 2024<\/time>\n\t\t\t\t\t\t\n\t\t\t\t\t\t\t\t\t\t\t\t\t<h3 class=\"c-card__title u-font-title-3\">\n\t\t\t\t\t\t\t\t\t\t\t\t\t\t\t\t\t<a class=\"c-card__link\" href=\"https:\/\/procivitas.se\/helsingborg\/nyheter\/antagningen-har-oppnat\/\">\n\t\t\t\t\t\t\t\t\t\tAntagningen har \u00f6ppnat!\n\t\t\t\t\t\t\t\t\t<\/a>\n\t\t\t\t\t\t\t\t\t\t\t\t\t\t\t<\/h3>\n\t\t\t\t\t\t\n\t\t\t\t\t\t\t\t\t\t\t\t\t<p class=\"c-card__text l-stack-xs u-font-body\">\n\t\t\t\t\t\t\t\tGymnasieantagningen har \u00f6ppnat i din kommun! L\u00e4s mer om viktiga datum &#8230;\n\t\t\t\t\t\t\t<\/p>\n\t\t\t\t\t\t\n\t\t\t\t\t\t\t\t\t\t\t\t\t<ul class=\"c-card__tags l-stack-grow u-list-none u-pt-md\" aria-label=\"Kategorier\">\n\t\t\t\t\t\t\t\t\t\t\t\t\t\t\t\t\t<li><span class=\"c-tag\" data-variant=\"outline\">Nyheter<\/span><\/li>\n\t\t\t\t\t\t\t\t\t\t\t\t\t\t\t<\/ul>\n\t\t\t\t\t\t\n\t\t\t\t\t\t<div class=\"c-card__icon\">\n\t\t\t\t\t\t\t\t\t\t\t\t\t\t<svg class=\"ams-icon ams-icon--arrow-right\" width=\"32\" height=\"32\" viewbox=\"0 0 32 32\" fill=\"currentColor\" aria-hidden=\"true\" xmlns=\"http:\/\/www.w3.org\/2000\/svg\">\n\t\t\t\t\t\t\t\t\t\t\t\t\t\t\t\t<path d=\"M15.4617 0.252159L14.9567 0.75931C14.6219 1.09545 14.6219 1.64048 14.9567 1.97669L27.7062 14.7806H0.857144C0.383786 14.7806 0 15.166 0 15.6414V16.3587C0 16.8341 0.383786 17.2195 0.857144 17.2195H27.7062L14.9567 30.0234C14.6219 30.3595 14.6219 30.9045 14.9567 31.2407L15.4617 31.7479C15.7964 32.084 16.3392 32.084 16.6739 31.7479L31.749 16.6087C32.0837 16.2725 32.0837 15.7275 31.749 15.3913L16.6739 0.252159C16.3392 -0.084053 15.7964 -0.084053 15.4617 0.252159Z\"\/>\n\t\t\t\t\t\t\t\n\t\t\t\t\t\t\t<\/svg>\n\t\t\t\t\t\t<\/div>\n\t\t\t\t\t<\/div>\n\n\t\t\t\t\t<div class=\"c-card__media u-radius-rounded\" style=\" \">\n\t\t\t\t\t\t<img decoding=\"async\" width=\"300\" height=\"200\" src=\"https:\/\/procivitas.se\/wp-content\/uploads\/sites\/3\/2023\/10\/procivitas-var-skola-helsingborg-2022-300x200.jpeg\" class=\"attachment-sm size-sm\" alt=\"Elever sitter utanf\u00f6r skolan\" sizes=\"(min-width: 64em) 300px, (min-width: 48em) calc(.50 * (100vw - 224px)), calc(100vw - 160px)\" srcset=\"https:\/\/procivitas.se\/wp-content\/uploads\/sites\/3\/2023\/10\/procivitas-var-skola-helsingborg-2022-300x200.jpeg 300w, https:\/\/procivitas.se\/wp-content\/uploads\/sites\/3\/2023\/10\/procivitas-var-skola-helsingborg-2022-1024x682.jpeg 1024w, https:\/\/procivitas.se\/wp-content\/uploads\/sites\/3\/2023\/10\/procivitas-var-skola-helsingborg-2022-768x512.jpeg 768w, https:\/\/procivitas.se\/wp-content\/uploads\/sites\/3\/2023\/10\/procivitas-var-skola-helsingborg-2022-500x333.jpeg 500w, https:\/\/procivitas.se\/wp-content\/uploads\/sites\/3\/2023\/10\/procivitas-var-skola-helsingborg-2022-340x227.jpeg 340w, https:\/\/procivitas.se\/wp-content\/uploads\/sites\/3\/2023\/10\/procivitas-var-skola-helsingborg-2022-1100x733.jpeg 1100w, https:\/\/procivitas.se\/wp-content\/uploads\/sites\/3\/2023\/10\/procivitas-var-skola-helsingborg-2022-1000x666.jpeg 1000w, https:\/\/procivitas.se\/wp-content\/uploads\/sites\/3\/2023\/10\/procivitas-var-skola-helsingborg-2022-1200x800.jpeg 1200w, https:\/\/procivitas.se\/wp-content\/uploads\/sites\/3\/2023\/10\/procivitas-var-skola-helsingborg-2022-600x400.jpeg 600w, https:\/\/procivitas.se\/wp-content\/uploads\/sites\/3\/2023\/10\/procivitas-var-skola-helsingborg-2022-400x267.jpeg 400w, https:\/\/procivitas.se\/wp-content\/uploads\/sites\/3\/2023\/10\/procivitas-var-skola-helsingborg-2022.jpeg 1280w\" \/>\n\t\t\t\t\t<\/div>\n\t\t\t\t<\/article>\n\t\t\t<\/li>\n\t\t\t\t\t\t\t\t\t\t\t\t\t\t\t\t\t\n\t\t\t\n\t\t\t\n\t\t\t<li class=\"l-col-6@md l-col-4@lg \" data-filter=\"nyheter december-2023\">\n\t\t\t\t<article class=\"c-card  has-media-zoom  \" data-variant=\"neutral\" data-style=\"square\" data-click-area>\n\t\t\t\t\t<div class=\"c-card__content l-stack l-stack-sm\">\n\n\t\t\t\t\t\t\t\t\t\t\t\t\t<time class=\"c-card__date u-font-small\" datetime=\"2023-12-07\">7 december 2023<\/time>\n\t\t\t\t\t\t\n\t\t\t\t\t\t\t\t\t\t\t\t\t<h3 class=\"c-card__title u-font-title-3\">\n\t\t\t\t\t\t\t\t\t\t\t\t\t\t\t\t\t<a class=\"c-card__link\" href=\"https:\/\/procivitas.se\/helsingborg\/nyheter\/basta-gymnasieskolan-i-helsingborg\/\">\n\t\t\t\t\t\t\t\t\t\tProCivitas b\u00e4sta gymnasieskola i Helsingborg\n\t\t\t\t\t\t\t\t\t<\/a>\n\t\t\t\t\t\t\t\t\t\t\t\t\t\t\t<\/h3>\n\t\t\t\t\t\t\n\t\t\t\t\t\t\t\t\t\t\t\t\t<p class=\"c-card__text l-stack-xs u-font-body\">\n\t\t\t\t\t\t\t\tProCivitas Helsingborg \u00e4r stans b\u00e4sta gymnasieskola och den tredje b\u00e4sta i Sk\u00e5ne&#8230;\n\t\t\t\t\t\t\t<\/p>\n\t\t\t\t\t\t\n\t\t\t\t\t\t\t\t\t\t\t\t\t<ul class=\"c-card__tags l-stack-grow u-list-none u-pt-md\" aria-label=\"Kategorier\">\n\t\t\t\t\t\t\t\t\t\t\t\t\t\t\t\t\t<li><span class=\"c-tag\" data-variant=\"outline\">Nyheter<\/span><\/li>\n\t\t\t\t\t\t\t\t\t\t\t\t\t\t\t<\/ul>\n\t\t\t\t\t\t\n\t\t\t\t\t\t<div class=\"c-card__icon\">\n\t\t\t\t\t\t\t\t\t\t\t\t\t\t<svg class=\"ams-icon ams-icon--arrow-right\" width=\"32\" height=\"32\" viewbox=\"0 0 32 32\" fill=\"currentColor\" aria-hidden=\"true\" xmlns=\"http:\/\/www.w3.org\/2000\/svg\">\n\t\t\t\t\t\t\t\t\t\t\t\t\t\t\t\t<path d=\"M15.4617 0.252159L14.9567 0.75931C14.6219 1.09545 14.6219 1.64048 14.9567 1.97669L27.7062 14.7806H0.857144C0.383786 14.7806 0 15.166 0 15.6414V16.3587C0 16.8341 0.383786 17.2195 0.857144 17.2195H27.7062L14.9567 30.0234C14.6219 30.3595 14.6219 30.9045 14.9567 31.2407L15.4617 31.7479C15.7964 32.084 16.3392 32.084 16.6739 31.7479L31.749 16.6087C32.0837 16.2725 32.0837 15.7275 31.749 15.3913L16.6739 0.252159C16.3392 -0.084053 15.7964 -0.084053 15.4617 0.252159Z\"\/>\n\t\t\t\t\t\t\t\n\t\t\t\t\t\t\t<\/svg>\n\t\t\t\t\t\t<\/div>\n\t\t\t\t\t<\/div>\n\n\t\t\t\t\t<div class=\"c-card__media u-radius-rounded\" style=\" \">\n\t\t\t\t\t\t<img decoding=\"async\" width=\"400\" height=\"267\" src=\"https:\/\/procivitas.se\/wp-content\/uploads\/sites\/3\/2023\/03\/pro-elevhalsa-helsingborg-2022-400x267.jpeg\" class=\"attachment-sm size-sm\" alt=\"Elever umg\u00e5s i skolans gemensamma lokaler\" sizes=\"(min-width: 64em) 300px, (min-width: 48em) calc(.50 * (100vw - 224px)), calc(100vw - 160px)\" srcset=\"https:\/\/procivitas.se\/wp-content\/uploads\/sites\/3\/2023\/03\/pro-elevhalsa-helsingborg-2022-400x267.jpeg 400w, https:\/\/procivitas.se\/wp-content\/uploads\/sites\/3\/2023\/03\/pro-elevhalsa-helsingborg-2022-300x200.jpeg 300w, https:\/\/procivitas.se\/wp-content\/uploads\/sites\/3\/2023\/03\/pro-elevhalsa-helsingborg-2022-600x400.jpeg 600w, https:\/\/procivitas.se\/wp-content\/uploads\/sites\/3\/2023\/03\/pro-elevhalsa-helsingborg-2022-800x533.jpeg 800w, https:\/\/procivitas.se\/wp-content\/uploads\/sites\/3\/2023\/03\/pro-elevhalsa-helsingborg-2022-1024x682.jpeg 1024w, https:\/\/procivitas.se\/wp-content\/uploads\/sites\/3\/2023\/03\/pro-elevhalsa-helsingborg-2022-1200x800.jpeg 1200w, https:\/\/procivitas.se\/wp-content\/uploads\/sites\/3\/2023\/03\/pro-elevhalsa-helsingborg-2022.jpeg 1280w\" \/>\n\t\t\t\t\t<\/div>\n\t\t\t\t<\/article>\n\t\t\t<\/li>\n\t\t\t\t\t\t\t\t\t\t\t\t\t\t\t\t\t\n\t\t\t\n\t\t\t\n\t\t\t<li class=\"l-col-6@md l-col-4@lg \" data-filter=\"elevintervjuer oktober-2023\">\n\t\t\t\t<article class=\"c-card  has-media-zoom  \" data-variant=\"neutral\" data-style=\"square\" data-click-area>\n\t\t\t\t\t<div class=\"c-card__content l-stack l-stack-sm\">\n\n\t\t\t\t\t\t\t\t\t\t\t\t\t<time class=\"c-card__date u-font-small\" datetime=\"2023-10-30\">30 oktober 2023<\/time>\n\t\t\t\t\t\t\n\t\t\t\t\t\t\t\t\t\t\t\t\t<h3 class=\"c-card__title u-font-title-3\">\n\t\t\t\t\t\t\t\t\t\t\t\t\t\t\t\t\t<a class=\"c-card__link\" href=\"https:\/\/procivitas.se\/helsingborg\/nyheter\/intervju-med-elevkaren-2\/\">\n\t\t\t\t\t\t\t\t\t\tDet h\u00e4r g\u00f6r elevk\u00e5ren \n\t\t\t\t\t\t\t\t\t<\/a>\n\t\t\t\t\t\t\t\t\t\t\t\t\t\t\t<\/h3>\n\t\t\t\t\t\t\n\t\t\t\t\t\t\t\t\t\t\t\t\t<p class=\"c-card__text l-stack-xs u-font-body\">\n\t\t\t\t\t\t\t\tL\u00e4s mer om elevk\u00e5rens inflytande p\u00e5 skolan. \n\t\t\t\t\t\t\t<\/p>\n\t\t\t\t\t\t\n\t\t\t\t\t\t\t\t\t\t\t\t\t<ul class=\"c-card__tags l-stack-grow u-list-none u-pt-md\" aria-label=\"Kategorier\">\n\t\t\t\t\t\t\t\t\t\t\t\t\t\t\t\t\t<li><span class=\"c-tag\" data-variant=\"outline\">Elevintervjuer<\/span><\/li>\n\t\t\t\t\t\t\t\t\t\t\t\t\t\t\t<\/ul>\n\t\t\t\t\t\t\n\t\t\t\t\t\t<div class=\"c-card__icon\">\n\t\t\t\t\t\t\t\t\t\t\t\t\t\t<svg class=\"ams-icon ams-icon--arrow-right\" width=\"32\" height=\"32\" viewbox=\"0 0 32 32\" fill=\"currentColor\" aria-hidden=\"true\" xmlns=\"http:\/\/www.w3.org\/2000\/svg\">\n\t\t\t\t\t\t\t\t\t\t\t\t\t\t\t\t<path d=\"M15.4617 0.252159L14.9567 0.75931C14.6219 1.09545 14.6219 1.64048 14.9567 1.97669L27.7062 14.7806H0.857144C0.383786 14.7806 0 15.166 0 15.6414V16.3587C0 16.8341 0.383786 17.2195 0.857144 17.2195H27.7062L14.9567 30.0234C14.6219 30.3595 14.6219 30.9045 14.9567 31.2407L15.4617 31.7479C15.7964 32.084 16.3392 32.084 16.6739 31.7479L31.749 16.6087C32.0837 16.2725 32.0837 15.7275 31.749 15.3913L16.6739 0.252159C16.3392 -0.084053 15.7964 -0.084053 15.4617 0.252159Z\"\/>\n\t\t\t\t\t\t\t\n\t\t\t\t\t\t\t<\/svg>\n\t\t\t\t\t\t<\/div>\n\t\t\t\t\t<\/div>\n\n\t\t\t\t\t<div class=\"c-card__media u-radius-rounded\" style=\" \">\n\t\t\t\t\t\t<img decoding=\"async\" width=\"400\" height=\"600\" src=\"https:\/\/procivitas.se\/wp-content\/uploads\/sites\/3\/2023\/10\/pro-elevkar-helsingborg-400x600.jpeg\" class=\"attachment-sm size-sm\" alt=\"Gruppbild p\u00e5 elevk\u00e5rens styrelse\" sizes=\"(min-width: 64em) 300px, (min-width: 48em) calc(.50 * (100vw - 224px)), calc(100vw - 160px)\" srcset=\"https:\/\/procivitas.se\/wp-content\/uploads\/sites\/3\/2023\/10\/pro-elevkar-helsingborg-400x600.jpeg 400w, https:\/\/procivitas.se\/wp-content\/uploads\/sites\/3\/2023\/10\/pro-elevkar-helsingborg-300x450.jpeg 300w, https:\/\/procivitas.se\/wp-content\/uploads\/sites\/3\/2023\/10\/pro-elevkar-helsingborg-600x900.jpeg 600w, https:\/\/procivitas.se\/wp-content\/uploads\/sites\/3\/2023\/10\/pro-elevkar-helsingborg-800x1200.jpeg 800w, https:\/\/procivitas.se\/wp-content\/uploads\/sites\/3\/2023\/10\/pro-elevkar-helsingborg.jpeg 853w\" \/>\n\t\t\t\t\t<\/div>\n\t\t\t\t<\/article>\n\t\t\t<\/li>\n\t\t\t\t\t\t\t\t\t\t\t\t\t\t\t\t\t\n\t\t\t\n\t\t\t\n\t\t\t<li class=\"l-col-6@md l-col-4@lg \" data-filter=\"nyheter oktober-2023\">\n\t\t\t\t<article class=\"c-card  has-media-zoom  \" data-variant=\"neutral\" data-style=\"square\" data-click-area>\n\t\t\t\t\t<div class=\"c-card__content l-stack l-stack-sm\">\n\n\t\t\t\t\t\t\t\t\t\t\t\t\t<time class=\"c-card__date u-font-small\" datetime=\"2023-10-27\">27 oktober 2023<\/time>\n\t\t\t\t\t\t\n\t\t\t\t\t\t\t\t\t\t\t\t\t<h3 class=\"c-card__title u-font-title-3\">\n\t\t\t\t\t\t\t\t\t\t\t\t\t\t\t\t\t<a class=\"c-card__link\" href=\"https:\/\/procivitas.se\/helsingborg\/nyheter\/julmarknad-3-12\/\">\n\t\t\t\t\t\t\t\t\t\tJulmarknad 3\/12\n\t\t\t\t\t\t\t\t\t<\/a>\n\t\t\t\t\t\t\t\t\t\t\t\t\t\t\t<\/h3>\n\t\t\t\t\t\t\n\t\t\t\t\t\t\t\t\t\t\t\t\t<p class=\"c-card__text l-stack-xs u-font-body\">\n\t\t\t\t\t\t\t\tVi vill bjuda in dig till ProCivitas \u00e5rliga julmarknad s\u00f6ndagen den 3 december!\r\n\r\n\n\t\t\t\t\t\t\t<\/p>\n\t\t\t\t\t\t\n\t\t\t\t\t\t\t\t\t\t\t\t\t<ul class=\"c-card__tags l-stack-grow u-list-none u-pt-md\" aria-label=\"Kategorier\">\n\t\t\t\t\t\t\t\t\t\t\t\t\t\t\t\t\t<li><span class=\"c-tag\" data-variant=\"outline\">Nyheter<\/span><\/li>\n\t\t\t\t\t\t\t\t\t\t\t\t\t\t\t<\/ul>\n\t\t\t\t\t\t\n\t\t\t\t\t\t<div class=\"c-card__icon\">\n\t\t\t\t\t\t\t\t\t\t\t\t\t\t<svg class=\"ams-icon ams-icon--arrow-right\" width=\"32\" height=\"32\" viewbox=\"0 0 32 32\" fill=\"currentColor\" aria-hidden=\"true\" xmlns=\"http:\/\/www.w3.org\/2000\/svg\">\n\t\t\t\t\t\t\t\t\t\t\t\t\t\t\t\t<path d=\"M15.4617 0.252159L14.9567 0.75931C14.6219 1.09545 14.6219 1.64048 14.9567 1.97669L27.7062 14.7806H0.857144C0.383786 14.7806 0 15.166 0 15.6414V16.3587C0 16.8341 0.383786 17.2195 0.857144 17.2195H27.7062L14.9567 30.0234C14.6219 30.3595 14.6219 30.9045 14.9567 31.2407L15.4617 31.7479C15.7964 32.084 16.3392 32.084 16.6739 31.7479L31.749 16.6087C32.0837 16.2725 32.0837 15.7275 31.749 15.3913L16.6739 0.252159C16.3392 -0.084053 15.7964 -0.084053 15.4617 0.252159Z\"\/>\n\t\t\t\t\t\t\t\n\t\t\t\t\t\t\t<\/svg>\n\t\t\t\t\t\t<\/div>\n\t\t\t\t\t<\/div>\n\n\t\t\t\t\t<div class=\"c-card__media u-radius-rounded\" style=\" \">\n\t\t\t\t\t\t<img decoding=\"async\" width=\"400\" height=\"267\" src=\"https:\/\/procivitas.se\/wp-content\/uploads\/sites\/3\/2023\/10\/pro-samsam-2022-400x267.jpeg\" class=\"attachment-sm size-sm\" alt=\"Tv\u00e5 elever i ett klassrum\" sizes=\"(min-width: 64em) 300px, (min-width: 48em) calc(.50 * (100vw - 224px)), calc(100vw - 160px)\" srcset=\"https:\/\/procivitas.se\/wp-content\/uploads\/sites\/3\/2023\/10\/pro-samsam-2022-400x267.jpeg 400w, https:\/\/procivitas.se\/wp-content\/uploads\/sites\/3\/2023\/10\/pro-samsam-2022-300x200.jpeg 300w, https:\/\/procivitas.se\/wp-content\/uploads\/sites\/3\/2023\/10\/pro-samsam-2022-600x400.jpeg 600w, https:\/\/procivitas.se\/wp-content\/uploads\/sites\/3\/2023\/10\/pro-samsam-2022-800x533.jpeg 800w, https:\/\/procivitas.se\/wp-content\/uploads\/sites\/3\/2023\/10\/pro-samsam-2022-1024x682.jpeg 1024w, https:\/\/procivitas.se\/wp-content\/uploads\/sites\/3\/2023\/10\/pro-samsam-2022-1200x800.jpeg 1200w, https:\/\/procivitas.se\/wp-content\/uploads\/sites\/3\/2023\/10\/pro-samsam-2022.jpeg 1280w\" \/>\n\t\t\t\t\t<\/div>\n\t\t\t\t<\/article>\n\t\t\t<\/li>\n\t\t\t\t\t\t\t\t\t\t\t\t\t\t\t\t\t\n\t\t\t\n\t\t\t\n\t\t\t<li class=\"l-col-6@md l-col-4@lg \" data-filter=\"elevintervjuer oktober-2023\">\n\t\t\t\t<article class=\"c-card  has-media-zoom  \" data-variant=\"neutral\" data-style=\"square\" data-click-area>\n\t\t\t\t\t<div class=\"c-card__content l-stack l-stack-sm\">\n\n\t\t\t\t\t\t\t\t\t\t\t\t\t<time class=\"c-card__date u-font-small\" datetime=\"2023-10-19\">19 oktober 2023<\/time>\n\t\t\t\t\t\t\n\t\t\t\t\t\t\t\t\t\t\t\t\t<h3 class=\"c-card__title u-font-title-3\">\n\t\t\t\t\t\t\t\t\t\t\t\t\t\t\t\t\t<a class=\"c-card__link\" href=\"https:\/\/procivitas.se\/helsingborg\/nyheter\/intervju-med-elevkaren\/\">\n\t\t\t\t\t\t\t\t\t\tIntervju med elevk\u00e5ren\n\t\t\t\t\t\t\t\t\t<\/a>\n\t\t\t\t\t\t\t\t\t\t\t\t\t\t\t<\/h3>\n\t\t\t\t\t\t\n\t\t\t\t\t\t\t\t\t\t\t\t\t<p class=\"c-card__text l-stack-xs u-font-body\">\n\t\t\t\t\t\t\t\tV\u00e5r elevk\u00e5rsordf\u00f6rande Celina och ekonomiansvarig Viggo ber\u00e4ttar om deras arbete f\u00f6r att ge dig som elev den b\u00e4sta gymnasietiden.\n\t\t\t\t\t\t\t<\/p>\n\t\t\t\t\t\t\n\t\t\t\t\t\t\t\t\t\t\t\t\t<ul class=\"c-card__tags l-stack-grow u-list-none u-pt-md\" aria-label=\"Kategorier\">\n\t\t\t\t\t\t\t\t\t\t\t\t\t\t\t\t\t<li><span class=\"c-tag\" data-variant=\"outline\">Elevintervjuer<\/span><\/li>\n\t\t\t\t\t\t\t\t\t\t\t\t\t\t\t<\/ul>\n\t\t\t\t\t\t\n\t\t\t\t\t\t<div class=\"c-card__icon\">\n\t\t\t\t\t\t\t\t\t\t\t\t\t\t<svg class=\"ams-icon ams-icon--arrow-right\" width=\"32\" height=\"32\" viewbox=\"0 0 32 32\" fill=\"currentColor\" aria-hidden=\"true\" xmlns=\"http:\/\/www.w3.org\/2000\/svg\">\n\t\t\t\t\t\t\t\t\t\t\t\t\t\t\t\t<path d=\"M15.4617 0.252159L14.9567 0.75931C14.6219 1.09545 14.6219 1.64048 14.9567 1.97669L27.7062 14.7806H0.857144C0.383786 14.7806 0 15.166 0 15.6414V16.3587C0 16.8341 0.383786 17.2195 0.857144 17.2195H27.7062L14.9567 30.0234C14.6219 30.3595 14.6219 30.9045 14.9567 31.2407L15.4617 31.7479C15.7964 32.084 16.3392 32.084 16.6739 31.7479L31.749 16.6087C32.0837 16.2725 32.0837 15.7275 31.749 15.3913L16.6739 0.252159C16.3392 -0.084053 15.7964 -0.084053 15.4617 0.252159Z\"\/>\n\t\t\t\t\t\t\t\n\t\t\t\t\t\t\t<\/svg>\n\t\t\t\t\t\t<\/div>\n\t\t\t\t\t<\/div>\n\n\t\t\t\t\t<div class=\"c-card__media u-radius-rounded\" style=\" \">\n\t\t\t\t\t\t<img decoding=\"async\" width=\"400\" height=\"310\" src=\"https:\/\/procivitas.se\/wp-content\/uploads\/sites\/3\/2023\/10\/procivitas-elevkar-helsingborg-400x310.jpeg\" class=\"attachment-sm size-sm\" alt=\"Portr\u00e4ttbild p\u00e5 tv\u00e5 ur elevk\u00e5ren\" sizes=\"(min-width: 64em) 300px, (min-width: 48em) calc(.50 * (100vw - 224px)), calc(100vw - 160px)\" srcset=\"https:\/\/procivitas.se\/wp-content\/uploads\/sites\/3\/2023\/10\/procivitas-elevkar-helsingborg-400x310.jpeg 400w, https:\/\/procivitas.se\/wp-content\/uploads\/sites\/3\/2023\/10\/procivitas-elevkar-helsingborg-300x233.jpeg 300w, https:\/\/procivitas.se\/wp-content\/uploads\/sites\/3\/2023\/10\/procivitas-elevkar-helsingborg-600x465.jpeg 600w, https:\/\/procivitas.se\/wp-content\/uploads\/sites\/3\/2023\/10\/procivitas-elevkar-helsingborg-800x620.jpeg 800w, https:\/\/procivitas.se\/wp-content\/uploads\/sites\/3\/2023\/10\/procivitas-elevkar-helsingborg-1024x794.jpeg 1024w, https:\/\/procivitas.se\/wp-content\/uploads\/sites\/3\/2023\/10\/procivitas-elevkar-helsingborg-1200x930.jpeg 1200w, https:\/\/procivitas.se\/wp-content\/uploads\/sites\/3\/2023\/10\/procivitas-elevkar-helsingborg.jpeg 1708w\" \/>\n\t\t\t\t\t<\/div>\n\t\t\t\t<\/article>\n\t\t\t<\/li>\n\t\t\t<\/ul>\n\n\t<div class=\"no-results u-mt-0 u-hide\" data-filter-fallback-id=\"ams-article-list-69f1a7960c535\">\n\t<p>Det finns inga resultat som matchar din filtrering.<\/p>\n<\/div>\n\n\t\n\n\t\t\n\t\t\t<\/div>\n\n\t\t\n\n<\/section>\n","protected":false},"template":"","article_category":[5],"yoast_head":"<!-- This site is optimized with the Yoast SEO plugin v22.0 - https:\/\/yoast.com\/wordpress\/plugins\/seo\/ -->\n<title>B\u00e4sta gymnasieskolan i Helsingborg - ProCivitas Helsingborg<\/title>\n<meta name=\"description\" content=\"ProCivitas Helsingborg \u00e4r stans b\u00e4sta gymnasieskola och den tredje b\u00e4sta i Sk\u00e5ne enligt en oberoende ranking gjord av f\u00f6retaget Ednia.\" \/>\n<meta name=\"robots\" content=\"index, follow, max-snippet:-1, max-image-preview:large, max-video-preview:-1\" \/>\n<link rel=\"canonical\" href=\"https:\/\/procivitas.se\/helsingborg\/nyheter\/basta-gymnasieskolan-i-helsingborg\/\" \/>\n<meta property=\"og:locale\" content=\"sv_SE\" \/>\n<meta property=\"og:type\" content=\"article\" \/>\n<meta property=\"og:title\" content=\"B\u00e4sta gymnasieskolan i Helsingborg - ProCivitas Helsingborg\" \/>\n<meta property=\"og:description\" content=\"ProCivitas Helsingborg \u00e4r stans b\u00e4sta gymnasieskola och den tredje b\u00e4sta i Sk\u00e5ne enligt en oberoende ranking gjord av f\u00f6retaget Ednia.\" \/>\n<meta property=\"og:url\" content=\"https:\/\/procivitas.se\/helsingborg\/nyheter\/basta-gymnasieskolan-i-helsingborg\/\" \/>\n<meta property=\"og:site_name\" content=\"Helsingborg\" \/>\n<meta property=\"article:modified_time\" content=\"2024-02-01T15:00:31+00:00\" \/>\n<meta name=\"twitter:card\" content=\"summary_large_image\" \/>\n<meta name=\"twitter:title\" content=\"B\u00e4sta gymnasieskolan i Helsingborg - ProCivitas Helsingborg\" \/>\n<meta name=\"twitter:description\" content=\"ProCivitas Helsingborg \u00e4r stans b\u00e4sta gymnasieskola och den tredje b\u00e4sta i Sk\u00e5ne enligt en oberoende ranking gjord av f\u00f6retaget Ednia.\" \/>\n<meta name=\"twitter:label1\" content=\"Est. reading time\" \/>\n\t<meta name=\"twitter:data1\" content=\"2 minuter\" \/>\n<script type=\"application\/ld+json\" class=\"yoast-schema-graph\">{\"@context\":\"https:\/\/schema.org\",\"@graph\":[{\"@type\":\"WebPage\",\"@id\":\"https:\/\/procivitas.se\/helsingborg\/nyheter\/basta-gymnasieskolan-i-helsingborg\/\",\"url\":\"https:\/\/procivitas.se\/helsingborg\/nyheter\/basta-gymnasieskolan-i-helsingborg\/\",\"name\":\"B\u00e4sta gymnasieskolan i Helsingborg - ProCivitas Helsingborg\",\"isPartOf\":{\"@id\":\"https:\/\/procivitas.se\/helsingborg\/#website\"},\"datePublished\":\"2023-12-07T07:51:20+00:00\",\"dateModified\":\"2024-02-01T15:00:31+00:00\",\"description\":\"ProCivitas Helsingborg \u00e4r stans b\u00e4sta gymnasieskola och den tredje b\u00e4sta i Sk\u00e5ne enligt en oberoende ranking gjord av f\u00f6retaget Ednia.\",\"breadcrumb\":{\"@id\":\"https:\/\/procivitas.se\/helsingborg\/nyheter\/basta-gymnasieskolan-i-helsingborg\/#breadcrumb\"},\"inLanguage\":\"sv-SE\",\"potentialAction\":[{\"@type\":\"ReadAction\",\"target\":[\"https:\/\/procivitas.se\/helsingborg\/nyheter\/basta-gymnasieskolan-i-helsingborg\/\"]}]},{\"@type\":\"BreadcrumbList\",\"@id\":\"https:\/\/procivitas.se\/helsingborg\/nyheter\/basta-gymnasieskolan-i-helsingborg\/#breadcrumb\",\"itemListElement\":[{\"@type\":\"ListItem\",\"position\":1,\"name\":\"Start\",\"item\":\"https:\/\/procivitas.se\/helsingborg\"},{\"@type\":\"ListItem\",\"position\":2,\"name\":\"Nyheter\"}]},{\"@type\":\"WebSite\",\"@id\":\"https:\/\/procivitas.se\/helsingborg\/#website\",\"url\":\"https:\/\/procivitas.se\/helsingborg\/\",\"name\":\"Helsingborg\",\"description\":\"Just another WordPress site\",\"potentialAction\":[{\"@type\":\"SearchAction\",\"target\":{\"@type\":\"EntryPoint\",\"urlTemplate\":\"https:\/\/procivitas.se\/helsingborg\/?s={search_term_string}\"},\"query-input\":\"required name=search_term_string\"}],\"inLanguage\":\"sv-SE\"}]}<\/script>\n<!-- \/ Yoast SEO plugin. -->","yoast_head_json":{"title":"B\u00e4sta gymnasieskolan i Helsingborg - ProCivitas Helsingborg","description":"ProCivitas Helsingborg \u00e4r stans b\u00e4sta gymnasieskola och den tredje b\u00e4sta i Sk\u00e5ne enligt en oberoende ranking gjord av f\u00f6retaget Ednia.","robots":{"index":"index","follow":"follow","max-snippet":"max-snippet:-1","max-image-preview":"max-image-preview:large","max-video-preview":"max-video-preview:-1"},"canonical":"https:\/\/procivitas.se\/helsingborg\/nyheter\/basta-gymnasieskolan-i-helsingborg\/","og_locale":"sv_SE","og_type":"article","og_title":"B\u00e4sta gymnasieskolan i Helsingborg - ProCivitas Helsingborg","og_description":"ProCivitas Helsingborg \u00e4r stans b\u00e4sta gymnasieskola och den tredje b\u00e4sta i Sk\u00e5ne enligt en oberoende ranking gjord av f\u00f6retaget Ednia.","og_url":"https:\/\/procivitas.se\/helsingborg\/nyheter\/basta-gymnasieskolan-i-helsingborg\/","og_site_name":"Helsingborg","article_modified_time":"2024-02-01T15:00:31+00:00","twitter_card":"summary_large_image","twitter_title":"B\u00e4sta gymnasieskolan i Helsingborg - ProCivitas Helsingborg","twitter_description":"ProCivitas Helsingborg \u00e4r stans b\u00e4sta gymnasieskola och den tredje b\u00e4sta i Sk\u00e5ne enligt en oberoende ranking gjord av f\u00f6retaget Ednia.","twitter_misc":{"Est. reading time":"2 minuter"},"schema":{"@context":"https:\/\/schema.org","@graph":[{"@type":"WebPage","@id":"https:\/\/procivitas.se\/helsingborg\/nyheter\/basta-gymnasieskolan-i-helsingborg\/","url":"https:\/\/procivitas.se\/helsingborg\/nyheter\/basta-gymnasieskolan-i-helsingborg\/","name":"B\u00e4sta gymnasieskolan i Helsingborg - ProCivitas Helsingborg","isPartOf":{"@id":"https:\/\/procivitas.se\/helsingborg\/#website"},"datePublished":"2023-12-07T07:51:20+00:00","dateModified":"2024-02-01T15:00:31+00:00","description":"ProCivitas Helsingborg \u00e4r stans b\u00e4sta gymnasieskola och den tredje b\u00e4sta i Sk\u00e5ne enligt en oberoende ranking gjord av f\u00f6retaget Ednia.","breadcrumb":{"@id":"https:\/\/procivitas.se\/helsingborg\/nyheter\/basta-gymnasieskolan-i-helsingborg\/#breadcrumb"},"inLanguage":"sv-SE","potentialAction":[{"@type":"ReadAction","target":["https:\/\/procivitas.se\/helsingborg\/nyheter\/basta-gymnasieskolan-i-helsingborg\/"]}]},{"@type":"BreadcrumbList","@id":"https:\/\/procivitas.se\/helsingborg\/nyheter\/basta-gymnasieskolan-i-helsingborg\/#breadcrumb","itemListElement":[{"@type":"ListItem","position":1,"name":"Start","item":"https:\/\/procivitas.se\/helsingborg"},{"@type":"ListItem","position":2,"name":"Nyheter"}]},{"@type":"WebSite","@id":"https:\/\/procivitas.se\/helsingborg\/#website","url":"https:\/\/procivitas.se\/helsingborg\/","name":"Helsingborg","description":"Just another WordPress site","potentialAction":[{"@type":"SearchAction","target":{"@type":"EntryPoint","urlTemplate":"https:\/\/procivitas.se\/helsingborg\/?s={search_term_string}"},"query-input":"required name=search_term_string"}],"inLanguage":"sv-SE"}]}},"_links":{"self":[{"href":"https:\/\/procivitas.se\/helsingborg\/wp-json\/wp\/v2\/article\/2772"}],"collection":[{"href":"https:\/\/procivitas.se\/helsingborg\/wp-json\/wp\/v2\/article"}],"about":[{"href":"https:\/\/procivitas.se\/helsingborg\/wp-json\/wp\/v2\/types\/article"}],"wp:attachment":[{"href":"https:\/\/procivitas.se\/helsingborg\/wp-json\/wp\/v2\/media?parent=2772"}],"wp:term":[{"taxonomy":"article_category","embeddable":true,"href":"https:\/\/procivitas.se\/helsingborg\/wp-json\/wp\/v2\/article_category?post=2772"}],"curies":[{"name":"wp","href":"https:\/\/api.w.org\/{rel}","templated":true}]}}