{"id":1996,"date":"2023-10-30T10:06:43","date_gmt":"2023-10-30T09:06:43","guid":{"rendered":"https:\/\/procivitas.se\/lund\/?post_type=article&#038;p=1996"},"modified":"2024-02-02T10:27:57","modified_gmt":"2024-02-02T09:27:57","slug":"elliot-wigg-ordforande-i-elevkaren","status":"publish","type":"article","link":"https:\/\/procivitas.se\/lund\/nyheter\/elliot-wigg-ordforande-i-elevkaren\/","title":{"rendered":"Elliot Wigg \u2013 Ordf\u00f6rande i Elevk\u00e5ren"},"content":{"rendered":"\n<div class=\"wp-block-columns is-layout-flex wp-container-core-columns-layout-1 wp-block-columns-is-layout-flex\">\n<div class=\"wp-block-column is-layout-flow wp-block-column-is-layout-flow\" style=\"flex-basis:90%\">\t<div\n\t\t class=\"module_wrapper container-fluid images-module\" >\n\t\t<div class=\"row\">\n\t\t\t<div\n\t\t\t\t\tclass=\"col-12 m-0 p-0 position-relative images_module__slideshow images_module__slideshow-container module-expand \">\n\n\t\t\t\t<div class=\"images_module__slide \" data-slide=\"\"\n\t\t\t\t\t data-duration=\"\"><\/div>\n\t\t\t\t\t\t\t\t\t<div\n\t\t\t\t\t\t class=\"images_module__slides \">\n\n\n\t\t\t\t\t\t<div class=\"images__wrapper\"\n\t\t\t\t\t\t\t style=\"aspect-ratio: 851 \/ 531;\">\n\t\t\t\t\t\t\t<img decoding=\"async\" width=\"853\" height=\"700\" src=\"https:\/\/procivitas.se\/wp-content\/uploads\/sites\/5\/2023\/10\/elliott-wigg-e1698656865598.jpeg\" class=\"images__image_ratio  \" alt=\"Personportr\u00e4tt\" style=\"aspect-ratio: 851 \/ 531;object-position: center center;\" srcset=\"https:\/\/procivitas.se\/wp-content\/uploads\/sites\/5\/2023\/10\/elliott-wigg-e1698656865598.jpeg 853w, https:\/\/procivitas.se\/wp-content\/uploads\/sites\/5\/2023\/10\/elliott-wigg-e1698656865598-300x246.jpeg 300w, https:\/\/procivitas.se\/wp-content\/uploads\/sites\/5\/2023\/10\/elliott-wigg-e1698656865598-400x328.jpeg 400w, https:\/\/procivitas.se\/wp-content\/uploads\/sites\/5\/2023\/10\/elliott-wigg-e1698656865598-600x492.jpeg 600w, https:\/\/procivitas.se\/wp-content\/uploads\/sites\/5\/2023\/10\/elliott-wigg-e1698656865598-800x657.jpeg 800w\" sizes=\"(max-width: 853px) 100vw, 853px\" \/>\t\t\t\t\t\t<\/div>\n\n\t\t\t\t\t\t\n\t\t\t\t\t\t\t\t\t\t\t<\/div>\n\t\t\t\t\n\t\t\t\t<div class=\"images_module__container_dot \">\n\t\t\t\t\t<div style=\"text-align:center\">\n\t\t\t\t\t\t\t\t\t\t\t\t\t<span   data-i=\"0\"\n\t\t\t\t\t\t\t\t  class=\"images_module__dot\n\t\t\t\t\t\t\t\t\t\t\t\t\t  \"><\/span>\n\t\t\t\t\t\t\t\t\t\t\t<\/div>\n\t\t\t\t<\/div>\n\n\t\t\t<\/div>\n\t\t<\/div>\n\t<\/div>\n\n\n\t\n\n\n<script>\n\tvar images_display_descriptive_text = \"\";\n<\/script>\n<\/div>\n\n\n\n<div class=\"wp-block-column is-layout-flow wp-block-column-is-layout-flow\" style=\"flex-basis:5%\"><\/div>\n<\/div>\n\n\n\n<div class=\"wp-block-columns is-layout-flex wp-container-core-columns-layout-2 wp-block-columns-is-layout-flex\">\n<div class=\"wp-block-column is-layout-flow wp-block-column-is-layout-flow\" style=\"flex-basis:15%\"><\/div>\n\n\n\n<div class=\"wp-block-column is-layout-flow wp-block-column-is-layout-flow\" style=\"flex-basis:70%\">\n<h1 class=\"wp-block-heading\">ELLIOT WIGG &#8211; ORDF\u00d6RFANDE I ELEVK\u00c5REN<\/h1>\n\n\n\n<h2 class=\"wp-block-heading\">Varf\u00f6r ville du vara med i elevk\u00e5ren?<\/h2>\n\n\n\n<p>F\u00f6rsta dagen p\u00e5 skolan v\u00e4lkomnades jag av en omh\u00e4ndertagande elevk\u00e5r, redan d\u00e5 best\u00e4mde jag mig f\u00f6r att jag ville s\u00f6ka. Jag ville vara med och skapa en skolmilj\u00f6 pr\u00e4glad av omtanke och delaktighet, d\u00e4r alla elever k\u00e4nner sig sedda, inkluderade och accepterade f\u00f6r den man \u00e4r. Detta b\u00e4r jag med mig varje dag och f\u00f6rs\u00f6ker p\u00e5 b\u00e4sta s\u00e4tt etablera det i v\u00e5r verksamhet.&nbsp;<\/p>\n\n\n\n<h2 class=\"wp-block-heading\">Vad g\u00f6r elevk\u00e5ren?<\/h2>\n\n\n\n<p>Vi vill f\u00f6rgylla vardagen och s\u00e4tta guldkant p\u00e5 tillvaron. Vi bygger broar mellan \u00e5rskurser, ger eleverna olika erfarenheter och framf\u00f6rallt minnen. Det g\u00f6rs exempelvis genom event och uppvakt- ande av traditioner. Vi har \u00e4ven samarbeten med lokala restauranger och f\u00f6retag som ger medlemmarna exklusiva rabatter. Vi \u00e4r en bred verksamhet och erbjuder n\u00e5got som passar alla. Vi vill s\u00e4tta ett leende p\u00e5 allas l\u00e4ppar och g\u00f6ra gymnasietiden till den b\u00e4sta &#8211; fr\u00e5n insparken i ettan, till utspringet i trean! Det finns alltid n\u00e5got roligt att se fram emot.&nbsp;<\/p>\n\n\n\n<h2 class=\"wp-block-heading\">Varf\u00f6r ska man v\u00e4lja ProCivitas Lund?<\/h2>\n\n\n\n<p>Det \u00e4r en skola med en unik, familj\u00e4r st\u00e4mning d\u00e4r alla kan prata med alla &#8211; b\u00e5de elever och l\u00e4rare. Fr\u00e5n dag ett etableras starka v\u00e4nskapsband, l\u00e4rarna hj\u00e4lper g\u00e4rna oss elever och finns alltid tillg\u00e4ngliga. Utbildningarna knyter an till samh\u00e4llet och n\u00e4ringslivet vilket g\u00f6r att man f\u00e5r st\u00f6rre perspektiv och praktisk erfarenhet. Mentorskapsprogrammet och det stora fokuset p\u00e5 UF \u00e4r exempel p\u00e5 detta. \u2013 \u00c4ven skolmaten \u00e4r v\u00e4rd att n\u00e4mna. Under skoldagarna \u00e4r lunchen n\u00e5got man l\u00e4ngtar efter och man blir aldrig besviken! Varje morgon finns det \u00e4ven en frukostbuff\u00e9.<\/p>\n\n\n\n<h2 class=\"wp-block-heading\">Vad \u00e4r ditt b\u00e4sta tips inf\u00f6r gymnasievalet?<\/h2>\n\n\n\n<p>Fastst\u00e4ll vilka f\u00f6rv\u00e4ntningar du har p\u00e5 din gymnasieskola, d\u00e5 blir det l\u00e4ttare att j\u00e4mf\u00f6ra olika skolor. G\u00e5 \u00e4ven in p\u00e5 \u00f6ppna hus och skugga elever, det kommer verkligen att underl\u00e4tta. Det \u00e4r ocks\u00e5 viktigt att v\u00e5ga \u00f6verv\u00e4ga skolor som ens kompisar inte \u00e4r intresserade av. I slut\u00e4ndan \u00e4r gymnasiet ett nytt kapitel i livet d\u00e4r man kommer att spendera tre \u00e5r, d\u00e5 m\u00e5ste man v\u00e4lja fr\u00e5n sitt eget hj\u00e4rta!<\/p>\n<\/div>\n\n\n\n<div class=\"wp-block-column is-layout-flow wp-block-column-is-layout-flow\" style=\"flex-basis:15%\"><\/div>\n<\/div>\n\n\n\n\n\n<section  class=\"ams-article c-block l-stacked heading-decor js-load-more\" data-color-scheme=\"cards\" data-count=\"3\" data-count-mobile=\"2\">\n\t<div class=\"l-container l-stack l-stack-fluid-2xl u-pt-fluid-3xl-6xl u-pb-fluid-3xl-6xl is-center is-center@md\">\n\t\t\t\t\t<div class=\"ams-article__intro l-stack l-stack-lg\">\n\t\t\t\t\t\n\t<h2\n\tclass=\"c-heading u-font-title-1 \"\n\tstyle=\"\">\n\t\t\n\t\t\t\t\tFler nyheter \n\t\t\t\t\n\t<\/h2>\n\n\t\t\t\t\t\t\t<\/div>\n\t\t\n\t\t\t\n\t    \n\t\n\t<ul id=\"ams-article-list-69f589439fd6d\" class=\"ams-article__list l-grid u-gap-2xl u-justify-center js-results \" aria-label=\"Artiklar\" data-filter-animation=\"off\">\n\t\t\t\t\t\t\t\t\t\t\t\t\t\t\t\t\t\n\t\t\t\n\t\t\t\n\t\t\t<li class=\"l-col-6@md l-col-4@lg \" data-filter=\"nyheter september-2025\">\n\t\t\t\t<article class=\"c-card  has-media-zoom has-media-overlay \" data-variant=\"neutral\" data-style=\"square\" data-click-area>\n\t\t\t\t\t<div class=\"c-card__content l-stack l-stack-sm\">\n\n\t\t\t\t\t\t\t\t\t\t\t\t\t<time class=\"c-card__date u-font-small\" datetime=\"2025-09-03\">3 september 2025<\/time>\n\t\t\t\t\t\t\n\t\t\t\t\t\t\t\t\t\t\t\t\t<h3 class=\"c-card__title u-font-title-3\">\n\t\t\t\t\t\t\t\t\t\t\t\t\t\t\t\t\t<a class=\"c-card__link\" href=\"https:\/\/procivitas.se\/lund\/nyheter\/lokal\/studentmossa-till-basta-pris\">\n\t\t\t\t\t\t\t\t\t\tStudentm\u00f6ssa till b\u00e4sta pris\n\t\t\t\t\t\t\t\t\t<\/a>\n\t\t\t\t\t\t\t\t\t\t\t\t\t\t\t<\/h3>\n\t\t\t\t\t\t\n\t\t\t\t\t\t\t\t\t\t\t\t\t<p class=\"c-card__text l-stack-xs u-font-body\">\n\t\t\t\t\t\t\t\tNu kan du som g\u00e5r p\u00e5 en gymnasieskola som tillh\u00f6r AcadeMedia k\u00f6pa din studentm\u00f6ssa till ett extra f\u00f6rm\u00e5nligt pris inf\u00f6r studenten 2026.\u00a0\n\t\t\t\t\t\t\t<\/p>\n\t\t\t\t\t\t\n\t\t\t\t\t\t\t\t\t\t\t\t\t<ul class=\"c-card__tags l-stack-grow u-list-none u-pt-md\" aria-label=\"Kategorier\">\n\t\t\t\t\t\t\t\t\t\t\t\t\t\t\t\t\t<li><span class=\"c-tag\" data-variant=\"outline\">Nyheter<\/span><\/li>\n\t\t\t\t\t\t\t\t\t\t\t\t\t\t\t<\/ul>\n\t\t\t\t\t\t\n\t\t\t\t\t\t<div class=\"c-card__icon\">\n\t\t\t\t\t\t\t\t\t\t\t\t\t\t<svg class=\"ams-icon ams-icon--arrow-right\" width=\"32\" height=\"32\" viewbox=\"0 0 32 32\" fill=\"currentColor\" aria-hidden=\"true\" xmlns=\"http:\/\/www.w3.org\/2000\/svg\">\n\t\t\t\t\t\t\t\t\t\t\t\t\t\t\t\t<path d=\"M15.4617 0.252159L14.9567 0.75931C14.6219 1.09545 14.6219 1.64048 14.9567 1.97669L27.7062 14.7806H0.857144C0.383786 14.7806 0 15.166 0 15.6414V16.3587C0 16.8341 0.383786 17.2195 0.857144 17.2195H27.7062L14.9567 30.0234C14.6219 30.3595 14.6219 30.9045 14.9567 31.2407L15.4617 31.7479C15.7964 32.084 16.3392 32.084 16.6739 31.7479L31.749 16.6087C32.0837 16.2725 32.0837 15.7275 31.749 15.3913L16.6739 0.252159C16.3392 -0.084053 15.7964 -0.084053 15.4617 0.252159Z\"\/>\n\t\t\t\t\t\t\t\n\t\t\t\t\t\t\t<\/svg>\n\t\t\t\t\t\t<\/div>\n\t\t\t\t\t<\/div>\n\n\t\t\t\t\t<div class=\"c-card__media u-radius-rounded\" style=\" --overlay-bg-hover: rgba(8,22,43,0.4);\">\n\t\t\t\t\t\t<img decoding=\"async\" width=\"400\" height=\"267\" src=\"https:\/\/procivitas.se\/wp-content\/uploads\/2025\/09\/procivitas-student-2019-014-webb-400x267.jpg\" class=\"attachment-sm size-sm\" alt=\"Elev med studentm\u00f6ssa p\u00e5 sig.\" sizes=\"(min-width: 64em) 300px, (min-width: 48em) calc(.50 * (100vw - 224px)), calc(100vw - 160px)\" srcset=\"https:\/\/procivitas.se\/wp-content\/uploads\/2025\/09\/procivitas-student-2019-014-webb-400x267.jpg 400w, https:\/\/procivitas.se\/wp-content\/uploads\/2025\/09\/procivitas-student-2019-014-webb-300x200.jpg 300w, https:\/\/procivitas.se\/wp-content\/uploads\/2025\/09\/procivitas-student-2019-014-webb-600x400.jpg 600w, https:\/\/procivitas.se\/wp-content\/uploads\/2025\/09\/procivitas-student-2019-014-webb-800x533.jpg 800w, https:\/\/procivitas.se\/wp-content\/uploads\/2025\/09\/procivitas-student-2019-014-webb-1024x682.jpg 1024w, https:\/\/procivitas.se\/wp-content\/uploads\/2025\/09\/procivitas-student-2019-014-webb-1200x800.jpg 1200w, https:\/\/procivitas.se\/wp-content\/uploads\/2025\/09\/procivitas-student-2019-014-webb.jpg 2000w\" \/>\n\t\t\t\t\t<\/div>\n\t\t\t\t<\/article>\n\t\t\t<\/li>\n\t\t\t\t\t\t\t\t\t\t\t\t\t\t\t\t\t\n\t\t\t\n\t\t\t\n\t\t\t<li class=\"l-col-6@md l-col-4@lg \" data-filter=\"lararintervjuer nyheter juli-2025\">\n\t\t\t\t<article class=\"c-card  has-media-zoom has-media-overlay \" data-variant=\"neutral\" data-style=\"square\" data-click-area>\n\t\t\t\t\t<div class=\"c-card__content l-stack l-stack-sm\">\n\n\t\t\t\t\t\t\t\t\t\t\t\t\t<time class=\"c-card__date u-font-small\" datetime=\"2025-07-11\">11 juli 2025<\/time>\n\t\t\t\t\t\t\n\t\t\t\t\t\t\t\t\t\t\t\t\t<h3 class=\"c-card__title u-font-title-3\">\n\t\t\t\t\t\t\t\t\t\t\t\t\t\t\t\t\t<a class=\"c-card__link\" href=\"https:\/\/procivitas.se\/lund\/nyheter\/anders-hilding-ar-utsedd-till-arets-larare-i-lund\/\">\n\t\t\t\t\t\t\t\t\t\tAnders utsedd till \u00c5rets L\u00e4rare i Lund! \n\t\t\t\t\t\t\t\t\t<\/a>\n\t\t\t\t\t\t\t\t\t\t\t\t\t\t\t<\/h3>\n\t\t\t\t\t\t\n\t\t\t\t\t\t\t\t\t\t\t\t\t<p class=\"c-card__text l-stack-xs u-font-body\">\n\t\t\t\t\t\t\t\tHistoriel\u00e4raren Anders Hilding hos oss p\u00e5 ProCivitas Lund har utsetts till \u00c5rets L\u00e4rare i Lund 2025 av L\u00e4rargalan. Stort grattis Anders! \n\t\t\t\t\t\t\t<\/p>\n\t\t\t\t\t\t\n\t\t\t\t\t\t\t\t\t\t\t\t\t<ul class=\"c-card__tags l-stack-grow u-list-none u-pt-md\" aria-label=\"Kategorier\">\n\t\t\t\t\t\t\t\t\t\t\t\t\t\t\t\t\t<li><span class=\"c-tag\" data-variant=\"outline\">L\u00e4rarintervjuer<\/span><\/li>\n\t\t\t\t\t\t\t\t\t\t\t\t\t\t\t\t\t<li><span class=\"c-tag\" data-variant=\"outline\">Nyheter<\/span><\/li>\n\t\t\t\t\t\t\t\t\t\t\t\t\t\t\t<\/ul>\n\t\t\t\t\t\t\n\t\t\t\t\t\t<div class=\"c-card__icon\">\n\t\t\t\t\t\t\t\t\t\t\t\t\t\t<svg class=\"ams-icon ams-icon--arrow-right\" width=\"32\" height=\"32\" viewbox=\"0 0 32 32\" fill=\"currentColor\" aria-hidden=\"true\" xmlns=\"http:\/\/www.w3.org\/2000\/svg\">\n\t\t\t\t\t\t\t\t\t\t\t\t\t\t\t\t<path d=\"M15.4617 0.252159L14.9567 0.75931C14.6219 1.09545 14.6219 1.64048 14.9567 1.97669L27.7062 14.7806H0.857144C0.383786 14.7806 0 15.166 0 15.6414V16.3587C0 16.8341 0.383786 17.2195 0.857144 17.2195H27.7062L14.9567 30.0234C14.6219 30.3595 14.6219 30.9045 14.9567 31.2407L15.4617 31.7479C15.7964 32.084 16.3392 32.084 16.6739 31.7479L31.749 16.6087C32.0837 16.2725 32.0837 15.7275 31.749 15.3913L16.6739 0.252159C16.3392 -0.084053 15.7964 -0.084053 15.4617 0.252159Z\"\/>\n\t\t\t\t\t\t\t\n\t\t\t\t\t\t\t<\/svg>\n\t\t\t\t\t\t<\/div>\n\t\t\t\t\t<\/div>\n\n\t\t\t\t\t<div class=\"c-card__media u-radius-rounded\" style=\" --overlay-bg-hover: rgba(8,22,43,0.4);\">\n\t\t\t\t\t\t<img decoding=\"async\" width=\"400\" height=\"423\" src=\"https:\/\/procivitas.se\/wp-content\/uploads\/sites\/5\/2025\/07\/anderspclund-scaled-e1752223031965-400x423.jpeg\" class=\"attachment-sm size-sm\" alt=\"Portr\u00e4ttbild Anders Hilding.\" sizes=\"(min-width: 64em) 300px, (min-width: 48em) calc(.50 * (100vw - 224px)), calc(100vw - 160px)\" srcset=\"https:\/\/procivitas.se\/wp-content\/uploads\/sites\/5\/2025\/07\/anderspclund-scaled-e1752223031965-400x423.jpeg 400w, https:\/\/procivitas.se\/wp-content\/uploads\/sites\/5\/2025\/07\/anderspclund-scaled-e1752223031965-300x317.jpeg 300w, https:\/\/procivitas.se\/wp-content\/uploads\/sites\/5\/2025\/07\/anderspclund-scaled-e1752223031965-600x634.jpeg 600w, https:\/\/procivitas.se\/wp-content\/uploads\/sites\/5\/2025\/07\/anderspclund-scaled-e1752223031965-800x846.jpeg 800w, https:\/\/procivitas.se\/wp-content\/uploads\/sites\/5\/2025\/07\/anderspclund-scaled-e1752223031965-1024x1083.jpeg 1024w, https:\/\/procivitas.se\/wp-content\/uploads\/sites\/5\/2025\/07\/anderspclund-scaled-e1752223031965-1200x1269.jpeg 1200w, https:\/\/procivitas.se\/wp-content\/uploads\/sites\/5\/2025\/07\/anderspclund-scaled-e1752223031965.jpeg 1920w\" \/>\n\t\t\t\t\t<\/div>\n\t\t\t\t<\/article>\n\t\t\t<\/li>\n\t\t\t\t\t\t\t\t\t\t\t\t\t\t\t\t\t\n\t\t\t\n\t\t\t\n\t\t\t<li class=\"l-col-6@md l-col-4@lg \" data-filter=\"nyheter juni-2025\">\n\t\t\t\t<article class=\"c-card  has-media-zoom has-media-overlay \" data-variant=\"neutral\" data-style=\"square\" data-click-area>\n\t\t\t\t\t<div class=\"c-card__content l-stack l-stack-sm\">\n\n\t\t\t\t\t\t\t\t\t\t\t\t\t<time class=\"c-card__date u-font-small\" datetime=\"2025-06-09\">9 juni 2025<\/time>\n\t\t\t\t\t\t\n\t\t\t\t\t\t\t\t\t\t\t\t\t<h3 class=\"c-card__title u-font-title-3\">\n\t\t\t\t\t\t\t\t\t\t\t\t\t\t\t\t\t<a class=\"c-card__link\" href=\"https:\/\/procivitas.se\/lund\/nyheter\/lokal\/tips-infor-oppet-hus\">\n\t\t\t\t\t\t\t\t\t\tVi listar v\u00e5ra b\u00e4sta tips inf\u00f6r \u00d6ppet hus \n\t\t\t\t\t\t\t\t\t<\/a>\n\t\t\t\t\t\t\t\t\t\t\t\t\t\t\t<\/h3>\n\t\t\t\t\t\t\n\t\t\t\t\t\t\t\t\t\t\t\t\t<p class=\"c-card__text l-stack-xs u-font-body\">\n\t\t\t\t\t\t\t\tVi delar med oss av v\u00e5ra b\u00e4sta tips f\u00f6r att maximera ditt \u00f6ppet hus-bes\u00f6k. V\u00e4lkommen!\n\t\t\t\t\t\t\t<\/p>\n\t\t\t\t\t\t\n\t\t\t\t\t\t\t\t\t\t\t\t\t<ul class=\"c-card__tags l-stack-grow u-list-none u-pt-md\" aria-label=\"Kategorier\">\n\t\t\t\t\t\t\t\t\t\t\t\t\t\t\t\t\t<li><span class=\"c-tag\" data-variant=\"outline\">Nyheter<\/span><\/li>\n\t\t\t\t\t\t\t\t\t\t\t\t\t\t\t<\/ul>\n\t\t\t\t\t\t\n\t\t\t\t\t\t<div class=\"c-card__icon\">\n\t\t\t\t\t\t\t\t\t\t\t\t\t\t<svg class=\"ams-icon ams-icon--arrow-right\" width=\"32\" height=\"32\" viewbox=\"0 0 32 32\" fill=\"currentColor\" aria-hidden=\"true\" xmlns=\"http:\/\/www.w3.org\/2000\/svg\">\n\t\t\t\t\t\t\t\t\t\t\t\t\t\t\t\t<path d=\"M15.4617 0.252159L14.9567 0.75931C14.6219 1.09545 14.6219 1.64048 14.9567 1.97669L27.7062 14.7806H0.857144C0.383786 14.7806 0 15.166 0 15.6414V16.3587C0 16.8341 0.383786 17.2195 0.857144 17.2195H27.7062L14.9567 30.0234C14.6219 30.3595 14.6219 30.9045 14.9567 31.2407L15.4617 31.7479C15.7964 32.084 16.3392 32.084 16.6739 31.7479L31.749 16.6087C32.0837 16.2725 32.0837 15.7275 31.749 15.3913L16.6739 0.252159C16.3392 -0.084053 15.7964 -0.084053 15.4617 0.252159Z\"\/>\n\t\t\t\t\t\t\t\n\t\t\t\t\t\t\t<\/svg>\n\t\t\t\t\t\t<\/div>\n\t\t\t\t\t<\/div>\n\n\t\t\t\t\t<div class=\"c-card__media u-radius-rounded\" style=\" --overlay-bg-hover: rgba(8,22,43,0.4);\">\n\t\t\t\t\t\t<img decoding=\"async\" width=\"400\" height=\"267\" src=\"https:\/\/procivitas.se\/wp-content\/uploads\/2024\/06\/profotograferinglund202503-202903webb5305-400x267.jpg\" class=\"attachment-sm size-sm\" alt=\"Glada elever p\u00e5 ProCivitas.\" sizes=\"(min-width: 64em) 300px, (min-width: 48em) calc(.50 * (100vw - 224px)), calc(100vw - 160px)\" srcset=\"https:\/\/procivitas.se\/wp-content\/uploads\/2024\/06\/profotograferinglund202503-202903webb5305-400x267.jpg 400w, https:\/\/procivitas.se\/wp-content\/uploads\/2024\/06\/profotograferinglund202503-202903webb5305-300x200.jpg 300w, https:\/\/procivitas.se\/wp-content\/uploads\/2024\/06\/profotograferinglund202503-202903webb5305-600x400.jpg 600w, https:\/\/procivitas.se\/wp-content\/uploads\/2024\/06\/profotograferinglund202503-202903webb5305-800x533.jpg 800w, https:\/\/procivitas.se\/wp-content\/uploads\/2024\/06\/profotograferinglund202503-202903webb5305-1024x683.jpg 1024w, https:\/\/procivitas.se\/wp-content\/uploads\/2024\/06\/profotograferinglund202503-202903webb5305.jpg 1200w\" \/>\n\t\t\t\t\t<\/div>\n\t\t\t\t<\/article>\n\t\t\t<\/li>\n\t\t\t\t\t\t\t\t\t\t\t\t\t\t\t\t\t\n\t\t\t\n\t\t\t\n\t\t\t<li class=\"l-col-6@md l-col-4@lg \" data-filter=\"nyheter ung-foretagsamhet april-2025\">\n\t\t\t\t<article class=\"c-card  has-media-zoom has-media-overlay \" data-variant=\"neutral\" data-style=\"square\" data-click-area>\n\t\t\t\t\t<div class=\"c-card__content l-stack l-stack-sm\">\n\n\t\t\t\t\t\t\t\t\t\t\t\t\t<time class=\"c-card__date u-font-small\" datetime=\"2025-04-08\">8 april 2025<\/time>\n\t\t\t\t\t\t\n\t\t\t\t\t\t\t\t\t\t\t\t\t<h3 class=\"c-card__title u-font-title-3\">\n\t\t\t\t\t\t\t\t\t\t\t\t\t\t\t\t\t<a class=\"c-card__link\" href=\"https:\/\/procivitas.se\/lund\/nyheter\/lokal\/procivitas-dominerar-i-uf-finalen\">\n\t\t\t\t\t\t\t\t\t\tDominans i UF-finalen\n\t\t\t\t\t\t\t\t\t<\/a>\n\t\t\t\t\t\t\t\t\t\t\t\t\t\t\t<\/h3>\n\t\t\t\t\t\t\n\t\t\t\t\t\t\t\t\t\t\t\t\t<p class=\"c-card__text l-stack-xs u-font-body\">\n\t\t\t\t\t\t\t\tHela 13 UF-f\u00f6retag fr\u00e5n ProCivitas skolor har kvalificerat sig till \u00e5rets SM-final i Ung F\u00f6retagsamhet i Stockholm! \n\t\t\t\t\t\t\t<\/p>\n\t\t\t\t\t\t\n\t\t\t\t\t\t\t\t\t\t\t\t\t<ul class=\"c-card__tags l-stack-grow u-list-none u-pt-md\" aria-label=\"Kategorier\">\n\t\t\t\t\t\t\t\t\t\t\t\t\t\t\t\t\t<li><span class=\"c-tag\" data-variant=\"outline\">Nyheter<\/span><\/li>\n\t\t\t\t\t\t\t\t\t\t\t\t\t\t\t\t\t<li><span class=\"c-tag\" data-variant=\"outline\">Ung f\u00f6retagsamhet<\/span><\/li>\n\t\t\t\t\t\t\t\t\t\t\t\t\t\t\t<\/ul>\n\t\t\t\t\t\t\n\t\t\t\t\t\t<div class=\"c-card__icon\">\n\t\t\t\t\t\t\t\t\t\t\t\t\t\t<svg class=\"ams-icon ams-icon--arrow-right\" width=\"32\" height=\"32\" viewbox=\"0 0 32 32\" fill=\"currentColor\" aria-hidden=\"true\" xmlns=\"http:\/\/www.w3.org\/2000\/svg\">\n\t\t\t\t\t\t\t\t\t\t\t\t\t\t\t\t<path d=\"M15.4617 0.252159L14.9567 0.75931C14.6219 1.09545 14.6219 1.64048 14.9567 1.97669L27.7062 14.7806H0.857144C0.383786 14.7806 0 15.166 0 15.6414V16.3587C0 16.8341 0.383786 17.2195 0.857144 17.2195H27.7062L14.9567 30.0234C14.6219 30.3595 14.6219 30.9045 14.9567 31.2407L15.4617 31.7479C15.7964 32.084 16.3392 32.084 16.6739 31.7479L31.749 16.6087C32.0837 16.2725 32.0837 15.7275 31.749 15.3913L16.6739 0.252159C16.3392 -0.084053 15.7964 -0.084053 15.4617 0.252159Z\"\/>\n\t\t\t\t\t\t\t\n\t\t\t\t\t\t\t<\/svg>\n\t\t\t\t\t\t<\/div>\n\t\t\t\t\t<\/div>\n\n\t\t\t\t\t<div class=\"c-card__media u-radius-rounded\" style=\" --overlay-bg-hover: rgba(8,22,43,0.4);\">\n\t\t\t\t\t\t<img decoding=\"async\" width=\"400\" height=\"410\" src=\"https:\/\/procivitas.se\/wp-content\/uploads\/2025\/04\/pc-vaxjo-uf-400x410.jpg\" class=\"attachment-sm size-sm\" alt=\"Tre glada elever och en l\u00e4rare p\u00e5 scen f\u00f6r att ta emot priser i en UF-t\u00e4vling.\" sizes=\"(min-width: 64em) 300px, (min-width: 48em) calc(.50 * (100vw - 224px)), calc(100vw - 160px)\" srcset=\"https:\/\/procivitas.se\/wp-content\/uploads\/2025\/04\/pc-vaxjo-uf-400x410.jpg 400w, https:\/\/procivitas.se\/wp-content\/uploads\/2025\/04\/pc-vaxjo-uf-300x307.jpg 300w, https:\/\/procivitas.se\/wp-content\/uploads\/2025\/04\/pc-vaxjo-uf-600x615.jpg 600w, https:\/\/procivitas.se\/wp-content\/uploads\/2025\/04\/pc-vaxjo-uf-800x819.jpg 800w, https:\/\/procivitas.se\/wp-content\/uploads\/2025\/04\/pc-vaxjo-uf.jpg 945w\" \/>\n\t\t\t\t\t<\/div>\n\t\t\t\t<\/article>\n\t\t\t<\/li>\n\t\t\t\t\t\t\t\t\t\t\t\t\t\t\t\t\t\n\t\t\t\n\t\t\t\n\t\t\t<li class=\"l-col-6@md l-col-4@lg \" data-filter=\"elevintervjuer nyheter februari-2025\">\n\t\t\t\t<article class=\"c-card  has-media-zoom has-media-overlay \" data-variant=\"neutral\" data-style=\"square\" data-click-area>\n\t\t\t\t\t<div class=\"c-card__content l-stack l-stack-sm\">\n\n\t\t\t\t\t\t\t\t\t\t\t\t\t<time class=\"c-card__date u-font-small\" datetime=\"2025-02-10\">10 februari 2025<\/time>\n\t\t\t\t\t\t\n\t\t\t\t\t\t\t\t\t\t\t\t\t<h3 class=\"c-card__title u-font-title-3\">\n\t\t\t\t\t\t\t\t\t\t\t\t\t\t\t\t\t<a class=\"c-card__link\" href=\"https:\/\/procivitas.se\/lund\/nyheter\/lokal\/framgangssaga-procivitas-lund\">\n\t\t\t\t\t\t\t\t\t\tFramg\u00e5ngssaga f\u00f6r Lunds elevk\u00e5r\n\t\t\t\t\t\t\t\t\t<\/a>\n\t\t\t\t\t\t\t\t\t\t\t\t\t\t\t<\/h3>\n\t\t\t\t\t\t\n\t\t\t\t\t\t\t\t\t\t\t\t\t<p class=\"c-card__text l-stack-xs u-font-body\">\n\t\t\t\t\t\t\t\tBakom framg\u00e5ngen ligger Elevk\u00e5rens initiativ &#8221;Podcast de ProCivitas &#8211; For A Better Day&#8221;, en podcast som startades f\u00f6r att lyfta viktiga samt&#8230;\n\t\t\t\t\t\t\t<\/p>\n\t\t\t\t\t\t\n\t\t\t\t\t\t\t\t\t\t\t\t\t<ul class=\"c-card__tags l-stack-grow u-list-none u-pt-md\" aria-label=\"Kategorier\">\n\t\t\t\t\t\t\t\t\t\t\t\t\t\t\t\t\t<li><span class=\"c-tag\" data-variant=\"outline\">Elevintervjuer<\/span><\/li>\n\t\t\t\t\t\t\t\t\t\t\t\t\t\t\t\t\t<li><span class=\"c-tag\" data-variant=\"outline\">Nyheter<\/span><\/li>\n\t\t\t\t\t\t\t\t\t\t\t\t\t\t\t<\/ul>\n\t\t\t\t\t\t\n\t\t\t\t\t\t<div class=\"c-card__icon\">\n\t\t\t\t\t\t\t\t\t\t\t\t\t\t<svg class=\"ams-icon ams-icon--arrow-right\" width=\"32\" height=\"32\" viewbox=\"0 0 32 32\" fill=\"currentColor\" aria-hidden=\"true\" xmlns=\"http:\/\/www.w3.org\/2000\/svg\">\n\t\t\t\t\t\t\t\t\t\t\t\t\t\t\t\t<path d=\"M15.4617 0.252159L14.9567 0.75931C14.6219 1.09545 14.6219 1.64048 14.9567 1.97669L27.7062 14.7806H0.857144C0.383786 14.7806 0 15.166 0 15.6414V16.3587C0 16.8341 0.383786 17.2195 0.857144 17.2195H27.7062L14.9567 30.0234C14.6219 30.3595 14.6219 30.9045 14.9567 31.2407L15.4617 31.7479C15.7964 32.084 16.3392 32.084 16.6739 31.7479L31.749 16.6087C32.0837 16.2725 32.0837 15.7275 31.749 15.3913L16.6739 0.252159C16.3392 -0.084053 15.7964 -0.084053 15.4617 0.252159Z\"\/>\n\t\t\t\t\t\t\t\n\t\t\t\t\t\t\t<\/svg>\n\t\t\t\t\t\t<\/div>\n\t\t\t\t\t<\/div>\n\n\t\t\t\t\t<div class=\"c-card__media u-radius-rounded\" style=\" --overlay-bg-hover: rgba(8,22,43,0.4);\">\n\t\t\t\t\t\t<img decoding=\"async\" width=\"400\" height=\"267\" src=\"https:\/\/procivitas.se\/wp-content\/uploads\/2025\/02\/kongress24-guldgem-elevkarendeprocivitas-13-1-400x267.jpeg\" class=\"attachment-sm size-sm\" alt=\"Vinnarna av Guldgemet med sina priser.\" sizes=\"(min-width: 64em) 300px, (min-width: 48em) calc(.50 * (100vw - 224px)), calc(100vw - 160px)\" srcset=\"https:\/\/procivitas.se\/wp-content\/uploads\/2025\/02\/kongress24-guldgem-elevkarendeprocivitas-13-1-400x267.jpeg 400w, https:\/\/procivitas.se\/wp-content\/uploads\/2025\/02\/kongress24-guldgem-elevkarendeprocivitas-13-1-300x200.jpeg 300w, https:\/\/procivitas.se\/wp-content\/uploads\/2025\/02\/kongress24-guldgem-elevkarendeprocivitas-13-1-600x400.jpeg 600w, https:\/\/procivitas.se\/wp-content\/uploads\/2025\/02\/kongress24-guldgem-elevkarendeprocivitas-13-1-800x533.jpeg 800w, https:\/\/procivitas.se\/wp-content\/uploads\/2025\/02\/kongress24-guldgem-elevkarendeprocivitas-13-1-1024x683.jpeg 1024w, https:\/\/procivitas.se\/wp-content\/uploads\/2025\/02\/kongress24-guldgem-elevkarendeprocivitas-13-1-1200x800.jpeg 1200w\" \/>\n\t\t\t\t\t<\/div>\n\t\t\t\t<\/article>\n\t\t\t<\/li>\n\t\t\t\t\t\t\t\t\t\t\t\t\t\t\t\t\t\n\t\t\t\n\t\t\t\n\t\t\t<li class=\"l-col-6@md l-col-4@lg \" data-filter=\"natur nyheter januari-2025\">\n\t\t\t\t<article class=\"c-card  has-media-zoom has-media-overlay \" data-variant=\"neutral\" data-style=\"square\" data-click-area>\n\t\t\t\t\t<div class=\"c-card__content l-stack l-stack-sm\">\n\n\t\t\t\t\t\t\t\t\t\t\t\t\t<time class=\"c-card__date u-font-small\" datetime=\"2025-01-07\">7 januari 2025<\/time>\n\t\t\t\t\t\t\n\t\t\t\t\t\t\t\t\t\t\t\t\t<h3 class=\"c-card__title u-font-title-3\">\n\t\t\t\t\t\t\t\t\t\t\t\t\t\t\t\t\t<a class=\"c-card__link\" href=\"https:\/\/procivitas.se\/lund\/nyheter\/procivitas-lund-toppar-i-undervisningstid-enligt-granskning\/\">\n\t\t\t\t\t\t\t\t\t\tVi toppar undervisningstid enligt granskning\n\t\t\t\t\t\t\t\t\t<\/a>\n\t\t\t\t\t\t\t\t\t\t\t\t\t\t\t<\/h3>\n\t\t\t\t\t\t\n\t\t\t\t\t\t\t\t\t\t\t\t\t<p class=\"c-card__text l-stack-xs u-font-body\">\n\t\t\t\t\t\t\t\tEnligt Sydsvenskans granskning \u00e4r ProCivitas Lund en av de skolor som ger elever p\u00e5 naturvetenskapsp&#8230;\n\t\t\t\t\t\t\t<\/p>\n\t\t\t\t\t\t\n\t\t\t\t\t\t\t\t\t\t\t\t\t<ul class=\"c-card__tags l-stack-grow u-list-none u-pt-md\" aria-label=\"Kategorier\">\n\t\t\t\t\t\t\t\t\t\t\t\t\t\t\t\t\t<li><span class=\"c-tag\" data-variant=\"outline\">Natur<\/span><\/li>\n\t\t\t\t\t\t\t\t\t\t\t\t\t\t\t\t\t<li><span class=\"c-tag\" data-variant=\"outline\">Nyheter<\/span><\/li>\n\t\t\t\t\t\t\t\t\t\t\t\t\t\t\t<\/ul>\n\t\t\t\t\t\t\n\t\t\t\t\t\t<div class=\"c-card__icon\">\n\t\t\t\t\t\t\t\t\t\t\t\t\t\t<svg class=\"ams-icon ams-icon--arrow-right\" width=\"32\" height=\"32\" viewbox=\"0 0 32 32\" fill=\"currentColor\" aria-hidden=\"true\" xmlns=\"http:\/\/www.w3.org\/2000\/svg\">\n\t\t\t\t\t\t\t\t\t\t\t\t\t\t\t\t<path d=\"M15.4617 0.252159L14.9567 0.75931C14.6219 1.09545 14.6219 1.64048 14.9567 1.97669L27.7062 14.7806H0.857144C0.383786 14.7806 0 15.166 0 15.6414V16.3587C0 16.8341 0.383786 17.2195 0.857144 17.2195H27.7062L14.9567 30.0234C14.6219 30.3595 14.6219 30.9045 14.9567 31.2407L15.4617 31.7479C15.7964 32.084 16.3392 32.084 16.6739 31.7479L31.749 16.6087C32.0837 16.2725 32.0837 15.7275 31.749 15.3913L16.6739 0.252159C16.3392 -0.084053 15.7964 -0.084053 15.4617 0.252159Z\"\/>\n\t\t\t\t\t\t\t\n\t\t\t\t\t\t\t<\/svg>\n\t\t\t\t\t\t<\/div>\n\t\t\t\t\t<\/div>\n\n\t\t\t\t\t<div class=\"c-card__media u-radius-rounded\" style=\" --overlay-bg-hover: rgba(8,22,43,0.4);\">\n\t\t\t\t\t\t<img decoding=\"async\" width=\"400\" height=\"267\" src=\"https:\/\/procivitas.se\/wp-content\/uploads\/sites\/5\/2023\/10\/pro-natsam-lund-400x267.jpeg\" class=\"attachment-sm size-sm\" alt=\"Elever med vita rockar och skyddsglas\u00f6gon\" sizes=\"(min-width: 64em) 300px, (min-width: 48em) calc(.50 * (100vw - 224px)), calc(100vw - 160px)\" srcset=\"https:\/\/procivitas.se\/wp-content\/uploads\/sites\/5\/2023\/10\/pro-natsam-lund-400x267.jpeg 400w, https:\/\/procivitas.se\/wp-content\/uploads\/sites\/5\/2023\/10\/pro-natsam-lund-300x200.jpeg 300w, https:\/\/procivitas.se\/wp-content\/uploads\/sites\/5\/2023\/10\/pro-natsam-lund-600x400.jpeg 600w, https:\/\/procivitas.se\/wp-content\/uploads\/sites\/5\/2023\/10\/pro-natsam-lund-800x534.jpeg 800w, https:\/\/procivitas.se\/wp-content\/uploads\/sites\/5\/2023\/10\/pro-natsam-lund-1024x683.jpeg 1024w, https:\/\/procivitas.se\/wp-content\/uploads\/sites\/5\/2023\/10\/pro-natsam-lund-1200x801.jpeg 1200w, https:\/\/procivitas.se\/wp-content\/uploads\/sites\/5\/2023\/10\/pro-natsam-lund.jpeg 1280w\" \/>\n\t\t\t\t\t<\/div>\n\t\t\t\t<\/article>\n\t\t\t<\/li>\n\t\t\t\t\t\t\t\t\t\t\t\t\t\t\t\t\t\n\t\t\t\n\t\t\t\n\t\t\t<li class=\"l-col-6@md l-col-4@lg \" data-filter=\"alumner juli-2024\">\n\t\t\t\t<article class=\"c-card  has-media-zoom has-media-overlay \" data-variant=\"neutral\" data-style=\"square\" data-click-area>\n\t\t\t\t\t<div class=\"c-card__content l-stack l-stack-sm\">\n\n\t\t\t\t\t\t\t\t\t\t\t\t\t<time class=\"c-card__date u-font-small\" datetime=\"2024-07-04\">4 juli 2024<\/time>\n\t\t\t\t\t\t\n\t\t\t\t\t\t\t\t\t\t\t\t\t<h3 class=\"c-card__title u-font-title-3\">\n\t\t\t\t\t\t\t\t\t\t\t\t\t\t\t\t\t<a class=\"c-card__link\" href=\"https:\/\/procivitas.se\/lund\/nyheter\/alumnintervju-med-linnea-eriksson\/\">\n\t\t\t\t\t\t\t\t\t\tLinn\u00e9a om tiden efter gymnasiet\n\t\t\t\t\t\t\t\t\t<\/a>\n\t\t\t\t\t\t\t\t\t\t\t\t\t\t\t<\/h3>\n\t\t\t\t\t\t\n\t\t\t\t\t\t\t\t\t\t\t\t\t<p class=\"c-card__text l-stack-xs u-font-body\">\n\t\t\t\t\t\t\t\tIdag studerar Linn\u00e9a till l\u00e4kare p\u00e5 \u00d6rebro universitet. Hon tog studenten fr\u00e5n ProCivitas Lund v\u00e5ren 2022 och ber\u00e4ttar om vad som &#8230;\n\t\t\t\t\t\t\t<\/p>\n\t\t\t\t\t\t\n\t\t\t\t\t\t\t\t\t\t\t\t\t<ul class=\"c-card__tags l-stack-grow u-list-none u-pt-md\" aria-label=\"Kategorier\">\n\t\t\t\t\t\t\t\t\t\t\t\t\t\t\t\t\t<li><span class=\"c-tag\" data-variant=\"outline\">Alumner<\/span><\/li>\n\t\t\t\t\t\t\t\t\t\t\t\t\t\t\t<\/ul>\n\t\t\t\t\t\t\n\t\t\t\t\t\t<div class=\"c-card__icon\">\n\t\t\t\t\t\t\t\t\t\t\t\t\t\t<svg class=\"ams-icon ams-icon--arrow-right\" width=\"32\" height=\"32\" viewbox=\"0 0 32 32\" fill=\"currentColor\" aria-hidden=\"true\" xmlns=\"http:\/\/www.w3.org\/2000\/svg\">\n\t\t\t\t\t\t\t\t\t\t\t\t\t\t\t\t<path d=\"M15.4617 0.252159L14.9567 0.75931C14.6219 1.09545 14.6219 1.64048 14.9567 1.97669L27.7062 14.7806H0.857144C0.383786 14.7806 0 15.166 0 15.6414V16.3587C0 16.8341 0.383786 17.2195 0.857144 17.2195H27.7062L14.9567 30.0234C14.6219 30.3595 14.6219 30.9045 14.9567 31.2407L15.4617 31.7479C15.7964 32.084 16.3392 32.084 16.6739 31.7479L31.749 16.6087C32.0837 16.2725 32.0837 15.7275 31.749 15.3913L16.6739 0.252159C16.3392 -0.084053 15.7964 -0.084053 15.4617 0.252159Z\"\/>\n\t\t\t\t\t\t\t\n\t\t\t\t\t\t\t<\/svg>\n\t\t\t\t\t\t<\/div>\n\t\t\t\t\t<\/div>\n\n\t\t\t\t\t<div class=\"c-card__media u-radius-rounded\" style=\" --overlay-bg-hover: rgba(8,22,43,0.4);\">\n\t\t\t\t\t\t<img decoding=\"async\" width=\"400\" height=\"533\" src=\"https:\/\/procivitas.se\/wp-content\/uploads\/sites\/5\/2024\/07\/img8122-400x533.jpeg\" class=\"attachment-sm size-sm\" alt=\"Linnea st\u00e5r utomhus i sina arbetskl\u00e4der och lutar sig mot ett r\u00e4cke.\" sizes=\"(min-width: 64em) 300px, (min-width: 48em) calc(.50 * (100vw - 224px)), calc(100vw - 160px)\" srcset=\"https:\/\/procivitas.se\/wp-content\/uploads\/sites\/5\/2024\/07\/img8122-400x533.jpeg 400w, https:\/\/procivitas.se\/wp-content\/uploads\/sites\/5\/2024\/07\/img8122-300x400.jpeg 300w, https:\/\/procivitas.se\/wp-content\/uploads\/sites\/5\/2024\/07\/img8122-600x800.jpeg 600w, https:\/\/procivitas.se\/wp-content\/uploads\/sites\/5\/2024\/07\/img8122-800x1067.jpeg 800w, https:\/\/procivitas.se\/wp-content\/uploads\/sites\/5\/2024\/07\/img8122-1024x1365.jpeg 1024w, https:\/\/procivitas.se\/wp-content\/uploads\/sites\/5\/2024\/07\/img8122-1200x1600.jpeg 1200w, https:\/\/procivitas.se\/wp-content\/uploads\/sites\/5\/2024\/07\/img8122-scaled.jpeg 1920w\" \/>\n\t\t\t\t\t<\/div>\n\t\t\t\t<\/article>\n\t\t\t<\/li>\n\t\t\t\t\t\t\t\t\t\t\t\t\t\t\t\t\t\n\t\t\t\n\t\t\t\n\t\t\t<li class=\"l-col-6@md l-col-4@lg \" data-filter=\"elevintervjuer nyheter mars-2024\">\n\t\t\t\t<article class=\"c-card  has-media-zoom has-media-overlay \" data-variant=\"neutral\" data-style=\"square\" data-click-area>\n\t\t\t\t\t<div class=\"c-card__content l-stack l-stack-sm\">\n\n\t\t\t\t\t\t\t\t\t\t\t\t\t<time class=\"c-card__date u-font-small\" datetime=\"2024-03-22\">22 mars 2024<\/time>\n\t\t\t\t\t\t\n\t\t\t\t\t\t\t\t\t\t\t\t\t<h3 class=\"c-card__title u-font-title-3\">\n\t\t\t\t\t\t\t\t\t\t\t\t\t\t\t\t\t<a class=\"c-card__link\" href=\"https:\/\/procivitas.se\/lund\/nyheter\/ordforande-for-elevkaren-emil-sjoberg\/\">\n\t\t\t\t\t\t\t\t\t\tEmil Sj\u00f6berg &#8211; Ordf\u00f6rande i elevk\u00e5ren\n\t\t\t\t\t\t\t\t\t<\/a>\n\t\t\t\t\t\t\t\t\t\t\t\t\t\t\t<\/h3>\n\t\t\t\t\t\t\n\t\t\t\t\t\t\t\t\t\t\t\t\t<p class=\"c-card__text l-stack-xs u-font-body\">\n\t\t\t\t\t\t\t\tEmil \u00e4r ordf\u00f6rande i elevk\u00e5ren p\u00e5 ProCivitas Lund. L\u00e4s mer om vilka roliga aktiviter dem anordnar!\n\t\t\t\t\t\t\t<\/p>\n\t\t\t\t\t\t\n\t\t\t\t\t\t\t\t\t\t\t\t\t<ul class=\"c-card__tags l-stack-grow u-list-none u-pt-md\" aria-label=\"Kategorier\">\n\t\t\t\t\t\t\t\t\t\t\t\t\t\t\t\t\t<li><span class=\"c-tag\" data-variant=\"outline\">Elevintervjuer<\/span><\/li>\n\t\t\t\t\t\t\t\t\t\t\t\t\t\t\t\t\t<li><span class=\"c-tag\" data-variant=\"outline\">Nyheter<\/span><\/li>\n\t\t\t\t\t\t\t\t\t\t\t\t\t\t\t<\/ul>\n\t\t\t\t\t\t\n\t\t\t\t\t\t<div class=\"c-card__icon\">\n\t\t\t\t\t\t\t\t\t\t\t\t\t\t<svg class=\"ams-icon ams-icon--arrow-right\" width=\"32\" height=\"32\" viewbox=\"0 0 32 32\" fill=\"currentColor\" aria-hidden=\"true\" xmlns=\"http:\/\/www.w3.org\/2000\/svg\">\n\t\t\t\t\t\t\t\t\t\t\t\t\t\t\t\t<path d=\"M15.4617 0.252159L14.9567 0.75931C14.6219 1.09545 14.6219 1.64048 14.9567 1.97669L27.7062 14.7806H0.857144C0.383786 14.7806 0 15.166 0 15.6414V16.3587C0 16.8341 0.383786 17.2195 0.857144 17.2195H27.7062L14.9567 30.0234C14.6219 30.3595 14.6219 30.9045 14.9567 31.2407L15.4617 31.7479C15.7964 32.084 16.3392 32.084 16.6739 31.7479L31.749 16.6087C32.0837 16.2725 32.0837 15.7275 31.749 15.3913L16.6739 0.252159C16.3392 -0.084053 15.7964 -0.084053 15.4617 0.252159Z\"\/>\n\t\t\t\t\t\t\t\n\t\t\t\t\t\t\t<\/svg>\n\t\t\t\t\t\t<\/div>\n\t\t\t\t\t<\/div>\n\n\t\t\t\t\t<div class=\"c-card__media u-radius-rounded\" style=\" --overlay-bg-hover: rgba(8,22,43,0.4);\">\n\t\t\t\t\t\t<img decoding=\"async\" width=\"400\" height=\"218\" src=\"https:\/\/procivitas.se\/wp-content\/uploads\/sites\/5\/2024\/03\/pclelevkarordfarande-400x218.png\" class=\"attachment-sm size-sm\" alt=\"Personportr\u00e4tt p\u00e5 elev, bild \u00e4r tagen utomhus med gr\u00f6n bakgrund.\" sizes=\"(min-width: 64em) 300px, (min-width: 48em) calc(.50 * (100vw - 224px)), calc(100vw - 160px)\" srcset=\"https:\/\/procivitas.se\/wp-content\/uploads\/sites\/5\/2024\/03\/pclelevkarordfarande-400x218.png 400w, https:\/\/procivitas.se\/wp-content\/uploads\/sites\/5\/2024\/03\/pclelevkarordfarande-300x164.png 300w, https:\/\/procivitas.se\/wp-content\/uploads\/sites\/5\/2024\/03\/pclelevkarordfarande-600x327.png 600w, https:\/\/procivitas.se\/wp-content\/uploads\/sites\/5\/2024\/03\/pclelevkarordfarande.png 644w\" \/>\n\t\t\t\t\t<\/div>\n\t\t\t\t<\/article>\n\t\t\t<\/li>\n\t\t\t\t\t\t\t\t\t\t\t\t\t\t\t\t\t\n\t\t\t\n\t\t\t\n\t\t\t<li class=\"l-col-6@md l-col-4@lg \" data-filter=\"nyheter januari-2024\">\n\t\t\t\t<article class=\"c-card  has-media-zoom has-media-overlay \" data-variant=\"neutral\" data-style=\"square\" data-click-area>\n\t\t\t\t\t<div class=\"c-card__content l-stack l-stack-sm\">\n\n\t\t\t\t\t\t\t\t\t\t\t\t\t<time class=\"c-card__date u-font-small\" datetime=\"2024-01-15\">15 januari 2024<\/time>\n\t\t\t\t\t\t\n\t\t\t\t\t\t\t\t\t\t\t\t\t<h3 class=\"c-card__title u-font-title-3\">\n\t\t\t\t\t\t\t\t\t\t\t\t\t\t\t\t\t<a class=\"c-card__link\" href=\"https:\/\/procivitas.se\/lund\/nyheter\/antagningen-har-oppnat\/\">\n\t\t\t\t\t\t\t\t\t\tAntagningen har \u00f6ppnat!\n\t\t\t\t\t\t\t\t\t<\/a>\n\t\t\t\t\t\t\t\t\t\t\t\t\t\t\t<\/h3>\n\t\t\t\t\t\t\n\t\t\t\t\t\t\t\t\t\t\t\t\t<p class=\"c-card__text l-stack-xs u-font-body\">\n\t\t\t\t\t\t\t\tNu har gymnasieantagningen \u00f6ppnat i v\u00e5r kommun. L\u00e4s mer om viktiga datum h\u00e4r.\n\t\t\t\t\t\t\t<\/p>\n\t\t\t\t\t\t\n\t\t\t\t\t\t\t\t\t\t\t\t\t<ul class=\"c-card__tags l-stack-grow u-list-none u-pt-md\" aria-label=\"Kategorier\">\n\t\t\t\t\t\t\t\t\t\t\t\t\t\t\t\t\t<li><span class=\"c-tag\" data-variant=\"outline\">Nyheter<\/span><\/li>\n\t\t\t\t\t\t\t\t\t\t\t\t\t\t\t<\/ul>\n\t\t\t\t\t\t\n\t\t\t\t\t\t<div class=\"c-card__icon\">\n\t\t\t\t\t\t\t\t\t\t\t\t\t\t<svg class=\"ams-icon ams-icon--arrow-right\" width=\"32\" height=\"32\" viewbox=\"0 0 32 32\" fill=\"currentColor\" aria-hidden=\"true\" xmlns=\"http:\/\/www.w3.org\/2000\/svg\">\n\t\t\t\t\t\t\t\t\t\t\t\t\t\t\t\t<path d=\"M15.4617 0.252159L14.9567 0.75931C14.6219 1.09545 14.6219 1.64048 14.9567 1.97669L27.7062 14.7806H0.857144C0.383786 14.7806 0 15.166 0 15.6414V16.3587C0 16.8341 0.383786 17.2195 0.857144 17.2195H27.7062L14.9567 30.0234C14.6219 30.3595 14.6219 30.9045 14.9567 31.2407L15.4617 31.7479C15.7964 32.084 16.3392 32.084 16.6739 31.7479L31.749 16.6087C32.0837 16.2725 32.0837 15.7275 31.749 15.3913L16.6739 0.252159C16.3392 -0.084053 15.7964 -0.084053 15.4617 0.252159Z\"\/>\n\t\t\t\t\t\t\t\n\t\t\t\t\t\t\t<\/svg>\n\t\t\t\t\t\t<\/div>\n\t\t\t\t\t<\/div>\n\n\t\t\t\t\t<div class=\"c-card__media u-radius-rounded\" style=\" --overlay-bg-hover: rgba(8,22,43,0.4);\">\n\t\t\t\t\t\t<img decoding=\"async\" width=\"400\" height=\"267\" src=\"https:\/\/procivitas.se\/wp-content\/uploads\/sites\/5\/2024\/01\/procivitaslund-2022-2027-1-400x267.jpeg\" class=\"attachment-sm size-sm\" alt=\"Elever sitter i gr\u00e4set utanf\u00f6r skolan\" sizes=\"(min-width: 64em) 300px, (min-width: 48em) calc(.50 * (100vw - 224px)), calc(100vw - 160px)\" srcset=\"https:\/\/procivitas.se\/wp-content\/uploads\/sites\/5\/2024\/01\/procivitaslund-2022-2027-1-400x267.jpeg 400w, https:\/\/procivitas.se\/wp-content\/uploads\/sites\/5\/2024\/01\/procivitaslund-2022-2027-1-300x200.jpeg 300w, https:\/\/procivitas.se\/wp-content\/uploads\/sites\/5\/2024\/01\/procivitaslund-2022-2027-1-600x400.jpeg 600w, https:\/\/procivitas.se\/wp-content\/uploads\/sites\/5\/2024\/01\/procivitaslund-2022-2027-1-800x534.jpeg 800w, https:\/\/procivitas.se\/wp-content\/uploads\/sites\/5\/2024\/01\/procivitaslund-2022-2027-1-1024x683.jpeg 1024w, https:\/\/procivitas.se\/wp-content\/uploads\/sites\/5\/2024\/01\/procivitaslund-2022-2027-1-1200x801.jpeg 1200w, https:\/\/procivitas.se\/wp-content\/uploads\/sites\/5\/2024\/01\/procivitaslund-2022-2027-1.jpeg 1280w\" \/>\n\t\t\t\t\t<\/div>\n\t\t\t\t<\/article>\n\t\t\t<\/li>\n\t\t\t\t\t\t\t\t\t\t\t\t\t\t\t\t\t\n\t\t\t\n\t\t\t\n\t\t\t<li class=\"l-col-6@md l-col-4@lg \" data-filter=\"nyheter december-2023\">\n\t\t\t\t<article class=\"c-card  has-media-zoom has-media-overlay \" data-variant=\"neutral\" data-style=\"square\" data-click-area>\n\t\t\t\t\t<div class=\"c-card__content l-stack l-stack-sm\">\n\n\t\t\t\t\t\t\t\t\t\t\t\t\t<time class=\"c-card__date u-font-small\" datetime=\"2023-12-21\">21 december 2023<\/time>\n\t\t\t\t\t\t\n\t\t\t\t\t\t\t\t\t\t\t\t\t<h3 class=\"c-card__title u-font-title-3\">\n\t\t\t\t\t\t\t\t\t\t\t\t\t\t\t\t\t<a class=\"c-card__link\" href=\"https:\/\/procivitas.se\/lund\/nyheter\/podcast-de-procivitas\/\">\n\t\t\t\t\t\t\t\t\t\tElever driver podcast om psykisk oh\u00e4lsa\n\t\t\t\t\t\t\t\t\t<\/a>\n\t\t\t\t\t\t\t\t\t\t\t\t\t\t\t<\/h3>\n\t\t\t\t\t\t\n\t\t\t\t\t\t\t\t\t\t\t\t\t<p class=\"c-card__text l-stack-xs u-font-body\">\n\t\t\t\t\t\t\t\tPodcast De ProCivitas g\u00e4stade \u00c5ngestpoddens liveshow p\u00e5 Avicii Arena\n\t\t\t\t\t\t\t<\/p>\n\t\t\t\t\t\t\n\t\t\t\t\t\t\t\t\t\t\t\t\t<ul class=\"c-card__tags l-stack-grow u-list-none u-pt-md\" aria-label=\"Kategorier\">\n\t\t\t\t\t\t\t\t\t\t\t\t\t\t\t\t\t<li><span class=\"c-tag\" data-variant=\"outline\">Nyheter<\/span><\/li>\n\t\t\t\t\t\t\t\t\t\t\t\t\t\t\t<\/ul>\n\t\t\t\t\t\t\n\t\t\t\t\t\t<div class=\"c-card__icon\">\n\t\t\t\t\t\t\t\t\t\t\t\t\t\t<svg class=\"ams-icon ams-icon--arrow-right\" width=\"32\" height=\"32\" viewbox=\"0 0 32 32\" fill=\"currentColor\" aria-hidden=\"true\" xmlns=\"http:\/\/www.w3.org\/2000\/svg\">\n\t\t\t\t\t\t\t\t\t\t\t\t\t\t\t\t<path d=\"M15.4617 0.252159L14.9567 0.75931C14.6219 1.09545 14.6219 1.64048 14.9567 1.97669L27.7062 14.7806H0.857144C0.383786 14.7806 0 15.166 0 15.6414V16.3587C0 16.8341 0.383786 17.2195 0.857144 17.2195H27.7062L14.9567 30.0234C14.6219 30.3595 14.6219 30.9045 14.9567 31.2407L15.4617 31.7479C15.7964 32.084 16.3392 32.084 16.6739 31.7479L31.749 16.6087C32.0837 16.2725 32.0837 15.7275 31.749 15.3913L16.6739 0.252159C16.3392 -0.084053 15.7964 -0.084053 15.4617 0.252159Z\"\/>\n\t\t\t\t\t\t\t\n\t\t\t\t\t\t\t<\/svg>\n\t\t\t\t\t\t<\/div>\n\t\t\t\t\t<\/div>\n\n\t\t\t\t\t<div class=\"c-card__media u-radius-rounded\" style=\" --overlay-bg-hover: rgba(8,22,43,0.4);\">\n\t\t\t\t\t\t<img decoding=\"async\" width=\"400\" height=\"533\" src=\"https:\/\/procivitas.se\/wp-content\/uploads\/sites\/5\/2023\/12\/prolundpodcast-stor-400x533.jpeg\" class=\"attachment-sm size-sm\" alt=\"Elever fr\u00e5n Procivitas Lund st\u00e5r p\u00e5 scen tillsammans med \u00c5ngestpodden.\" sizes=\"(min-width: 64em) 300px, (min-width: 48em) calc(.50 * (100vw - 224px)), calc(100vw - 160px)\" srcset=\"https:\/\/procivitas.se\/wp-content\/uploads\/sites\/5\/2023\/12\/prolundpodcast-stor-400x533.jpeg 400w, https:\/\/procivitas.se\/wp-content\/uploads\/sites\/5\/2023\/12\/prolundpodcast-stor-300x400.jpeg 300w, https:\/\/procivitas.se\/wp-content\/uploads\/sites\/5\/2023\/12\/prolundpodcast-stor-600x800.jpeg 600w, https:\/\/procivitas.se\/wp-content\/uploads\/sites\/5\/2023\/12\/prolundpodcast-stor-800x1067.jpeg 800w, https:\/\/procivitas.se\/wp-content\/uploads\/sites\/5\/2023\/12\/prolundpodcast-stor.jpeg 960w\" \/>\n\t\t\t\t\t<\/div>\n\t\t\t\t<\/article>\n\t\t\t<\/li>\n\t\t\t\t\t\t\t\t\t\t\t\t\t\t\t\t\t\n\t\t\t\n\t\t\t\n\t\t\t<li class=\"l-col-6@md l-col-4@lg \" data-filter=\"nyheter december-2023\">\n\t\t\t\t<article class=\"c-card  has-media-zoom has-media-overlay \" data-variant=\"neutral\" data-style=\"square\" data-click-area>\n\t\t\t\t\t<div class=\"c-card__content l-stack l-stack-sm\">\n\n\t\t\t\t\t\t\t\t\t\t\t\t\t<time class=\"c-card__date u-font-small\" datetime=\"2023-12-07\">7 december 2023<\/time>\n\t\t\t\t\t\t\n\t\t\t\t\t\t\t\t\t\t\t\t\t<h3 class=\"c-card__title u-font-title-3\">\n\t\t\t\t\t\t\t\t\t\t\t\t\t\t\t\t\t<a class=\"c-card__link\" href=\"https:\/\/procivitas.se\/lund\/nyheter\/basta-skolorna-i-skane\/\">\n\t\t\t\t\t\t\t\t\t\tProCivitas skolor b\u00e4st i Sk\u00e5ne\n\t\t\t\t\t\t\t\t\t<\/a>\n\t\t\t\t\t\t\t\t\t\t\t\t\t\t\t<\/h3>\n\t\t\t\t\t\t\n\t\t\t\t\t\t\t\t\t\t\t\t\t<p class=\"c-card__text l-stack-xs u-font-body\">\n\t\t\t\t\t\t\t\tProCivitas Lund placerar sig p\u00e5 plats tv\u00e5 i rankingen av Lunds b\u00e4sta gymnasieskolor enligt en oberoende ranking som tagits fram av f\u00f6retaget Ednia.\n\t\t\t\t\t\t\t<\/p>\n\t\t\t\t\t\t\n\t\t\t\t\t\t\t\t\t\t\t\t\t<ul class=\"c-card__tags l-stack-grow u-list-none u-pt-md\" aria-label=\"Kategorier\">\n\t\t\t\t\t\t\t\t\t\t\t\t\t\t\t\t\t<li><span class=\"c-tag\" data-variant=\"outline\">Nyheter<\/span><\/li>\n\t\t\t\t\t\t\t\t\t\t\t\t\t\t\t<\/ul>\n\t\t\t\t\t\t\n\t\t\t\t\t\t<div class=\"c-card__icon\">\n\t\t\t\t\t\t\t\t\t\t\t\t\t\t<svg class=\"ams-icon ams-icon--arrow-right\" width=\"32\" height=\"32\" viewbox=\"0 0 32 32\" fill=\"currentColor\" aria-hidden=\"true\" xmlns=\"http:\/\/www.w3.org\/2000\/svg\">\n\t\t\t\t\t\t\t\t\t\t\t\t\t\t\t\t<path d=\"M15.4617 0.252159L14.9567 0.75931C14.6219 1.09545 14.6219 1.64048 14.9567 1.97669L27.7062 14.7806H0.857144C0.383786 14.7806 0 15.166 0 15.6414V16.3587C0 16.8341 0.383786 17.2195 0.857144 17.2195H27.7062L14.9567 30.0234C14.6219 30.3595 14.6219 30.9045 14.9567 31.2407L15.4617 31.7479C15.7964 32.084 16.3392 32.084 16.6739 31.7479L31.749 16.6087C32.0837 16.2725 32.0837 15.7275 31.749 15.3913L16.6739 0.252159C16.3392 -0.084053 15.7964 -0.084053 15.4617 0.252159Z\"\/>\n\t\t\t\t\t\t\t\n\t\t\t\t\t\t\t<\/svg>\n\t\t\t\t\t\t<\/div>\n\t\t\t\t\t<\/div>\n\n\t\t\t\t\t<div class=\"c-card__media u-radius-rounded\" style=\" --overlay-bg-hover: rgba(8,22,43,0.4);\">\n\t\t\t\t\t\t<img decoding=\"async\" width=\"400\" height=\"267\" src=\"https:\/\/procivitas.se\/wp-content\/uploads\/sites\/5\/2023\/11\/pro-mentorskapsprogrammet-lund-2022-400x267.jpeg\" class=\"attachment-sm size-sm\" alt=\"L\u00e4rare hj\u00e4lper tre elever med en uppgift\" sizes=\"(min-width: 64em) 300px, (min-width: 48em) calc(.50 * (100vw - 224px)), calc(100vw - 160px)\" srcset=\"https:\/\/procivitas.se\/wp-content\/uploads\/sites\/5\/2023\/11\/pro-mentorskapsprogrammet-lund-2022-400x267.jpeg 400w, https:\/\/procivitas.se\/wp-content\/uploads\/sites\/5\/2023\/11\/pro-mentorskapsprogrammet-lund-2022-300x200.jpeg 300w, https:\/\/procivitas.se\/wp-content\/uploads\/sites\/5\/2023\/11\/pro-mentorskapsprogrammet-lund-2022-600x400.jpeg 600w, https:\/\/procivitas.se\/wp-content\/uploads\/sites\/5\/2023\/11\/pro-mentorskapsprogrammet-lund-2022-800x534.jpeg 800w, https:\/\/procivitas.se\/wp-content\/uploads\/sites\/5\/2023\/11\/pro-mentorskapsprogrammet-lund-2022-1024x683.jpeg 1024w, https:\/\/procivitas.se\/wp-content\/uploads\/sites\/5\/2023\/11\/pro-mentorskapsprogrammet-lund-2022-1200x801.jpeg 1200w, https:\/\/procivitas.se\/wp-content\/uploads\/sites\/5\/2023\/11\/pro-mentorskapsprogrammet-lund-2022.jpeg 1280w\" \/>\n\t\t\t\t\t<\/div>\n\t\t\t\t<\/article>\n\t\t\t<\/li>\n\t\t\t\t\t\t\t\t\t\t\t\t\t\t\t\t\t\n\t\t\t\n\t\t\t\n\t\t\t<li class=\"l-col-6@md l-col-4@lg \" data-filter=\"elevintervjuer oktober-2023\">\n\t\t\t\t<article class=\"c-card  has-media-zoom has-media-overlay \" data-variant=\"neutral\" data-style=\"square\" data-click-area>\n\t\t\t\t\t<div class=\"c-card__content l-stack l-stack-sm\">\n\n\t\t\t\t\t\t\t\t\t\t\t\t\t<time class=\"c-card__date u-font-small\" datetime=\"2023-10-30\">30 oktober 2023<\/time>\n\t\t\t\t\t\t\n\t\t\t\t\t\t\t\t\t\t\t\t\t<h3 class=\"c-card__title u-font-title-3\">\n\t\t\t\t\t\t\t\t\t\t\t\t\t\t\t\t\t<a class=\"c-card__link\" href=\"https:\/\/procivitas.se\/lund\/nyheter\/elliot-wigg-ordforande-i-elevkaren\/\">\n\t\t\t\t\t\t\t\t\t\tElliott Wigg- Ordf\u00f6rande i elevk\u00e5ren\n\t\t\t\t\t\t\t\t\t<\/a>\n\t\t\t\t\t\t\t\t\t\t\t\t\t\t\t<\/h3>\n\t\t\t\t\t\t\n\t\t\t\t\t\t\t\t\t\t\t\t\t<p class=\"c-card__text l-stack-xs u-font-body\">\n\t\t\t\t\t\t\t\tEliott \u00e4r ordf\u00f6rande i elevk\u00e5ren p\u00e5 ProCivitas Lund, h\u00e4r ber\u00e4ttar han mer om sitt uppdrag. \n\t\t\t\t\t\t\t<\/p>\n\t\t\t\t\t\t\n\t\t\t\t\t\t\t\t\t\t\t\t\t<ul class=\"c-card__tags l-stack-grow u-list-none u-pt-md\" aria-label=\"Kategorier\">\n\t\t\t\t\t\t\t\t\t\t\t\t\t\t\t\t\t<li><span class=\"c-tag\" data-variant=\"outline\">Elevintervjuer<\/span><\/li>\n\t\t\t\t\t\t\t\t\t\t\t\t\t\t\t<\/ul>\n\t\t\t\t\t\t\n\t\t\t\t\t\t<div class=\"c-card__icon\">\n\t\t\t\t\t\t\t\t\t\t\t\t\t\t<svg class=\"ams-icon ams-icon--arrow-right\" width=\"32\" height=\"32\" viewbox=\"0 0 32 32\" fill=\"currentColor\" aria-hidden=\"true\" xmlns=\"http:\/\/www.w3.org\/2000\/svg\">\n\t\t\t\t\t\t\t\t\t\t\t\t\t\t\t\t<path d=\"M15.4617 0.252159L14.9567 0.75931C14.6219 1.09545 14.6219 1.64048 14.9567 1.97669L27.7062 14.7806H0.857144C0.383786 14.7806 0 15.166 0 15.6414V16.3587C0 16.8341 0.383786 17.2195 0.857144 17.2195H27.7062L14.9567 30.0234C14.6219 30.3595 14.6219 30.9045 14.9567 31.2407L15.4617 31.7479C15.7964 32.084 16.3392 32.084 16.6739 31.7479L31.749 16.6087C32.0837 16.2725 32.0837 15.7275 31.749 15.3913L16.6739 0.252159C16.3392 -0.084053 15.7964 -0.084053 15.4617 0.252159Z\"\/>\n\t\t\t\t\t\t\t\n\t\t\t\t\t\t\t<\/svg>\n\t\t\t\t\t\t<\/div>\n\t\t\t\t\t<\/div>\n\n\t\t\t\t\t<div class=\"c-card__media u-radius-rounded\" style=\" --overlay-bg-hover: rgba(8,22,43,0.4);\">\n\t\t\t\t\t\t<img decoding=\"async\" width=\"400\" height=\"328\" src=\"https:\/\/procivitas.se\/wp-content\/uploads\/sites\/5\/2023\/10\/elliott-wigg-e1698656865598-400x328.jpeg\" class=\"attachment-sm size-sm\" alt=\"Personportr\u00e4tt\" sizes=\"(min-width: 64em) 300px, (min-width: 48em) calc(.50 * (100vw - 224px)), calc(100vw - 160px)\" srcset=\"https:\/\/procivitas.se\/wp-content\/uploads\/sites\/5\/2023\/10\/elliott-wigg-e1698656865598-400x328.jpeg 400w, https:\/\/procivitas.se\/wp-content\/uploads\/sites\/5\/2023\/10\/elliott-wigg-e1698656865598-300x246.jpeg 300w, https:\/\/procivitas.se\/wp-content\/uploads\/sites\/5\/2023\/10\/elliott-wigg-e1698656865598-600x492.jpeg 600w, https:\/\/procivitas.se\/wp-content\/uploads\/sites\/5\/2023\/10\/elliott-wigg-e1698656865598-800x657.jpeg 800w, https:\/\/procivitas.se\/wp-content\/uploads\/sites\/5\/2023\/10\/elliott-wigg-e1698656865598.jpeg 853w\" \/>\n\t\t\t\t\t<\/div>\n\t\t\t\t<\/article>\n\t\t\t<\/li>\n\t\t\t\t\t\t\t\t\t\t\t\t\t\t\t\t\t\n\t\t\t\n\t\t\t\n\t\t\t<li class=\"l-col-6@md l-col-4@lg \" data-filter=\"elevintervjuer samhall oktober-2023\">\n\t\t\t\t<article class=\"c-card  has-media-zoom has-media-overlay \" data-variant=\"neutral\" data-style=\"square\" data-click-area>\n\t\t\t\t\t<div class=\"c-card__content l-stack l-stack-sm\">\n\n\t\t\t\t\t\t\t\t\t\t\t\t\t<time class=\"c-card__date u-font-small\" datetime=\"2023-10-30\">30 oktober 2023<\/time>\n\t\t\t\t\t\t\n\t\t\t\t\t\t\t\t\t\t\t\t\t<h3 class=\"c-card__title u-font-title-3\">\n\t\t\t\t\t\t\t\t\t\t\t\t\t\t\t\t\t<a class=\"c-card__link\" href=\"https:\/\/procivitas.se\/lund\/nyheter\/lokal\/elevintervju-med-clara-stridh\">\n\t\t\t\t\t\t\t\t\t\tClara Stridh om Samh\u00e4llsvetenskaps-programmet \n\t\t\t\t\t\t\t\t\t<\/a>\n\t\t\t\t\t\t\t\t\t\t\t\t\t\t\t<\/h3>\n\t\t\t\t\t\t\n\t\t\t\t\t\t\t\t\t\t\t\t\t<p class=\"c-card__text l-stack-xs u-font-body\">\n\t\t\t\t\t\t\t\tClara ber\u00e4ttar om skolan, programmet och vad som g\u00f6r l\u00e4rarna s\u00e5 bra. \n\t\t\t\t\t\t\t<\/p>\n\t\t\t\t\t\t\n\t\t\t\t\t\t\t\t\t\t\t\t\t<ul class=\"c-card__tags l-stack-grow u-list-none u-pt-md\" aria-label=\"Kategorier\">\n\t\t\t\t\t\t\t\t\t\t\t\t\t\t\t\t\t<li><span class=\"c-tag\" data-variant=\"outline\">Elevintervjuer<\/span><\/li>\n\t\t\t\t\t\t\t\t\t\t\t\t\t\t\t\t\t<li><span class=\"c-tag\" data-variant=\"outline\">Samh\u00e4ll<\/span><\/li>\n\t\t\t\t\t\t\t\t\t\t\t\t\t\t\t<\/ul>\n\t\t\t\t\t\t\n\t\t\t\t\t\t<div class=\"c-card__icon\">\n\t\t\t\t\t\t\t\t\t\t\t\t\t\t<svg class=\"ams-icon ams-icon--arrow-right\" width=\"32\" height=\"32\" viewbox=\"0 0 32 32\" fill=\"currentColor\" aria-hidden=\"true\" xmlns=\"http:\/\/www.w3.org\/2000\/svg\">\n\t\t\t\t\t\t\t\t\t\t\t\t\t\t\t\t<path d=\"M15.4617 0.252159L14.9567 0.75931C14.6219 1.09545 14.6219 1.64048 14.9567 1.97669L27.7062 14.7806H0.857144C0.383786 14.7806 0 15.166 0 15.6414V16.3587C0 16.8341 0.383786 17.2195 0.857144 17.2195H27.7062L14.9567 30.0234C14.6219 30.3595 14.6219 30.9045 14.9567 31.2407L15.4617 31.7479C15.7964 32.084 16.3392 32.084 16.6739 31.7479L31.749 16.6087C32.0837 16.2725 32.0837 15.7275 31.749 15.3913L16.6739 0.252159C16.3392 -0.084053 15.7964 -0.084053 15.4617 0.252159Z\"\/>\n\t\t\t\t\t\t\t\n\t\t\t\t\t\t\t<\/svg>\n\t\t\t\t\t\t<\/div>\n\t\t\t\t\t<\/div>\n\n\t\t\t\t\t<div class=\"c-card__media u-radius-rounded\" style=\" --overlay-bg-hover: rgba(8,22,43,0.4);\">\n\t\t\t\t\t\t<img decoding=\"async\" width=\"400\" height=\"600\" src=\"https:\/\/procivitas.se\/wp-content\/uploads\/2023\/10\/clara-stridh-400x600.jpeg\" class=\"attachment-sm size-sm\" alt=\"Personportr\u00e4tt\" sizes=\"(min-width: 64em) 300px, (min-width: 48em) calc(.50 * (100vw - 224px)), calc(100vw - 160px)\" srcset=\"https:\/\/procivitas.se\/wp-content\/uploads\/2023\/10\/clara-stridh-400x600.jpeg 400w, https:\/\/procivitas.se\/wp-content\/uploads\/2023\/10\/clara-stridh-300x450.jpeg 300w, https:\/\/procivitas.se\/wp-content\/uploads\/2023\/10\/clara-stridh-600x899.jpeg 600w, https:\/\/procivitas.se\/wp-content\/uploads\/2023\/10\/clara-stridh-800x1199.jpeg 800w, https:\/\/procivitas.se\/wp-content\/uploads\/2023\/10\/clara-stridh.jpeg 854w\" \/>\n\t\t\t\t\t<\/div>\n\t\t\t\t<\/article>\n\t\t\t<\/li>\n\t\t\t\t\t\t\t\t\t\t\t\t\t\t\t\t\t\n\t\t\t\n\t\t\t\n\t\t\t<li class=\"l-col-6@md l-col-4@lg \" data-filter=\"elevintervjuer natur oktober-2023\">\n\t\t\t\t<article class=\"c-card  has-media-zoom has-media-overlay \" data-variant=\"neutral\" data-style=\"square\" data-click-area>\n\t\t\t\t\t<div class=\"c-card__content l-stack l-stack-sm\">\n\n\t\t\t\t\t\t\t\t\t\t\t\t\t<time class=\"c-card__date u-font-small\" datetime=\"2023-10-30\">30 oktober 2023<\/time>\n\t\t\t\t\t\t\n\t\t\t\t\t\t\t\t\t\t\t\t\t<h3 class=\"c-card__title u-font-title-3\">\n\t\t\t\t\t\t\t\t\t\t\t\t\t\t\t\t\t<a class=\"c-card__link\" href=\"https:\/\/procivitas.se\/lund\/nyheter\/lokal\/stella-berattar-om-procivitas-karlberg\">\n\t\t\t\t\t\t\t\t\t\tStella om Naturvetenskaps-programmet \n\t\t\t\t\t\t\t\t\t<\/a>\n\t\t\t\t\t\t\t\t\t\t\t\t\t\t\t<\/h3>\n\t\t\t\t\t\t\n\t\t\t\t\t\t\t\t\t\t\t\t\t<p class=\"c-card__text l-stack-xs u-font-body\">\n\t\t\t\t\t\t\t\tStella l\u00e4ser andra \u00e5ret p\u00e5 Naturvetenskapsprogrammet p\u00e5 ProCivitas. \n\t\t\t\t\t\t\t<\/p>\n\t\t\t\t\t\t\n\t\t\t\t\t\t\t\t\t\t\t\t\t<ul class=\"c-card__tags l-stack-grow u-list-none u-pt-md\" aria-label=\"Kategorier\">\n\t\t\t\t\t\t\t\t\t\t\t\t\t\t\t\t\t<li><span class=\"c-tag\" data-variant=\"outline\">Elevintervjuer<\/span><\/li>\n\t\t\t\t\t\t\t\t\t\t\t\t\t\t\t\t\t<li><span class=\"c-tag\" data-variant=\"outline\">Natur<\/span><\/li>\n\t\t\t\t\t\t\t\t\t\t\t\t\t\t\t<\/ul>\n\t\t\t\t\t\t\n\t\t\t\t\t\t<div class=\"c-card__icon\">\n\t\t\t\t\t\t\t\t\t\t\t\t\t\t<svg class=\"ams-icon ams-icon--arrow-right\" width=\"32\" height=\"32\" viewbox=\"0 0 32 32\" fill=\"currentColor\" aria-hidden=\"true\" xmlns=\"http:\/\/www.w3.org\/2000\/svg\">\n\t\t\t\t\t\t\t\t\t\t\t\t\t\t\t\t<path d=\"M15.4617 0.252159L14.9567 0.75931C14.6219 1.09545 14.6219 1.64048 14.9567 1.97669L27.7062 14.7806H0.857144C0.383786 14.7806 0 15.166 0 15.6414V16.3587C0 16.8341 0.383786 17.2195 0.857144 17.2195H27.7062L14.9567 30.0234C14.6219 30.3595 14.6219 30.9045 14.9567 31.2407L15.4617 31.7479C15.7964 32.084 16.3392 32.084 16.6739 31.7479L31.749 16.6087C32.0837 16.2725 32.0837 15.7275 31.749 15.3913L16.6739 0.252159C16.3392 -0.084053 15.7964 -0.084053 15.4617 0.252159Z\"\/>\n\t\t\t\t\t\t\t\n\t\t\t\t\t\t\t<\/svg>\n\t\t\t\t\t\t<\/div>\n\t\t\t\t\t<\/div>\n\n\t\t\t\t\t<div class=\"c-card__media u-radius-rounded\" style=\" --overlay-bg-hover: rgba(8,22,43,0.4);\">\n\t\t\t\t\t\t<img decoding=\"async\" width=\"400\" height=\"300\" src=\"https:\/\/procivitas.se\/wp-content\/uploads\/2023\/10\/stella-400x300.jpg\" class=\"attachment-sm size-sm\" alt=\"Personportr\u00e4tt\" sizes=\"(min-width: 64em) 300px, (min-width: 48em) calc(.50 * (100vw - 224px)), calc(100vw - 160px)\" srcset=\"https:\/\/procivitas.se\/wp-content\/uploads\/2023\/10\/stella-400x300.jpg 400w, https:\/\/procivitas.se\/wp-content\/uploads\/2023\/10\/stella-300x225.jpg 300w, https:\/\/procivitas.se\/wp-content\/uploads\/2023\/10\/stella-600x450.jpg 600w, https:\/\/procivitas.se\/wp-content\/uploads\/2023\/10\/stella-800x600.jpg 800w, https:\/\/procivitas.se\/wp-content\/uploads\/2023\/10\/stella-768x576.jpg 768w, https:\/\/procivitas.se\/wp-content\/uploads\/2023\/10\/stella.jpg 1024w\" \/>\n\t\t\t\t\t<\/div>\n\t\t\t\t<\/article>\n\t\t\t<\/li>\n\t\t\t\t\t\t\t\t\t\t\t\t\t\t\t\t\t\n\t\t\t\n\t\t\t\n\t\t\t<li class=\"l-col-6@md l-col-4@lg \" data-filter=\"elevintervjuer oktober-2023\">\n\t\t\t\t<article class=\"c-card  has-media-zoom has-media-overlay \" data-variant=\"neutral\" data-style=\"square\" data-click-area>\n\t\t\t\t\t<div class=\"c-card__content l-stack l-stack-sm\">\n\n\t\t\t\t\t\t\t\t\t\t\t\t\t<time class=\"c-card__date u-font-small\" datetime=\"2023-10-30\">30 oktober 2023<\/time>\n\t\t\t\t\t\t\n\t\t\t\t\t\t\t\t\t\t\t\t\t<h3 class=\"c-card__title u-font-title-3\">\n\t\t\t\t\t\t\t\t\t\t\t\t\t\t\t\t\t<a class=\"c-card__link\" href=\"https:\/\/procivitas.se\/lund\/nyheter\/lokal\/elevintervju-med-isabella\">\n\t\t\t\t\t\t\t\t\t\tElevintervju med Isabella\n\t\t\t\t\t\t\t\t\t<\/a>\n\t\t\t\t\t\t\t\t\t\t\t\t\t\t\t<\/h3>\n\t\t\t\t\t\t\n\t\t\t\t\t\t\t\t\t\t\t\t\t<p class=\"c-card__text l-stack-xs u-font-body\">\n\t\t\t\t\t\t\t\tIsabella ber\u00e4ttar om ProCivitas Lund och vad som g\u00f6r skolan s\u00e5 speciell. \n\t\t\t\t\t\t\t<\/p>\n\t\t\t\t\t\t\n\t\t\t\t\t\t\t\t\t\t\t\t\t<ul class=\"c-card__tags l-stack-grow u-list-none u-pt-md\" aria-label=\"Kategorier\">\n\t\t\t\t\t\t\t\t\t\t\t\t\t\t\t\t\t<li><span class=\"c-tag\" data-variant=\"outline\">Elevintervjuer<\/span><\/li>\n\t\t\t\t\t\t\t\t\t\t\t\t\t\t\t<\/ul>\n\t\t\t\t\t\t\n\t\t\t\t\t\t<div class=\"c-card__icon\">\n\t\t\t\t\t\t\t\t\t\t\t\t\t\t<svg class=\"ams-icon ams-icon--arrow-right\" width=\"32\" height=\"32\" viewbox=\"0 0 32 32\" fill=\"currentColor\" aria-hidden=\"true\" xmlns=\"http:\/\/www.w3.org\/2000\/svg\">\n\t\t\t\t\t\t\t\t\t\t\t\t\t\t\t\t<path d=\"M15.4617 0.252159L14.9567 0.75931C14.6219 1.09545 14.6219 1.64048 14.9567 1.97669L27.7062 14.7806H0.857144C0.383786 14.7806 0 15.166 0 15.6414V16.3587C0 16.8341 0.383786 17.2195 0.857144 17.2195H27.7062L14.9567 30.0234C14.6219 30.3595 14.6219 30.9045 14.9567 31.2407L15.4617 31.7479C15.7964 32.084 16.3392 32.084 16.6739 31.7479L31.749 16.6087C32.0837 16.2725 32.0837 15.7275 31.749 15.3913L16.6739 0.252159C16.3392 -0.084053 15.7964 -0.084053 15.4617 0.252159Z\"\/>\n\t\t\t\t\t\t\t\n\t\t\t\t\t\t\t<\/svg>\n\t\t\t\t\t\t<\/div>\n\t\t\t\t\t<\/div>\n\n\t\t\t\t\t<div class=\"c-card__media u-radius-rounded\" style=\" --overlay-bg-hover: rgba(8,22,43,0.4);\">\n\t\t\t\t\t\t<img decoding=\"async\" width=\"400\" height=\"352\" src=\"https:\/\/procivitas.se\/wp-content\/uploads\/2023\/10\/isabella-e1698653128131-400x352.jpeg\" class=\"attachment-sm size-sm\" alt=\"Personportr\u00e4tt\" sizes=\"(min-width: 64em) 300px, (min-width: 48em) calc(.50 * (100vw - 224px)), calc(100vw - 160px)\" srcset=\"https:\/\/procivitas.se\/wp-content\/uploads\/2023\/10\/isabella-e1698653128131-400x352.jpeg 400w, https:\/\/procivitas.se\/wp-content\/uploads\/2023\/10\/isabella-e1698653128131-300x264.jpeg 300w, https:\/\/procivitas.se\/wp-content\/uploads\/2023\/10\/isabella-e1698653128131-600x528.jpeg 600w, https:\/\/procivitas.se\/wp-content\/uploads\/2023\/10\/isabella-e1698653128131-800x704.jpeg 800w, https:\/\/procivitas.se\/wp-content\/uploads\/2023\/10\/isabella-e1698653128131.jpeg 854w\" \/>\n\t\t\t\t\t<\/div>\n\t\t\t\t<\/article>\n\t\t\t<\/li>\n\t\t\t\t\t\t\t\t\t\t\t\t\t\t\t\t\t\n\t\t\t\n\t\t\t\n\t\t\t<li class=\"l-col-6@md l-col-4@lg \" data-filter=\"elevintervjuer samhall oktober-2023\">\n\t\t\t\t<article class=\"c-card  has-media-zoom has-media-overlay \" data-variant=\"neutral\" data-style=\"square\" data-click-area>\n\t\t\t\t\t<div class=\"c-card__content l-stack l-stack-sm\">\n\n\t\t\t\t\t\t\t\t\t\t\t\t\t<time class=\"c-card__date u-font-small\" datetime=\"2023-10-30\">30 oktober 2023<\/time>\n\t\t\t\t\t\t\n\t\t\t\t\t\t\t\t\t\t\t\t\t<h3 class=\"c-card__title u-font-title-3\">\n\t\t\t\t\t\t\t\t\t\t\t\t\t\t\t\t\t<a class=\"c-card__link\" href=\"https:\/\/procivitas.se\/lund\/nyheter\/lokal\/astrid-om-sam-beteende\">\n\t\t\t\t\t\t\t\t\t\tAstrid om sam\/beteende \n\t\t\t\t\t\t\t\t\t<\/a>\n\t\t\t\t\t\t\t\t\t\t\t\t\t\t\t<\/h3>\n\t\t\t\t\t\t\n\t\t\t\t\t\t\t\t\t\t\t\t\t<p class=\"c-card__text l-stack-xs u-font-body\">\n\t\t\t\t\t\t\t\tH\u00e4r ber\u00e4ttar hon om skolan, sitt program och om sitt engagemang i skolans elevk\u00e5r. \n\t\t\t\t\t\t\t<\/p>\n\t\t\t\t\t\t\n\t\t\t\t\t\t\t\t\t\t\t\t\t<ul class=\"c-card__tags l-stack-grow u-list-none u-pt-md\" aria-label=\"Kategorier\">\n\t\t\t\t\t\t\t\t\t\t\t\t\t\t\t\t\t<li><span class=\"c-tag\" data-variant=\"outline\">Elevintervjuer<\/span><\/li>\n\t\t\t\t\t\t\t\t\t\t\t\t\t\t\t\t\t<li><span class=\"c-tag\" data-variant=\"outline\">Samh\u00e4ll<\/span><\/li>\n\t\t\t\t\t\t\t\t\t\t\t\t\t\t\t<\/ul>\n\t\t\t\t\t\t\n\t\t\t\t\t\t<div class=\"c-card__icon\">\n\t\t\t\t\t\t\t\t\t\t\t\t\t\t<svg class=\"ams-icon ams-icon--arrow-right\" width=\"32\" height=\"32\" viewbox=\"0 0 32 32\" fill=\"currentColor\" aria-hidden=\"true\" xmlns=\"http:\/\/www.w3.org\/2000\/svg\">\n\t\t\t\t\t\t\t\t\t\t\t\t\t\t\t\t<path d=\"M15.4617 0.252159L14.9567 0.75931C14.6219 1.09545 14.6219 1.64048 14.9567 1.97669L27.7062 14.7806H0.857144C0.383786 14.7806 0 15.166 0 15.6414V16.3587C0 16.8341 0.383786 17.2195 0.857144 17.2195H27.7062L14.9567 30.0234C14.6219 30.3595 14.6219 30.9045 14.9567 31.2407L15.4617 31.7479C15.7964 32.084 16.3392 32.084 16.6739 31.7479L31.749 16.6087C32.0837 16.2725 32.0837 15.7275 31.749 15.3913L16.6739 0.252159C16.3392 -0.084053 15.7964 -0.084053 15.4617 0.252159Z\"\/>\n\t\t\t\t\t\t\t\n\t\t\t\t\t\t\t<\/svg>\n\t\t\t\t\t\t<\/div>\n\t\t\t\t\t<\/div>\n\n\t\t\t\t\t<div class=\"c-card__media u-radius-rounded\" style=\" --overlay-bg-hover: rgba(8,22,43,0.4);\">\n\t\t\t\t\t\t<img decoding=\"async\" width=\"400\" height=\"300\" src=\"https:\/\/procivitas.se\/wp-content\/uploads\/2023\/10\/astrid-400x300.jpeg\" class=\"attachment-sm size-sm\" alt=\"Personportr\u00e4tt\" sizes=\"(min-width: 64em) 300px, (min-width: 48em) calc(.50 * (100vw - 224px)), calc(100vw - 160px)\" srcset=\"https:\/\/procivitas.se\/wp-content\/uploads\/2023\/10\/astrid-400x300.jpeg 400w, https:\/\/procivitas.se\/wp-content\/uploads\/2023\/10\/astrid-300x225.jpeg 300w, https:\/\/procivitas.se\/wp-content\/uploads\/2023\/10\/astrid-600x450.jpeg 600w, https:\/\/procivitas.se\/wp-content\/uploads\/2023\/10\/astrid-800x600.jpeg 800w, https:\/\/procivitas.se\/wp-content\/uploads\/2023\/10\/astrid-768x576.jpeg 768w, https:\/\/procivitas.se\/wp-content\/uploads\/2023\/10\/astrid.jpeg 1024w\" \/>\n\t\t\t\t\t<\/div>\n\t\t\t\t<\/article>\n\t\t\t<\/li>\n\t\t\t\t\t\t\t\t\t\t\t\t\t\t\t\t\t\n\t\t\t\n\t\t\t\n\t\t\t<li class=\"l-col-6@md l-col-4@lg \" data-filter=\"elevintervjuer natur oktober-2023\">\n\t\t\t\t<article class=\"c-card  has-media-zoom has-media-overlay \" data-variant=\"neutral\" data-style=\"square\" data-click-area>\n\t\t\t\t\t<div class=\"c-card__content l-stack l-stack-sm\">\n\n\t\t\t\t\t\t\t\t\t\t\t\t\t<time class=\"c-card__date u-font-small\" datetime=\"2023-10-30\">30 oktober 2023<\/time>\n\t\t\t\t\t\t\n\t\t\t\t\t\t\t\t\t\t\t\t\t<h3 class=\"c-card__title u-font-title-3\">\n\t\t\t\t\t\t\t\t\t\t\t\t\t\t\t\t\t<a class=\"c-card__link\" href=\"https:\/\/procivitas.se\/lund\/nyheter\/lokal\/nelly-berattar-om-procivitas-karlberg\">\n\t\t\t\t\t\t\t\t\t\tNelly ber\u00e4ttar om Naturvetenskaps-programmet\n\t\t\t\t\t\t\t\t\t<\/a>\n\t\t\t\t\t\t\t\t\t\t\t\t\t\t\t<\/h3>\n\t\t\t\t\t\t\n\t\t\t\t\t\t\t\t\t\t\t\t\t<p class=\"c-card__text l-stack-xs u-font-body\">\n\t\t\t\t\t\t\t\tNelly l\u00e4ser tredje \u00e5ret p\u00e5 Naturvetenskapsprogrammet p\u00e5 ProCivitas. \n\t\t\t\t\t\t\t<\/p>\n\t\t\t\t\t\t\n\t\t\t\t\t\t\t\t\t\t\t\t\t<ul class=\"c-card__tags l-stack-grow u-list-none u-pt-md\" aria-label=\"Kategorier\">\n\t\t\t\t\t\t\t\t\t\t\t\t\t\t\t\t\t<li><span class=\"c-tag\" data-variant=\"outline\">Elevintervjuer<\/span><\/li>\n\t\t\t\t\t\t\t\t\t\t\t\t\t\t\t\t\t<li><span class=\"c-tag\" data-variant=\"outline\">Natur<\/span><\/li>\n\t\t\t\t\t\t\t\t\t\t\t\t\t\t\t<\/ul>\n\t\t\t\t\t\t\n\t\t\t\t\t\t<div class=\"c-card__icon\">\n\t\t\t\t\t\t\t\t\t\t\t\t\t\t<svg class=\"ams-icon ams-icon--arrow-right\" width=\"32\" height=\"32\" viewbox=\"0 0 32 32\" fill=\"currentColor\" aria-hidden=\"true\" xmlns=\"http:\/\/www.w3.org\/2000\/svg\">\n\t\t\t\t\t\t\t\t\t\t\t\t\t\t\t\t<path d=\"M15.4617 0.252159L14.9567 0.75931C14.6219 1.09545 14.6219 1.64048 14.9567 1.97669L27.7062 14.7806H0.857144C0.383786 14.7806 0 15.166 0 15.6414V16.3587C0 16.8341 0.383786 17.2195 0.857144 17.2195H27.7062L14.9567 30.0234C14.6219 30.3595 14.6219 30.9045 14.9567 31.2407L15.4617 31.7479C15.7964 32.084 16.3392 32.084 16.6739 31.7479L31.749 16.6087C32.0837 16.2725 32.0837 15.7275 31.749 15.3913L16.6739 0.252159C16.3392 -0.084053 15.7964 -0.084053 15.4617 0.252159Z\"\/>\n\t\t\t\t\t\t\t\n\t\t\t\t\t\t\t<\/svg>\n\t\t\t\t\t\t<\/div>\n\t\t\t\t\t<\/div>\n\n\t\t\t\t\t<div class=\"c-card__media u-radius-rounded\" style=\" --overlay-bg-hover: rgba(8,22,43,0.4);\">\n\t\t\t\t\t\t<img decoding=\"async\" width=\"400\" height=\"300\" src=\"https:\/\/procivitas.se\/wp-content\/uploads\/2023\/10\/nelly-400x300.jpeg\" class=\"attachment-sm size-sm\" alt=\"Personportr\u00e4tt\" sizes=\"(min-width: 64em) 300px, (min-width: 48em) calc(.50 * (100vw - 224px)), calc(100vw - 160px)\" srcset=\"https:\/\/procivitas.se\/wp-content\/uploads\/2023\/10\/nelly-400x300.jpeg 400w, https:\/\/procivitas.se\/wp-content\/uploads\/2023\/10\/nelly-300x225.jpeg 300w, https:\/\/procivitas.se\/wp-content\/uploads\/2023\/10\/nelly-600x450.jpeg 600w, https:\/\/procivitas.se\/wp-content\/uploads\/2023\/10\/nelly-800x600.jpeg 800w, https:\/\/procivitas.se\/wp-content\/uploads\/2023\/10\/nelly-1024x768.jpeg 1024w, https:\/\/procivitas.se\/wp-content\/uploads\/2023\/10\/nelly-1200x900.jpeg 1200w, https:\/\/procivitas.se\/wp-content\/uploads\/2023\/10\/nelly-768x576.jpeg 768w, https:\/\/procivitas.se\/wp-content\/uploads\/2023\/10\/nelly.jpeg 1280w\" \/>\n\t\t\t\t\t<\/div>\n\t\t\t\t<\/article>\n\t\t\t<\/li>\n\t\t\t\t\t\t\t\t\t\t\t\t\t\t\t\t\t\n\t\t\t\n\t\t\t\n\t\t\t<li class=\"l-col-6@md l-col-4@lg \" data-filter=\"ekonomi elevintervjuer oktober-2023\">\n\t\t\t\t<article class=\"c-card  has-media-zoom has-media-overlay \" data-variant=\"neutral\" data-style=\"square\" data-click-area>\n\t\t\t\t\t<div class=\"c-card__content l-stack l-stack-sm\">\n\n\t\t\t\t\t\t\t\t\t\t\t\t\t<time class=\"c-card__date u-font-small\" datetime=\"2023-10-27\">27 oktober 2023<\/time>\n\t\t\t\t\t\t\n\t\t\t\t\t\t\t\t\t\t\t\t\t<h3 class=\"c-card__title u-font-title-3\">\n\t\t\t\t\t\t\t\t\t\t\t\t\t\t\t\t\t<a class=\"c-card__link\" href=\"https:\/\/procivitas.se\/lund\/nyheter\/lokal\/elevintervju-med-jakob-holmqvist-enander\">\n\t\t\t\t\t\t\t\t\t\tIntervju med Jakob Holmqvist Enander\n\t\t\t\t\t\t\t\t\t<\/a>\n\t\t\t\t\t\t\t\t\t\t\t\t\t\t\t<\/h3>\n\t\t\t\t\t\t\n\t\t\t\t\t\t\t\t\t\t\t\t\t<p class=\"c-card__text l-stack-xs u-font-body\">\n\t\t\t\t\t\t\t\tJakob trivs med den lugna och trygga p\u00e5 skolan. Han tycker att man ska v\u00e4lja ProCivitas om man siktar h\u00f6gt, men samtidigt vill ha en rolig skoltid. \r\n\r\n\n\t\t\t\t\t\t\t<\/p>\n\t\t\t\t\t\t\n\t\t\t\t\t\t\t\t\t\t\t\t\t<ul class=\"c-card__tags l-stack-grow u-list-none u-pt-md\" aria-label=\"Kategorier\">\n\t\t\t\t\t\t\t\t\t\t\t\t\t\t\t\t\t<li><span class=\"c-tag\" data-variant=\"outline\">Ekonomi<\/span><\/li>\n\t\t\t\t\t\t\t\t\t\t\t\t\t\t\t\t\t<li><span class=\"c-tag\" data-variant=\"outline\">Elevintervjuer<\/span><\/li>\n\t\t\t\t\t\t\t\t\t\t\t\t\t\t\t<\/ul>\n\t\t\t\t\t\t\n\t\t\t\t\t\t<div class=\"c-card__icon\">\n\t\t\t\t\t\t\t\t\t\t\t\t\t\t<svg class=\"ams-icon ams-icon--arrow-right\" width=\"32\" height=\"32\" viewbox=\"0 0 32 32\" fill=\"currentColor\" aria-hidden=\"true\" xmlns=\"http:\/\/www.w3.org\/2000\/svg\">\n\t\t\t\t\t\t\t\t\t\t\t\t\t\t\t\t<path d=\"M15.4617 0.252159L14.9567 0.75931C14.6219 1.09545 14.6219 1.64048 14.9567 1.97669L27.7062 14.7806H0.857144C0.383786 14.7806 0 15.166 0 15.6414V16.3587C0 16.8341 0.383786 17.2195 0.857144 17.2195H27.7062L14.9567 30.0234C14.6219 30.3595 14.6219 30.9045 14.9567 31.2407L15.4617 31.7479C15.7964 32.084 16.3392 32.084 16.6739 31.7479L31.749 16.6087C32.0837 16.2725 32.0837 15.7275 31.749 15.3913L16.6739 0.252159C16.3392 -0.084053 15.7964 -0.084053 15.4617 0.252159Z\"\/>\n\t\t\t\t\t\t\t\n\t\t\t\t\t\t\t<\/svg>\n\t\t\t\t\t\t<\/div>\n\t\t\t\t\t<\/div>\n\n\t\t\t\t\t<div class=\"c-card__media u-radius-rounded\" style=\" --overlay-bg-hover: rgba(8,22,43,0.4);\">\n\t\t\t\t\t\t<img decoding=\"async\" width=\"234\" height=\"300\" src=\"https:\/\/procivitas.se\/wp-content\/uploads\/2023\/10\/jakob-holmqvist-enander.png\" class=\"attachment-sm size-sm\" alt=\"Personportr\u00e4tt\" sizes=\"(min-width: 64em) 300px, (min-width: 48em) calc(.50 * (100vw - 224px)), calc(100vw - 160px)\" \/>\n\t\t\t\t\t<\/div>\n\t\t\t\t<\/article>\n\t\t\t<\/li>\n\t\t\t\t\t\t\t\t\t\t\t\t\t\t\t\t\t\n\t\t\t\n\t\t\t\n\t\t\t<li class=\"l-col-6@md l-col-4@lg \" data-filter=\"ung-foretagsamhet oktober-2023\">\n\t\t\t\t<article class=\"c-card  has-media-zoom has-media-overlay \" data-variant=\"neutral\" data-style=\"square\" data-click-area>\n\t\t\t\t\t<div class=\"c-card__content l-stack l-stack-sm\">\n\n\t\t\t\t\t\t\t\t\t\t\t\t\t<time class=\"c-card__date u-font-small\" datetime=\"2023-10-23\">23 oktober 2023<\/time>\n\t\t\t\t\t\t\n\t\t\t\t\t\t\t\t\t\t\t\t\t<h3 class=\"c-card__title u-font-title-3\">\n\t\t\t\t\t\t\t\t\t\t\t\t\t\t\t\t\t<a class=\"c-card__link\" href=\"https:\/\/procivitas.se\/lund\/nyheter\/lokal\/rawstraw-uf-foretaget-som-blev-ett-framgangsrikt-ab\">\n\t\t\t\t\t\t\t\t\t\tRawstraw &#8211; UF-f\u00f6retaget som blev ett AB\n\t\t\t\t\t\t\t\t\t<\/a>\n\t\t\t\t\t\t\t\t\t\t\t\t\t\t\t<\/h3>\n\t\t\t\t\t\t\n\t\t\t\t\t\t\t\t\t\t\t\t\t<p class=\"c-card__text l-stack-xs u-font-body\">\n\t\t\t\t\t\t\t\tElise och Josephine tog examen fr\u00e5n ProCivitas Malm\u00f6 2019. I dag driver de det framg\u00e5ngsrika f\u00f6retaget Rawstraw. \n\t\t\t\t\t\t\t<\/p>\n\t\t\t\t\t\t\n\t\t\t\t\t\t\t\t\t\t\t\t\t<ul class=\"c-card__tags l-stack-grow u-list-none u-pt-md\" aria-label=\"Kategorier\">\n\t\t\t\t\t\t\t\t\t\t\t\t\t\t\t\t\t<li><span class=\"c-tag\" data-variant=\"outline\">Ung f\u00f6retagsamhet<\/span><\/li>\n\t\t\t\t\t\t\t\t\t\t\t\t\t\t\t<\/ul>\n\t\t\t\t\t\t\n\t\t\t\t\t\t<div class=\"c-card__icon\">\n\t\t\t\t\t\t\t\t\t\t\t\t\t\t<svg class=\"ams-icon ams-icon--arrow-right\" width=\"32\" height=\"32\" viewbox=\"0 0 32 32\" fill=\"currentColor\" aria-hidden=\"true\" xmlns=\"http:\/\/www.w3.org\/2000\/svg\">\n\t\t\t\t\t\t\t\t\t\t\t\t\t\t\t\t<path d=\"M15.4617 0.252159L14.9567 0.75931C14.6219 1.09545 14.6219 1.64048 14.9567 1.97669L27.7062 14.7806H0.857144C0.383786 14.7806 0 15.166 0 15.6414V16.3587C0 16.8341 0.383786 17.2195 0.857144 17.2195H27.7062L14.9567 30.0234C14.6219 30.3595 14.6219 30.9045 14.9567 31.2407L15.4617 31.7479C15.7964 32.084 16.3392 32.084 16.6739 31.7479L31.749 16.6087C32.0837 16.2725 32.0837 15.7275 31.749 15.3913L16.6739 0.252159C16.3392 -0.084053 15.7964 -0.084053 15.4617 0.252159Z\"\/>\n\t\t\t\t\t\t\t\n\t\t\t\t\t\t\t<\/svg>\n\t\t\t\t\t\t<\/div>\n\t\t\t\t\t<\/div>\n\n\t\t\t\t\t<div class=\"c-card__media u-radius-rounded\" style=\" --overlay-bg-hover: rgba(8,22,43,0.4);\">\n\t\t\t\t\t\t<img decoding=\"async\" width=\"400\" height=\"236\" src=\"https:\/\/procivitas.se\/wp-content\/uploads\/2023\/10\/procivitas-uf-rawstraw-400x236.jpeg\" class=\"attachment-sm size-sm\" alt=\"Grundarna av Rawstraw\" sizes=\"(min-width: 64em) 300px, (min-width: 48em) calc(.50 * (100vw - 224px)), calc(100vw - 160px)\" srcset=\"https:\/\/procivitas.se\/wp-content\/uploads\/2023\/10\/procivitas-uf-rawstraw-400x236.jpeg 400w, https:\/\/procivitas.se\/wp-content\/uploads\/2023\/10\/procivitas-uf-rawstraw-300x177.jpeg 300w, https:\/\/procivitas.se\/wp-content\/uploads\/2023\/10\/procivitas-uf-rawstraw-600x353.jpeg 600w, https:\/\/procivitas.se\/wp-content\/uploads\/2023\/10\/procivitas-uf-rawstraw-800x471.jpeg 800w, https:\/\/procivitas.se\/wp-content\/uploads\/2023\/10\/procivitas-uf-rawstraw.jpeg 912w\" \/>\n\t\t\t\t\t<\/div>\n\t\t\t\t<\/article>\n\t\t\t<\/li>\n\t\t\t\t\t\t\t\t\t\t\t\t\t\t\t\t\t\n\t\t\t\n\t\t\t\n\t\t\t<li class=\"l-col-6@md l-col-4@lg \" data-filter=\"alumner oktober-2023\">\n\t\t\t\t<article class=\"c-card  has-media-zoom has-media-overlay \" data-variant=\"neutral\" data-style=\"square\" data-click-area>\n\t\t\t\t\t<div class=\"c-card__content l-stack l-stack-sm\">\n\n\t\t\t\t\t\t\t\t\t\t\t\t\t<time class=\"c-card__date u-font-small\" datetime=\"2023-10-19\">19 oktober 2023<\/time>\n\t\t\t\t\t\t\n\t\t\t\t\t\t\t\t\t\t\t\t\t<h3 class=\"c-card__title u-font-title-3\">\n\t\t\t\t\t\t\t\t\t\t\t\t\t\t\t\t\t<a class=\"c-card__link\" href=\"https:\/\/procivitas.se\/lund\/nyheter\/lokal\/felicia-fritz-ekonom\">\n\t\t\t\t\t\t\t\t\t\tM\u00f6t alumnen Felicia\n\t\t\t\t\t\t\t\t\t<\/a>\n\t\t\t\t\t\t\t\t\t\t\t\t\t\t\t<\/h3>\n\t\t\t\t\t\t\n\t\t\t\t\t\t\t\t\t\t\t\t\t<p class=\"c-card__text l-stack-xs u-font-body\">\n\t\t\t\t\t\t\t\tFelicia \u00e4r en av ProCivitas alumner och tog studenten fr\u00e5n ProCivitas Lund 2017. \n\t\t\t\t\t\t\t<\/p>\n\t\t\t\t\t\t\n\t\t\t\t\t\t\t\t\t\t\t\t\t<ul class=\"c-card__tags l-stack-grow u-list-none u-pt-md\" aria-label=\"Kategorier\">\n\t\t\t\t\t\t\t\t\t\t\t\t\t\t\t\t\t<li><span class=\"c-tag\" data-variant=\"outline\">Alumner<\/span><\/li>\n\t\t\t\t\t\t\t\t\t\t\t\t\t\t\t<\/ul>\n\t\t\t\t\t\t\n\t\t\t\t\t\t<div class=\"c-card__icon\">\n\t\t\t\t\t\t\t\t\t\t\t\t\t\t<svg class=\"ams-icon ams-icon--arrow-right\" width=\"32\" height=\"32\" viewbox=\"0 0 32 32\" fill=\"currentColor\" aria-hidden=\"true\" xmlns=\"http:\/\/www.w3.org\/2000\/svg\">\n\t\t\t\t\t\t\t\t\t\t\t\t\t\t\t\t<path d=\"M15.4617 0.252159L14.9567 0.75931C14.6219 1.09545 14.6219 1.64048 14.9567 1.97669L27.7062 14.7806H0.857144C0.383786 14.7806 0 15.166 0 15.6414V16.3587C0 16.8341 0.383786 17.2195 0.857144 17.2195H27.7062L14.9567 30.0234C14.6219 30.3595 14.6219 30.9045 14.9567 31.2407L15.4617 31.7479C15.7964 32.084 16.3392 32.084 16.6739 31.7479L31.749 16.6087C32.0837 16.2725 32.0837 15.7275 31.749 15.3913L16.6739 0.252159C16.3392 -0.084053 15.7964 -0.084053 15.4617 0.252159Z\"\/>\n\t\t\t\t\t\t\t\n\t\t\t\t\t\t\t<\/svg>\n\t\t\t\t\t\t<\/div>\n\t\t\t\t\t<\/div>\n\n\t\t\t\t\t<div class=\"c-card__media u-radius-rounded\" style=\" --overlay-bg-hover: rgba(8,22,43,0.4);\">\n\t\t\t\t\t\t<img decoding=\"async\" width=\"400\" height=\"504\" src=\"https:\/\/procivitas.se\/wp-content\/uploads\/2023\/10\/pclundfeliciafritz-400x504.jpeg\" class=\"attachment-sm size-sm\" alt=\"Portr\u00e4ttbild, Felizia Fritz\" sizes=\"(min-width: 64em) 300px, (min-width: 48em) calc(.50 * (100vw - 224px)), calc(100vw - 160px)\" srcset=\"https:\/\/procivitas.se\/wp-content\/uploads\/2023\/10\/pclundfeliciafritz-400x504.jpeg 400w, https:\/\/procivitas.se\/wp-content\/uploads\/2023\/10\/pclundfeliciafritz-300x378.jpeg 300w, https:\/\/procivitas.se\/wp-content\/uploads\/2023\/10\/pclundfeliciafritz-600x757.jpeg 600w, https:\/\/procivitas.se\/wp-content\/uploads\/2023\/10\/pclundfeliciafritz-800x1009.jpeg 800w, https:\/\/procivitas.se\/wp-content\/uploads\/2023\/10\/pclundfeliciafritz.jpeg 1015w\" \/>\n\t\t\t\t\t<\/div>\n\t\t\t\t<\/article>\n\t\t\t<\/li>\n\t\t\t<\/ul>\n\n\t<div class=\"no-results u-mt-0 u-hide\" data-filter-fallback-id=\"ams-article-list-69f589439fd6d\">\n\t<p>Det finns inga resultat som matchar din filtrering.<\/p>\n<\/div>\n\n\t    <div class=\"ams-article__more u-inline-items js-load-more-btn\">\n        <button href=\"#\"\n                class=\"c-btn\"\n                data-style=\"rounded\"\n                data-size=\"md\"\n                data-width=\"full-mobile\"\n                data-variant=\"outline\">\n        \tVisa fler resultat\n        <\/button>\n    <\/div>\n\n\n\t\t\n\t\t\t<div class=\"ams-article__action u-inline-items\">\n\t\t\t\t\t\t\t\n\n\n<a href=\"https:\/\/procivitas.se\/lund\/nyheter\/\"\n\t\n\tclass=\"c-btn \"\n\tdata-style=\"rounded\"\n\tdata-size=\"md\"\n\tdata-width=\"full-mobile\"\n\tdata-variant=\"default\"\n\ttarget=\"_self\">\n\t\t\t<span class=\"label\"> Se alla nyheter<\/span>\n\t\t\t<\/a>\n\t\t\t<\/div>\n\t<\/div>\n\n\t\t\n\n<\/section>\n","protected":false},"template":"","article_category":[23],"yoast_head":"<!-- This site is optimized with the Yoast SEO plugin v22.0 - https:\/\/yoast.com\/wordpress\/plugins\/seo\/ -->\n<title>Lund<\/title>\n<meta name=\"description\" content=\"Eliott \u00e4r ordf\u00f6rande i elevk\u00e5ren p\u00e5 ProCivitas Lund, h\u00e4r ber\u00e4ttar han mer om sitt uppdrag.\" \/>\n<meta name=\"robots\" content=\"index, follow, max-snippet:-1, max-image-preview:large, max-video-preview:-1\" \/>\n<link rel=\"canonical\" href=\"https:\/\/procivitas.se\/lund\/nyheter\/elliot-wigg-ordforande-i-elevkaren\/\" \/>\n<meta property=\"og:locale\" content=\"sv_SE\" \/>\n<meta property=\"og:type\" content=\"article\" \/>\n<meta property=\"og:description\" content=\"Eliott \u00e4r ordf\u00f6rande i elevk\u00e5ren p\u00e5 ProCivitas Lund, h\u00e4r ber\u00e4ttar han mer om sitt uppdrag.\" \/>\n<meta property=\"og:url\" content=\"https:\/\/procivitas.se\/lund\/nyheter\/elliot-wigg-ordforande-i-elevkaren\/\" \/>\n<meta property=\"og:site_name\" content=\"Lund\" \/>\n<meta property=\"article:modified_time\" content=\"2024-02-02T09:27:57+00:00\" \/>\n<meta name=\"twitter:card\" content=\"summary_large_image\" \/>\n<meta name=\"twitter:description\" content=\"Eliott \u00e4r ordf\u00f6rande i elevk\u00e5ren p\u00e5 ProCivitas Lund, h\u00e4r ber\u00e4ttar han mer om sitt uppdrag.\" \/>\n<meta name=\"twitter:label1\" content=\"Est. reading time\" \/>\n\t<meta name=\"twitter:data1\" content=\"2 minuter\" \/>\n<script type=\"application\/ld+json\" class=\"yoast-schema-graph\">{\"@context\":\"https:\/\/schema.org\",\"@graph\":[{\"@type\":\"WebPage\",\"@id\":\"https:\/\/procivitas.se\/lund\/nyheter\/elliot-wigg-ordforande-i-elevkaren\/\",\"url\":\"https:\/\/procivitas.se\/lund\/nyheter\/elliot-wigg-ordforande-i-elevkaren\/\",\"name\":\"Elliot Wigg \u2013 Ordf\u00f6rande i Elevk\u00e5ren - Lund\",\"isPartOf\":{\"@id\":\"https:\/\/procivitas.se\/lund\/#website\"},\"datePublished\":\"2023-10-30T09:06:43+00:00\",\"dateModified\":\"2024-02-02T09:27:57+00:00\",\"description\":\"Eliott \u00e4r ordf\u00f6rande i elevk\u00e5ren p\u00e5 ProCivitas Lund, h\u00e4r ber\u00e4ttar han mer om sitt uppdrag.\",\"breadcrumb\":{\"@id\":\"https:\/\/procivitas.se\/lund\/nyheter\/elliot-wigg-ordforande-i-elevkaren\/#breadcrumb\"},\"inLanguage\":\"sv-SE\",\"potentialAction\":[{\"@type\":\"ReadAction\",\"target\":[\"https:\/\/procivitas.se\/lund\/nyheter\/elliot-wigg-ordforande-i-elevkaren\/\"]}]},{\"@type\":\"BreadcrumbList\",\"@id\":\"https:\/\/procivitas.se\/lund\/nyheter\/elliot-wigg-ordforande-i-elevkaren\/#breadcrumb\",\"itemListElement\":[{\"@type\":\"ListItem\",\"position\":1,\"name\":\"Start\",\"item\":\"https:\/\/procivitas.se\/lund\"},{\"@type\":\"ListItem\",\"position\":2,\"name\":\"Nyheter\"}]},{\"@type\":\"WebSite\",\"@id\":\"https:\/\/procivitas.se\/lund\/#website\",\"url\":\"https:\/\/procivitas.se\/lund\/\",\"name\":\"Lund\",\"description\":\"Just another WordPress site\",\"potentialAction\":[{\"@type\":\"SearchAction\",\"target\":{\"@type\":\"EntryPoint\",\"urlTemplate\":\"https:\/\/procivitas.se\/lund\/?s={search_term_string}\"},\"query-input\":\"required name=search_term_string\"}],\"inLanguage\":\"sv-SE\"}]}<\/script>\n<!-- \/ Yoast SEO plugin. -->","yoast_head_json":{"title":"Lund","description":"Eliott \u00e4r ordf\u00f6rande i elevk\u00e5ren p\u00e5 ProCivitas Lund, h\u00e4r ber\u00e4ttar han mer om sitt uppdrag.","robots":{"index":"index","follow":"follow","max-snippet":"max-snippet:-1","max-image-preview":"max-image-preview:large","max-video-preview":"max-video-preview:-1"},"canonical":"https:\/\/procivitas.se\/lund\/nyheter\/elliot-wigg-ordforande-i-elevkaren\/","og_locale":"sv_SE","og_type":"article","og_description":"Eliott \u00e4r ordf\u00f6rande i elevk\u00e5ren p\u00e5 ProCivitas Lund, h\u00e4r ber\u00e4ttar han mer om sitt uppdrag.","og_url":"https:\/\/procivitas.se\/lund\/nyheter\/elliot-wigg-ordforande-i-elevkaren\/","og_site_name":"Lund","article_modified_time":"2024-02-02T09:27:57+00:00","twitter_card":"summary_large_image","twitter_description":"Eliott \u00e4r ordf\u00f6rande i elevk\u00e5ren p\u00e5 ProCivitas Lund, h\u00e4r ber\u00e4ttar han mer om sitt uppdrag.","twitter_misc":{"Est. reading time":"2 minuter"},"schema":{"@context":"https:\/\/schema.org","@graph":[{"@type":"WebPage","@id":"https:\/\/procivitas.se\/lund\/nyheter\/elliot-wigg-ordforande-i-elevkaren\/","url":"https:\/\/procivitas.se\/lund\/nyheter\/elliot-wigg-ordforande-i-elevkaren\/","name":"Elliot Wigg \u2013 Ordf\u00f6rande i Elevk\u00e5ren - Lund","isPartOf":{"@id":"https:\/\/procivitas.se\/lund\/#website"},"datePublished":"2023-10-30T09:06:43+00:00","dateModified":"2024-02-02T09:27:57+00:00","description":"Eliott \u00e4r ordf\u00f6rande i elevk\u00e5ren p\u00e5 ProCivitas Lund, h\u00e4r ber\u00e4ttar han mer om sitt uppdrag.","breadcrumb":{"@id":"https:\/\/procivitas.se\/lund\/nyheter\/elliot-wigg-ordforande-i-elevkaren\/#breadcrumb"},"inLanguage":"sv-SE","potentialAction":[{"@type":"ReadAction","target":["https:\/\/procivitas.se\/lund\/nyheter\/elliot-wigg-ordforande-i-elevkaren\/"]}]},{"@type":"BreadcrumbList","@id":"https:\/\/procivitas.se\/lund\/nyheter\/elliot-wigg-ordforande-i-elevkaren\/#breadcrumb","itemListElement":[{"@type":"ListItem","position":1,"name":"Start","item":"https:\/\/procivitas.se\/lund"},{"@type":"ListItem","position":2,"name":"Nyheter"}]},{"@type":"WebSite","@id":"https:\/\/procivitas.se\/lund\/#website","url":"https:\/\/procivitas.se\/lund\/","name":"Lund","description":"Just another WordPress site","potentialAction":[{"@type":"SearchAction","target":{"@type":"EntryPoint","urlTemplate":"https:\/\/procivitas.se\/lund\/?s={search_term_string}"},"query-input":"required name=search_term_string"}],"inLanguage":"sv-SE"}]}},"_links":{"self":[{"href":"https:\/\/procivitas.se\/lund\/wp-json\/wp\/v2\/article\/1996"}],"collection":[{"href":"https:\/\/procivitas.se\/lund\/wp-json\/wp\/v2\/article"}],"about":[{"href":"https:\/\/procivitas.se\/lund\/wp-json\/wp\/v2\/types\/article"}],"wp:attachment":[{"href":"https:\/\/procivitas.se\/lund\/wp-json\/wp\/v2\/media?parent=1996"}],"wp:term":[{"taxonomy":"article_category","embeddable":true,"href":"https:\/\/procivitas.se\/lund\/wp-json\/wp\/v2\/article_category?post=1996"}],"curies":[{"name":"wp","href":"https:\/\/api.w.org\/{rel}","templated":true}]}}