{"id":2633,"date":"2023-11-02T16:32:27","date_gmt":"2023-11-02T15:32:27","guid":{"rendered":"https:\/\/procivitas.se\/malmo\/?post_type=article&#038;p=2633"},"modified":"2025-06-10T13:54:13","modified_gmt":"2025-06-10T11:54:13","slug":"informationskvall-om-niu-7-11-2023","status":"publish","type":"article","link":"https:\/\/procivitas.se\/malmo\/nyheter\/informationskvall-om-niu-7-11-2023\/","title":{"rendered":"Informationskv\u00e4ll om NIU 7\/11-2023"},"content":{"rendered":"\n<div class=\"wp-block-columns is-layout-flex wp-container-core-columns-layout-1 wp-block-columns-is-layout-flex\"><\/div>\n\n\n\n<div class=\"wp-block-columns is-layout-flex wp-container-core-columns-layout-2 wp-block-columns-is-layout-flex\">\n<div class=\"wp-block-column is-layout-flow wp-block-column-is-layout-flow\" style=\"flex-basis:15%\"><\/div>\n\n\n\n<div class=\"wp-block-column is-layout-flow wp-block-column-is-layout-flow\" style=\"flex-basis:70%\">\n<h1 class=\"wp-block-heading\">Informationskv\u00e4ll om NIU 7\/11-2023 kl. 17<\/h1>\n\n\n\n<p   class=\"site__ingress container text-left  site__text-color--dark  site__free_text--ingress p-0\">\n\tVarmt v\u00e4lkommen att bes\u00f6ka v\u00e5r skola f\u00f6r att l\u00e4ra dig mer om NIU-fotboll den 7\/11 kl. 17 i aulan Kamprad. Ingen f\u00f6ranm\u00e4lan kr\u00e4vs f\u00f6r att delta. <\/p>\n\n\n\n\n\n<p><strong>Ans\u00f6kan<\/strong><\/p>\n\n\n\n<p>Du s\u00f6ker Nationell Godk\u00e4nd idrottsutbildning via f\u00f6ljande l\u00e4nk: <a href=\"https:\/\/gymnasieansokan.svenskfotboll.se\/\" target=\"_blank\" rel=\"noreferrer noopener\">https:\/\/gymnasieansokan.svenskfotboll.se\/<\/a><\/p>\n\n\n\n<p><meta charset=\"utf-8\"><strong>Provspel<\/strong><\/p>\n\n\n\n<p>N\u00e4r du skickat in din ans\u00f6kan (senast den 1\/12 s\u00e5 kallas du till provspel. Provspel kommer att ske under december m\u00e5nad. F\u00f6r att f\u00e5 en NIU-plats s\u00e5 kr\u00e4vs det att dina meritv\u00e4rden r\u00e4cker f\u00f6r att bli antagen p\u00e5 programmet du \u00e4r intresserad av. Ans\u00f6kan till programmet sker i vanlig ordning via skanegy.se i februari.<\/p>\n\n\n\n<p><\/p>\n\n\n\n<p><\/p>\n\n\n\n<p><strong>V\u00e5ra instrukt\u00f6rer<\/strong><\/p>\n\n\n\n<p>Killar: Boris Bjelkanovic (MFF)<\/p>\n\n\n\n<p>Tjejer: Marcus Kaloudis (FCR)<\/p>\n\n\n\n<p><\/p>\n\n\n\n<p><\/p>\n\n\n\n<p><strong>Kontaktperson fr\u00e5n skolan<\/strong><\/p>\n\n\n\n<p>Anders Jeppsson<\/p>\n\n\n\n<p>E-post: <a href=\"mailto:anders.jeppson@procivitas.se\">anders.jeppsson@procivitas.se<\/a><\/p>\n\n\n\n<p>Tel: 0730-318183<\/p>\n<\/div>\n\n\n\n<div class=\"wp-block-column is-layout-flow wp-block-column-is-layout-flow\" style=\"flex-basis:15%\"><\/div>\n<\/div>\n\n\n\n\n<section  class=\"ams-cta ams-cta--stacked c-block l-stacked\" data-color-scheme=\"blue\">\n\t<div class=\"l-container l-stack l-stack-fluid-2xl u-pt-fluid-3xl-6xl u-pb-fluid-3xl-6xl is-center is-center@md\">\n\t\t\t\t\t<div class=\"ams-cta__intro l-stack l-stack-lg\">\n\t\t\t\t\t\n\t<h2\n\tclass=\"c-heading u-font-title-1 \"\n\tstyle=\"\">\n\t\t\n\t\t\t\t\tVill du veta mer?\n\t\t\t\t\n\t<\/h2>\n\n\t\t\t\t\t\t\t\t\t<div class=\"c-text l-stack u-cs-xl u-font-body\">\n\t\t\t\t\t\t<p>Inom ramen f\u00f6r GY11 har ProCivitas i Malm\u00f6 f\u00e5tt godk\u00e4nt av Skolverket att anordna Nationellt godk\u00e4nd idrottsutbildning (NIU) inom fotboll. Detta \u00e4r ett idrottsgymnasiealternativ som v\u00e4nder sig till elever som har nationell elit som m\u00e5l. L\u00e4s g\u00e4rna mer om vad detta inneb\u00e4r.<\/p>\n\n\t\t\t\t\t<\/div>\n\t\t\t\t\t\t\t<\/div>\n\t\t\n\t\t\n\t\t\t<div class=\"ams-cta__action u-inline-items\">\n\t\t\t\t\t\t\t\n\n\n<a href=\"https:\/\/procivitas.se\/malmo\/var-skola\/niu\/\"\n\t\n\tclass=\"c-btn \"\n\tdata-style=\"rounded\"\n\tdata-size=\"md\"\n\tdata-width=\"full-mobile\"\n\tdata-variant=\"default\"\n\ttarget=\"_self\">\n\t\t\t<span class=\"label\"> L\u00e4s mer om NIU<\/span>\n\t\t\t<\/a>\n\t\t\t<\/div>\n\t<\/div>\n\n\t\t\n\n<\/section>\n","protected":false},"template":"","article_category":[5],"yoast_head":"<!-- This site is optimized with the Yoast SEO plugin v22.0 - https:\/\/yoast.com\/wordpress\/plugins\/seo\/ -->\n<title>Malm\u00f6<\/title>\n<meta name=\"description\" content=\"V\u00e4lkommen p\u00e5 informationskv\u00e4ll om NIU-fotboll p\u00e5 ProCivitas Malm\u00f6! M\u00f6t tr\u00e4nare, l\u00e4rare och f\u00e5 svar p\u00e5 dina fr\u00e5gor.\" \/>\n<meta name=\"robots\" content=\"index, follow, max-snippet:-1, max-image-preview:large, max-video-preview:-1\" \/>\n<link rel=\"canonical\" href=\"https:\/\/procivitas.se\/malmo\/nyheter\/informationskvall-om-niu-7-11-2023\/\" \/>\n<meta property=\"og:locale\" content=\"sv_SE\" \/>\n<meta property=\"og:type\" content=\"article\" \/>\n<meta property=\"og:description\" content=\"V\u00e4lkommen p\u00e5 informationskv\u00e4ll om NIU-fotboll p\u00e5 ProCivitas Malm\u00f6! M\u00f6t tr\u00e4nare, l\u00e4rare och f\u00e5 svar p\u00e5 dina fr\u00e5gor.\" \/>\n<meta property=\"og:url\" content=\"https:\/\/procivitas.se\/malmo\/nyheter\/informationskvall-om-niu-7-11-2023\/\" \/>\n<meta property=\"og:site_name\" content=\"Malm\u00f6\" \/>\n<meta property=\"article:modified_time\" content=\"2025-06-10T11:54:13+00:00\" \/>\n<meta name=\"twitter:card\" content=\"summary_large_image\" \/>\n<meta name=\"twitter:description\" content=\"V\u00e4lkommen p\u00e5 informationskv\u00e4ll om NIU-fotboll p\u00e5 ProCivitas Malm\u00f6! M\u00f6t tr\u00e4nare, l\u00e4rare och f\u00e5 svar p\u00e5 dina fr\u00e5gor.\" \/>\n<meta name=\"twitter:label1\" content=\"Est. reading time\" \/>\n\t<meta name=\"twitter:data1\" content=\"1 minut\" \/>\n<script type=\"application\/ld+json\" class=\"yoast-schema-graph\">{\"@context\":\"https:\/\/schema.org\",\"@graph\":[{\"@type\":\"WebPage\",\"@id\":\"https:\/\/procivitas.se\/malmo\/nyheter\/informationskvall-om-niu-7-11-2023\/\",\"url\":\"https:\/\/procivitas.se\/malmo\/nyheter\/informationskvall-om-niu-7-11-2023\/\",\"name\":\"Informationskv\u00e4ll om NIU 7\/11-2023 - Malm\u00f6\",\"isPartOf\":{\"@id\":\"https:\/\/procivitas.se\/malmo\/#website\"},\"datePublished\":\"2023-11-02T15:32:27+00:00\",\"dateModified\":\"2025-06-10T11:54:13+00:00\",\"description\":\"V\u00e4lkommen p\u00e5 informationskv\u00e4ll om NIU-fotboll p\u00e5 ProCivitas Malm\u00f6! M\u00f6t tr\u00e4nare, l\u00e4rare och f\u00e5 svar p\u00e5 dina fr\u00e5gor.\",\"breadcrumb\":{\"@id\":\"https:\/\/procivitas.se\/malmo\/nyheter\/informationskvall-om-niu-7-11-2023\/#breadcrumb\"},\"inLanguage\":\"sv-SE\",\"potentialAction\":[{\"@type\":\"ReadAction\",\"target\":[\"https:\/\/procivitas.se\/malmo\/nyheter\/informationskvall-om-niu-7-11-2023\/\"]}]},{\"@type\":\"BreadcrumbList\",\"@id\":\"https:\/\/procivitas.se\/malmo\/nyheter\/informationskvall-om-niu-7-11-2023\/#breadcrumb\",\"itemListElement\":[{\"@type\":\"ListItem\",\"position\":1,\"name\":\"Start\",\"item\":\"https:\/\/procivitas.se\/malmo\"},{\"@type\":\"ListItem\",\"position\":2,\"name\":\"Nyheter\"}]},{\"@type\":\"WebSite\",\"@id\":\"https:\/\/procivitas.se\/malmo\/#website\",\"url\":\"https:\/\/procivitas.se\/malmo\/\",\"name\":\"Malm\u00f6\",\"description\":\"Just another WordPress site\",\"potentialAction\":[{\"@type\":\"SearchAction\",\"target\":{\"@type\":\"EntryPoint\",\"urlTemplate\":\"https:\/\/procivitas.se\/malmo\/?s={search_term_string}\"},\"query-input\":\"required name=search_term_string\"}],\"inLanguage\":\"sv-SE\"}]}<\/script>\n<!-- \/ Yoast SEO plugin. -->","yoast_head_json":{"title":"Malm\u00f6","description":"V\u00e4lkommen p\u00e5 informationskv\u00e4ll om NIU-fotboll p\u00e5 ProCivitas Malm\u00f6! M\u00f6t tr\u00e4nare, l\u00e4rare och f\u00e5 svar p\u00e5 dina fr\u00e5gor.","robots":{"index":"index","follow":"follow","max-snippet":"max-snippet:-1","max-image-preview":"max-image-preview:large","max-video-preview":"max-video-preview:-1"},"canonical":"https:\/\/procivitas.se\/malmo\/nyheter\/informationskvall-om-niu-7-11-2023\/","og_locale":"sv_SE","og_type":"article","og_description":"V\u00e4lkommen p\u00e5 informationskv\u00e4ll om NIU-fotboll p\u00e5 ProCivitas Malm\u00f6! M\u00f6t tr\u00e4nare, l\u00e4rare och f\u00e5 svar p\u00e5 dina fr\u00e5gor.","og_url":"https:\/\/procivitas.se\/malmo\/nyheter\/informationskvall-om-niu-7-11-2023\/","og_site_name":"Malm\u00f6","article_modified_time":"2025-06-10T11:54:13+00:00","twitter_card":"summary_large_image","twitter_description":"V\u00e4lkommen p\u00e5 informationskv\u00e4ll om NIU-fotboll p\u00e5 ProCivitas Malm\u00f6! M\u00f6t tr\u00e4nare, l\u00e4rare och f\u00e5 svar p\u00e5 dina fr\u00e5gor.","twitter_misc":{"Est. reading time":"1 minut"},"schema":{"@context":"https:\/\/schema.org","@graph":[{"@type":"WebPage","@id":"https:\/\/procivitas.se\/malmo\/nyheter\/informationskvall-om-niu-7-11-2023\/","url":"https:\/\/procivitas.se\/malmo\/nyheter\/informationskvall-om-niu-7-11-2023\/","name":"Informationskv\u00e4ll om NIU 7\/11-2023 - Malm\u00f6","isPartOf":{"@id":"https:\/\/procivitas.se\/malmo\/#website"},"datePublished":"2023-11-02T15:32:27+00:00","dateModified":"2025-06-10T11:54:13+00:00","description":"V\u00e4lkommen p\u00e5 informationskv\u00e4ll om NIU-fotboll p\u00e5 ProCivitas Malm\u00f6! M\u00f6t tr\u00e4nare, l\u00e4rare och f\u00e5 svar p\u00e5 dina fr\u00e5gor.","breadcrumb":{"@id":"https:\/\/procivitas.se\/malmo\/nyheter\/informationskvall-om-niu-7-11-2023\/#breadcrumb"},"inLanguage":"sv-SE","potentialAction":[{"@type":"ReadAction","target":["https:\/\/procivitas.se\/malmo\/nyheter\/informationskvall-om-niu-7-11-2023\/"]}]},{"@type":"BreadcrumbList","@id":"https:\/\/procivitas.se\/malmo\/nyheter\/informationskvall-om-niu-7-11-2023\/#breadcrumb","itemListElement":[{"@type":"ListItem","position":1,"name":"Start","item":"https:\/\/procivitas.se\/malmo"},{"@type":"ListItem","position":2,"name":"Nyheter"}]},{"@type":"WebSite","@id":"https:\/\/procivitas.se\/malmo\/#website","url":"https:\/\/procivitas.se\/malmo\/","name":"Malm\u00f6","description":"Just another WordPress site","potentialAction":[{"@type":"SearchAction","target":{"@type":"EntryPoint","urlTemplate":"https:\/\/procivitas.se\/malmo\/?s={search_term_string}"},"query-input":"required name=search_term_string"}],"inLanguage":"sv-SE"}]}},"_links":{"self":[{"href":"https:\/\/procivitas.se\/malmo\/wp-json\/wp\/v2\/article\/2633"}],"collection":[{"href":"https:\/\/procivitas.se\/malmo\/wp-json\/wp\/v2\/article"}],"about":[{"href":"https:\/\/procivitas.se\/malmo\/wp-json\/wp\/v2\/types\/article"}],"wp:attachment":[{"href":"https:\/\/procivitas.se\/malmo\/wp-json\/wp\/v2\/media?parent=2633"}],"wp:term":[{"taxonomy":"article_category","embeddable":true,"href":"https:\/\/procivitas.se\/malmo\/wp-json\/wp\/v2\/article_category?post=2633"}],"curies":[{"name":"wp","href":"https:\/\/api.w.org\/{rel}","templated":true}]}}