{"id":2786,"date":"2024-01-30T08:54:47","date_gmt":"2024-01-30T07:54:47","guid":{"rendered":"https:\/\/procivitas.se\/stockholm\/?post_type=article&#038;p=2786"},"modified":"2024-02-02T13:39:40","modified_gmt":"2024-02-02T12:39:40","slug":"mio-laser-till-gymnasielarare","status":"publish","type":"article","link":"https:\/\/procivitas.se\/stockholm\/nyheter\/mio-laser-till-gymnasielarare\/","title":{"rendered":"Mio l\u00e4ser till gymnasiel\u00e4rare"},"content":{"rendered":"\n<div class=\"wp-block-columns is-layout-flex wp-container-core-columns-layout-1 wp-block-columns-is-layout-flex\">\n<div class=\"wp-block-column is-layout-flow wp-block-column-is-layout-flow\" style=\"flex-basis:5%\"><\/div>\n\n\n\n<div class=\"wp-block-column is-layout-flow wp-block-column-is-layout-flow\" style=\"flex-basis:90%\">\t<div\n\t\t class=\"module_wrapper container-fluid images-module\" >\n\t\t<div class=\"row\">\n\t\t\t<div\n\t\t\t\t\tclass=\"col-12 m-0 p-0 position-relative images_module__slideshow images_module__slideshow-container module-expand \">\n\n\t\t\t\t<div class=\"images_module__slide \" data-slide=\"\"\n\t\t\t\t\t data-duration=\"\"><\/div>\n\t\t\t\t\t\t\t\t\t<div\n\t\t\t\t\t\t class=\"images_module__slides \">\n\n\n\t\t\t\t\t\t<div class=\"images__wrapper\"\n\t\t\t\t\t\t\t style=\"aspect-ratio: 1200 \/ 531;\">\n\t\t\t\t\t\t\t<img decoding=\"async\" width=\"1702\" height=\"2240\" src=\"https:\/\/procivitas.se\/wp-content\/uploads\/sites\/7\/2024\/01\/mio-alumn-scaled-e1706598251578.jpg\" class=\"images__image_ratio  \" alt=\"Personportr\u00e4tt p\u00e5 Mio p\u00e5 studenten n\u00e4r han vunnit pris som \u00e5rets gl\u00e4djespridare\" style=\"aspect-ratio: 1200 \/ 531;object-position: center top;\" srcset=\"https:\/\/procivitas.se\/wp-content\/uploads\/sites\/7\/2024\/01\/mio-alumn-scaled-e1706598251578.jpg 1702w, https:\/\/procivitas.se\/wp-content\/uploads\/sites\/7\/2024\/01\/mio-alumn-scaled-e1706598251578-300x395.jpg 300w, https:\/\/procivitas.se\/wp-content\/uploads\/sites\/7\/2024\/01\/mio-alumn-scaled-e1706598251578-400x526.jpg 400w, https:\/\/procivitas.se\/wp-content\/uploads\/sites\/7\/2024\/01\/mio-alumn-scaled-e1706598251578-600x790.jpg 600w, https:\/\/procivitas.se\/wp-content\/uploads\/sites\/7\/2024\/01\/mio-alumn-scaled-e1706598251578-800x1053.jpg 800w, https:\/\/procivitas.se\/wp-content\/uploads\/sites\/7\/2024\/01\/mio-alumn-scaled-e1706598251578-1024x1348.jpg 1024w, https:\/\/procivitas.se\/wp-content\/uploads\/sites\/7\/2024\/01\/mio-alumn-scaled-e1706598251578-1200x1579.jpg 1200w\" sizes=\"(max-width: 1702px) 100vw, 1702px\" \/>\t\t\t\t\t\t<\/div>\n\n\t\t\t\t\t\t\n\t\t\t\t\t\t\t\t\t\t\t<\/div>\n\t\t\t\t\n\t\t\t\t<div class=\"images_module__container_dot \">\n\t\t\t\t\t<div style=\"text-align:center\">\n\t\t\t\t\t\t\t\t\t\t\t\t\t<span   data-i=\"0\"\n\t\t\t\t\t\t\t\t  class=\"images_module__dot\n\t\t\t\t\t\t\t\t\t\t\t\t\t  \"><\/span>\n\t\t\t\t\t\t\t\t\t\t\t<\/div>\n\t\t\t\t<\/div>\n\n\t\t\t<\/div>\n\t\t<\/div>\n\t<\/div>\n\n\n\t\n\n\n<script>\n\tvar images_display_descriptive_text = \"\";\n<\/script>\n<\/div>\n\n\n\n<div class=\"wp-block-column is-layout-flow wp-block-column-is-layout-flow\" style=\"flex-basis:5%\"><\/div>\n<\/div>\n\n\n\n<div class=\"wp-block-columns is-layout-flex wp-container-core-columns-layout-2 wp-block-columns-is-layout-flex\">\n<div class=\"wp-block-column is-layout-flow wp-block-column-is-layout-flow\" style=\"flex-basis:15%\"><\/div>\n\n\n\n<div class=\"wp-block-column is-layout-flow wp-block-column-is-layout-flow\" style=\"flex-basis:70%\">\n<h1 class=\"wp-block-heading\">Mio l\u00e4ser till gymnasiel\u00e4rare<\/h1>\n\n\n\n<p   class=\"site__ingress container text-left  site__text-color--dark  site__free_text--ingress p-0\">\n\tMio l\u00e4ste Ekonomiprogrammet med inriktning Juridik och tog studenten fr\u00e5n ProCivitas Stockholm 2022, nu \u00e4r han inne p\u00e5 sin fj\u00e4rde termin p\u00e5 \u00d6rebro Universitet d\u00e4r han l\u00e4ser till gymnasiel\u00e4rare i Matematik och Idrott. <\/p>\n\n\n\n\n\n<p>Fr\u00e5n b\u00f6rjan var Mios tanke att jobba ett \u00e5r efter studenten innan han skulle b\u00f6rja studera. Men en n\u00e4stan fyra m\u00e5nader sen ans\u00f6kning till utbildningen blev startskottet p\u00e5 resan till l\u00e4rare. <\/p>\n\n\n\n<p>Det som fick Mio att b\u00f6rja l\u00e4sa till l\u00e4rare var hans l\u00e4rare p\u00e5 ProCivitas Stockholm. <br>\u2013 Jag hade egentligen alltid blickat mot andra yrken som jurist eller m\u00e4klare men efter att ha samtalat med flera av de grymma l\u00e4rarna p\u00e5 ProCivitas ins\u00e5g jag ganska fort att det var l\u00e4rare jag ville bli. Jag ins\u00e5g att jag inte skulle v\u00e4lja yrke efter l\u00f6n utan efter intresse och idag ser jag att valet inte kunnat vara mer sj\u00e4lvklart, det k\u00e4nns verkligen som att jag har hittat r\u00e4tt! L\u00e4raryrket \u00e4r s\u00e5 viktigt och det k\u00e4nns h\u00e4ftigt att kunna g\u00f6ra skillnad f\u00f6r eleverna. <\/p>\n\n\n\n<p>F\u00f6rutom att kunna prata med flera av sina l\u00e4rare om framtidsplaner lyfter Mio b\u00e5de klasskompisar och mentorsprogrammet som viktiga bollplank under sin tid p\u00e5 ProCivitas.<br>\u2013 Jag tog del av mentorsprogrammet d\u00e4r jag fick diskutera olika framtidsplaner med en mentor i yrkesv\u00e4rlden vilket hj\u00e4lpte mig att v\u00e4lja bort yrken samt komma fram till nya yrken. <\/p>\n\n\n\n<p>Dessutom lyfter han \u00e4mneskunskaperna som en viktig del till att han idag l\u00e4ser till l\u00e4rare. <br>\u2013 F\u00f6r att ens vilja s\u00f6ka till gymnasiel\u00e4rare var mina kunskaper inom retorik, matematik, svenska och andra \u00e4mnen viktiga vilket jag verkligen fick bra f\u00f6ruts\u00e4ttningar f\u00f6r i skolan. <\/p>\n\n\n\n<h2 class=\"wp-block-heading\">Bra relationer mellan elever och l\u00e4rare p\u00e5 ProCivitas <\/h2>\n\n\n\n<p>Om det \u00e4r en sak som Mio verkligen tar med sig fr\u00e5n sin gymnasietid \u00e4r det den goda relationen mellan elever och l\u00e4rare p\u00e5 skolan. <br>\u2013 Mina b\u00e4sta minnen \u00e4r alla skratt och konversationer man haft med l\u00e4rarna i korridorerna. Det bidrog till en v\u00e4ldigt fin gemenskap och bra relation till l\u00e4rarna vilket i sin tur \u00e4ven gynnade studierna. Som elev k\u00e4nner man sig sedd och l\u00e4rarna anpassar utbildningen till varje individ f\u00f6r att man sj\u00e4lv ska lyckas med sina egna m\u00e5l. Alla elever har olika f\u00f6ruts\u00e4ttningar och erfarenheter och d\u00e5 \u00e4r det viktigt med l\u00e4rare som \u00e4r anpassningsbara och har f\u00f6rst\u00e5else f\u00f6r det. <\/p>\n\n\n\n<h2 class=\"wp-block-heading\">Vann pris som \u00e5rets gl\u00e4djespridare  <\/h2>\n\n\n\n<p>P\u00e5 studenten fick Mio pris som \u00e5rets gl\u00e4djespridare p\u00e5 Ekonomiprogrammet, n\u00e5got han sj\u00e4lv blev b\u00e5de f\u00f6rv\u00e5nad och stolt \u00f6ver. <br>\u2013 Jag tror att jag vann priset f\u00f6r att jag h\u00e4lsade p\u00e5 folk i korridorerna med ett leende, jag var intresserad p\u00e5 lektionerna och engagerade mig som elevambassad\u00f6r f\u00f6r att sprida vidare den h\u00e4rliga st\u00e4mningen jag upplevt p\u00e5 skolan. Det betyder mycket f\u00f6r mig att f\u00e5 pris som \u00e5rets gl\u00e4djespridare d\u00e5 det \u00e4r ett bevis p\u00e5 att jag n\u00e5gonstans t\u00e4nkt r\u00e4tt kring vad gymnasiet ska handa om. Det tar jag \u00e4ven med mig i min framtida yrkesroll! <\/p>\n<\/div>\n\n\n\n<div class=\"wp-block-column is-layout-flow wp-block-column-is-layout-flow\" style=\"flex-basis:15%\"><\/div>\n<\/div>\n\n\n\n\n\n<section  class=\"ams-article c-block l-stacked heading-decor js-load-more\" data-color-scheme=\"cards\" data-count=\"3\" data-count-mobile=\"3\">\n\t<div class=\"l-container l-stack l-stack-fluid-2xl u-pt-fluid-3xl-6xl u-pb-fluid-3xl-6xl is-center is-center@md\">\n\t\t\t\t\t<div class=\"ams-article__intro l-stack l-stack-lg\">\n\t\t\t\t\t\n\t<h2\n\tclass=\"c-heading u-font-title-1 \"\n\tstyle=\"\">\n\t\t\n\t\t\t\t\tNyheter\n\t\t\t\t\n\t<\/h2>\n\n\t\t\t\t\t\t\t<\/div>\n\t\t\n\t\t\t\n\t    \n\t\n\t<ul id=\"ams-article-list-69f125b62da29\" class=\"ams-article__list l-grid u-gap-2xl u-justify-center js-results \" aria-label=\"Artiklar\" data-filter-animation=\"off\">\n\t\t\t\t\t\t\t\t\t\t\t\t\t\t\t\t\t\n\t\t\t\n\t\t\t\n\t\t\t<li class=\"l-col-6@md l-col-4@lg \" data-filter=\"lararintervjuer natur nyheter augusti-2024\">\n\t\t\t\t<article class=\"c-card  has-media-zoom  \" data-variant=\"neutral\" data-style=\"square\" data-click-area>\n\t\t\t\t\t<div class=\"c-card__content l-stack l-stack-sm\">\n\n\t\t\t\t\t\t\t\t\t\t\t\t\t<time class=\"c-card__date u-font-small\" datetime=\"2024-08-16\">16 augusti 2024<\/time>\n\t\t\t\t\t\t\n\t\t\t\t\t\t\t\t\t\t\t\t\t<h3 class=\"c-card__title u-font-title-3\">\n\t\t\t\t\t\t\t\t\t\t\t\t\t\t\t\t\t<a class=\"c-card__link\" href=\"https:\/\/procivitas.se\/stockholm\/nyheter\/1996\/\">\n\t\t\t\t\t\t\t\t\t\tMunas projekt utsett till ett av de b\u00e4sta i Europa\n\t\t\t\t\t\t\t\t\t<\/a>\n\t\t\t\t\t\t\t\t\t\t\t\t\t\t\t<\/h3>\n\t\t\t\t\t\t\n\t\t\t\t\t\t\t\t\t\t\t\t\t<p class=\"c-card__text l-stack-xs u-font-body\">\n\t\t\t\t\t\t\t\tProCivitas Stockholms l\u00e4rare Muna Amanuel prisades vid Science on Stage-festivalen i Finland. \n\t\t\t\t\t\t\t<\/p>\n\t\t\t\t\t\t\n\t\t\t\t\t\t\t\t\t\t\t\t\t<ul class=\"c-card__tags l-stack-grow u-list-none u-pt-md\" aria-label=\"Kategorier\">\n\t\t\t\t\t\t\t\t\t\t\t\t\t\t\t\t\t<li><span class=\"c-tag\" data-variant=\"outline\">L\u00e4rarintervjuer<\/span><\/li>\n\t\t\t\t\t\t\t\t\t\t\t\t\t\t\t\t\t<li><span class=\"c-tag\" data-variant=\"outline\">Natur<\/span><\/li>\n\t\t\t\t\t\t\t\t\t\t\t\t\t\t\t\t\t<li><span class=\"c-tag\" data-variant=\"outline\">Nyheter<\/span><\/li>\n\t\t\t\t\t\t\t\t\t\t\t\t\t\t\t<\/ul>\n\t\t\t\t\t\t\n\t\t\t\t\t\t<div class=\"c-card__icon\">\n\t\t\t\t\t\t\t\t\t\t\t\t\t\t<svg class=\"ams-icon ams-icon--arrow-right\" width=\"32\" height=\"32\" viewbox=\"0 0 32 32\" fill=\"currentColor\" aria-hidden=\"true\" xmlns=\"http:\/\/www.w3.org\/2000\/svg\">\n\t\t\t\t\t\t\t\t\t\t\t\t\t\t\t\t<path d=\"M15.4617 0.252159L14.9567 0.75931C14.6219 1.09545 14.6219 1.64048 14.9567 1.97669L27.7062 14.7806H0.857144C0.383786 14.7806 0 15.166 0 15.6414V16.3587C0 16.8341 0.383786 17.2195 0.857144 17.2195H27.7062L14.9567 30.0234C14.6219 30.3595 14.6219 30.9045 14.9567 31.2407L15.4617 31.7479C15.7964 32.084 16.3392 32.084 16.6739 31.7479L31.749 16.6087C32.0837 16.2725 32.0837 15.7275 31.749 15.3913L16.6739 0.252159C16.3392 -0.084053 15.7964 -0.084053 15.4617 0.252159Z\"\/>\n\t\t\t\t\t\t\t\n\t\t\t\t\t\t\t<\/svg>\n\t\t\t\t\t\t<\/div>\n\t\t\t\t\t<\/div>\n\n\t\t\t\t\t<div class=\"c-card__media u-radius-rounded\" style=\" \">\n\t\t\t\t\t\t<img decoding=\"async\" width=\"400\" height=\"300\" src=\"https:\/\/procivitas.se\/wp-content\/uploads\/sites\/7\/2024\/08\/muna-amanuelfoto-sonsse-400x300.jpg\" class=\"attachment-sm size-sm\" alt=\"Muna Amanuel prisades.\" sizes=\"(min-width: 64em) 300px, (min-width: 48em) calc(.50 * (100vw - 224px)), calc(100vw - 160px)\" srcset=\"https:\/\/procivitas.se\/wp-content\/uploads\/sites\/7\/2024\/08\/muna-amanuelfoto-sonsse-400x300.jpg 400w, https:\/\/procivitas.se\/wp-content\/uploads\/sites\/7\/2024\/08\/muna-amanuelfoto-sonsse-300x225.jpg 300w, https:\/\/procivitas.se\/wp-content\/uploads\/sites\/7\/2024\/08\/muna-amanuelfoto-sonsse-600x450.jpg 600w, https:\/\/procivitas.se\/wp-content\/uploads\/sites\/7\/2024\/08\/muna-amanuelfoto-sonsse-800x600.jpg 800w, https:\/\/procivitas.se\/wp-content\/uploads\/sites\/7\/2024\/08\/muna-amanuelfoto-sonsse-1024x768.jpg 1024w, https:\/\/procivitas.se\/wp-content\/uploads\/sites\/7\/2024\/08\/muna-amanuelfoto-sonsse-1200x900.jpg 1200w, https:\/\/procivitas.se\/wp-content\/uploads\/sites\/7\/2024\/08\/muna-amanuelfoto-sonsse-768x576.jpg 768w\" \/>\n\t\t\t\t\t<\/div>\n\t\t\t\t<\/article>\n\t\t\t<\/li>\n\t\t\t\t\t\t\t\t\t\t\t\t\t\t\t\t\t\n\t\t\t\n\t\t\t\n\t\t\t<li class=\"l-col-6@md l-col-4@lg \" data-filter=\"ekonomi elevintervjuer nyheter augusti-2024\">\n\t\t\t\t<article class=\"c-card  has-media-zoom  \" data-variant=\"neutral\" data-style=\"square\" data-click-area>\n\t\t\t\t\t<div class=\"c-card__content l-stack l-stack-sm\">\n\n\t\t\t\t\t\t\t\t\t\t\t\t\t<time class=\"c-card__date u-font-small\" datetime=\"2024-08-12\">12 augusti 2024<\/time>\n\t\t\t\t\t\t\n\t\t\t\t\t\t\t\t\t\t\t\t\t<h3 class=\"c-card__title u-font-title-3\">\n\t\t\t\t\t\t\t\t\t\t\t\t\t\t\t\t\t<a class=\"c-card__link\" href=\"https:\/\/procivitas.se\/stockholm\/nyheter\/elevintervju-med-ines-holmberg\/\">\n\t\t\t\t\t\t\t\t\t\tInes om ekonomiprogrammet\n\t\t\t\t\t\t\t\t\t<\/a>\n\t\t\t\t\t\t\t\t\t\t\t\t\t\t\t<\/h3>\n\t\t\t\t\t\t\n\t\t\t\t\t\t\t\t\t\t\t\t\t<p class=\"c-card__text l-stack-xs u-font-body\">\n\t\t\t\t\t\t\t\tInes l\u00e4ser ekonomiprogrammet p\u00e5 ProCivitas Stockholm. L\u00e4s elevintervjun med henne h\u00e4r!\n\t\t\t\t\t\t\t<\/p>\n\t\t\t\t\t\t\n\t\t\t\t\t\t\t\t\t\t\t\t\t<ul class=\"c-card__tags l-stack-grow u-list-none u-pt-md\" aria-label=\"Kategorier\">\n\t\t\t\t\t\t\t\t\t\t\t\t\t\t\t\t\t<li><span class=\"c-tag\" data-variant=\"outline\">Ekonomi<\/span><\/li>\n\t\t\t\t\t\t\t\t\t\t\t\t\t\t\t\t\t<li><span class=\"c-tag\" data-variant=\"outline\">Elevintervjuer<\/span><\/li>\n\t\t\t\t\t\t\t\t\t\t\t\t\t\t\t\t\t<li><span class=\"c-tag\" data-variant=\"outline\">Nyheter<\/span><\/li>\n\t\t\t\t\t\t\t\t\t\t\t\t\t\t\t<\/ul>\n\t\t\t\t\t\t\n\t\t\t\t\t\t<div class=\"c-card__icon\">\n\t\t\t\t\t\t\t\t\t\t\t\t\t\t<svg class=\"ams-icon ams-icon--arrow-right\" width=\"32\" height=\"32\" viewbox=\"0 0 32 32\" fill=\"currentColor\" aria-hidden=\"true\" xmlns=\"http:\/\/www.w3.org\/2000\/svg\">\n\t\t\t\t\t\t\t\t\t\t\t\t\t\t\t\t<path d=\"M15.4617 0.252159L14.9567 0.75931C14.6219 1.09545 14.6219 1.64048 14.9567 1.97669L27.7062 14.7806H0.857144C0.383786 14.7806 0 15.166 0 15.6414V16.3587C0 16.8341 0.383786 17.2195 0.857144 17.2195H27.7062L14.9567 30.0234C14.6219 30.3595 14.6219 30.9045 14.9567 31.2407L15.4617 31.7479C15.7964 32.084 16.3392 32.084 16.6739 31.7479L31.749 16.6087C32.0837 16.2725 32.0837 15.7275 31.749 15.3913L16.6739 0.252159C16.3392 -0.084053 15.7964 -0.084053 15.4617 0.252159Z\"\/>\n\t\t\t\t\t\t\t\n\t\t\t\t\t\t\t<\/svg>\n\t\t\t\t\t\t<\/div>\n\t\t\t\t\t<\/div>\n\n\t\t\t\t\t<div class=\"c-card__media u-radius-rounded\" style=\" \">\n\t\t\t\t\t\t<img decoding=\"async\" width=\"400\" height=\"267\" src=\"https:\/\/procivitas.se\/wp-content\/uploads\/sites\/7\/2024\/08\/img8809-400x267.jpeg\" class=\"attachment-sm size-sm\" alt=\"Portr\u00e4ttbild p\u00e5 Ines Holmberg tagen i utomhusmilj\u00f6.\" sizes=\"(min-width: 64em) 300px, (min-width: 48em) calc(.50 * (100vw - 224px)), calc(100vw - 160px)\" srcset=\"https:\/\/procivitas.se\/wp-content\/uploads\/sites\/7\/2024\/08\/img8809-400x267.jpeg 400w, https:\/\/procivitas.se\/wp-content\/uploads\/sites\/7\/2024\/08\/img8809-300x200.jpeg 300w, https:\/\/procivitas.se\/wp-content\/uploads\/sites\/7\/2024\/08\/img8809-600x400.jpeg 600w, https:\/\/procivitas.se\/wp-content\/uploads\/sites\/7\/2024\/08\/img8809-800x533.jpeg 800w, https:\/\/procivitas.se\/wp-content\/uploads\/sites\/7\/2024\/08\/img8809-1024x683.jpeg 1024w, https:\/\/procivitas.se\/wp-content\/uploads\/sites\/7\/2024\/08\/img8809-1200x800.jpeg 1200w, https:\/\/procivitas.se\/wp-content\/uploads\/sites\/7\/2024\/08\/img8809.jpeg 2048w\" \/>\n\t\t\t\t\t<\/div>\n\t\t\t\t<\/article>\n\t\t\t<\/li>\n\t\t\t\t\t\t\t\t\t\t\t\t\t\t\t\t\t\n\t\t\t\n\t\t\t\n\t\t\t<li class=\"l-col-6@md l-col-4@lg \" data-filter=\"nyheter mars-2024\">\n\t\t\t\t<article class=\"c-card  has-media-zoom  \" data-variant=\"neutral\" data-style=\"square\" data-click-area>\n\t\t\t\t\t<div class=\"c-card__content l-stack l-stack-sm\">\n\n\t\t\t\t\t\t\t\t\t\t\t\t\t<time class=\"c-card__date u-font-small\" datetime=\"2024-03-27\">27 mars 2024<\/time>\n\t\t\t\t\t\t\n\t\t\t\t\t\t\t\t\t\t\t\t\t<h3 class=\"c-card__title u-font-title-3\">\n\t\t\t\t\t\t\t\t\t\t\t\t\t\t\t\t\t<a class=\"c-card__link\" href=\"https:\/\/procivitas.se\/stockholm\/nyheter\/2874\/\">\n\t\t\t\t\t\t\t\t\t\tVi har startat podd!\n\t\t\t\t\t\t\t\t\t<\/a>\n\t\t\t\t\t\t\t\t\t\t\t\t\t\t\t<\/h3>\n\t\t\t\t\t\t\n\t\t\t\t\t\t\t\t\t\t\t\t\t<p class=\"c-card__text l-stack-xs u-font-body\">\n\t\t\t\t\t\t\t\tKurator Jasmin\u00e9 p\u00e5 ProCivitas Stockholm har startat podd om psykisk h\u00e4lsa. Podden en del av projektet Podcast For a Better Day, ett samarbete mellan Tim Bergling Foundation och \u00c5ngestpodden.\n\t\t\t\t\t\t\t<\/p>\n\t\t\t\t\t\t\n\t\t\t\t\t\t\t\t\t\t\t\t\t<ul class=\"c-card__tags l-stack-grow u-list-none u-pt-md\" aria-label=\"Kategorier\">\n\t\t\t\t\t\t\t\t\t\t\t\t\t\t\t\t\t<li><span class=\"c-tag\" data-variant=\"outline\">Nyheter<\/span><\/li>\n\t\t\t\t\t\t\t\t\t\t\t\t\t\t\t<\/ul>\n\t\t\t\t\t\t\n\t\t\t\t\t\t<div class=\"c-card__icon\">\n\t\t\t\t\t\t\t\t\t\t\t\t\t\t<svg class=\"ams-icon ams-icon--arrow-right\" width=\"32\" height=\"32\" viewbox=\"0 0 32 32\" fill=\"currentColor\" aria-hidden=\"true\" xmlns=\"http:\/\/www.w3.org\/2000\/svg\">\n\t\t\t\t\t\t\t\t\t\t\t\t\t\t\t\t<path d=\"M15.4617 0.252159L14.9567 0.75931C14.6219 1.09545 14.6219 1.64048 14.9567 1.97669L27.7062 14.7806H0.857144C0.383786 14.7806 0 15.166 0 15.6414V16.3587C0 16.8341 0.383786 17.2195 0.857144 17.2195H27.7062L14.9567 30.0234C14.6219 30.3595 14.6219 30.9045 14.9567 31.2407L15.4617 31.7479C15.7964 32.084 16.3392 32.084 16.6739 31.7479L31.749 16.6087C32.0837 16.2725 32.0837 15.7275 31.749 15.3913L16.6739 0.252159C16.3392 -0.084053 15.7964 -0.084053 15.4617 0.252159Z\"\/>\n\t\t\t\t\t\t\t\n\t\t\t\t\t\t\t<\/svg>\n\t\t\t\t\t\t<\/div>\n\t\t\t\t\t<\/div>\n\n\t\t\t\t\t<div class=\"c-card__media u-radius-rounded\" style=\" \">\n\t\t\t\t\t\t<img decoding=\"async\" width=\"400\" height=\"267\" src=\"https:\/\/procivitas.se\/wp-content\/uploads\/sites\/7\/2024\/03\/img4641-400x267.jpg\" class=\"attachment-sm size-sm\" alt=\"Kurator Jasmin\u00e9 och eleverna som \u00e4r med i podden.\" sizes=\"(min-width: 64em) 300px, (min-width: 48em) calc(.50 * (100vw - 224px)), calc(100vw - 160px)\" srcset=\"https:\/\/procivitas.se\/wp-content\/uploads\/sites\/7\/2024\/03\/img4641-400x267.jpg 400w, https:\/\/procivitas.se\/wp-content\/uploads\/sites\/7\/2024\/03\/img4641-300x200.jpg 300w, https:\/\/procivitas.se\/wp-content\/uploads\/sites\/7\/2024\/03\/img4641-600x400.jpg 600w, https:\/\/procivitas.se\/wp-content\/uploads\/sites\/7\/2024\/03\/img4641-800x533.jpg 800w, https:\/\/procivitas.se\/wp-content\/uploads\/sites\/7\/2024\/03\/img4641-1024x683.jpg 1024w, https:\/\/procivitas.se\/wp-content\/uploads\/sites\/7\/2024\/03\/img4641-1200x800.jpg 1200w\" \/>\n\t\t\t\t\t<\/div>\n\t\t\t\t<\/article>\n\t\t\t<\/li>\n\t\t\t\t\t\t\t\t\t\t\t\t\t\t\t\t\t\n\t\t\t\n\t\t\t\n\t\t\t<li class=\"l-col-6@md l-col-4@lg \" data-filter=\"nyheter januari-2024\">\n\t\t\t\t<article class=\"c-card  has-media-zoom  \" data-variant=\"neutral\" data-style=\"square\" data-click-area>\n\t\t\t\t\t<div class=\"c-card__content l-stack l-stack-sm\">\n\n\t\t\t\t\t\t\t\t\t\t\t\t\t<time class=\"c-card__date u-font-small\" datetime=\"2024-01-15\">15 januari 2024<\/time>\n\t\t\t\t\t\t\n\t\t\t\t\t\t\t\t\t\t\t\t\t<h3 class=\"c-card__title u-font-title-3\">\n\t\t\t\t\t\t\t\t\t\t\t\t\t\t\t\t\t<a class=\"c-card__link\" href=\"https:\/\/procivitas.se\/stockholm\/nyheter\/antagningen-har-oppnat\/\">\n\t\t\t\t\t\t\t\t\t\tAntagningen har \u00f6ppnat!\n\t\t\t\t\t\t\t\t\t<\/a>\n\t\t\t\t\t\t\t\t\t\t\t\t\t\t\t<\/h3>\n\t\t\t\t\t\t\n\t\t\t\t\t\t\t\t\t\t\t\t\t<p class=\"c-card__text l-stack-xs u-font-body\">\n\t\t\t\t\t\t\t\tGymnasieantagningen har \u00f6ppnat i din kommun! L\u00e4s mer om viktiga datum &#8230;\n\t\t\t\t\t\t\t<\/p>\n\t\t\t\t\t\t\n\t\t\t\t\t\t\t\t\t\t\t\t\t<ul class=\"c-card__tags l-stack-grow u-list-none u-pt-md\" aria-label=\"Kategorier\">\n\t\t\t\t\t\t\t\t\t\t\t\t\t\t\t\t\t<li><span class=\"c-tag\" data-variant=\"outline\">Nyheter<\/span><\/li>\n\t\t\t\t\t\t\t\t\t\t\t\t\t\t\t<\/ul>\n\t\t\t\t\t\t\n\t\t\t\t\t\t<div class=\"c-card__icon\">\n\t\t\t\t\t\t\t\t\t\t\t\t\t\t<svg class=\"ams-icon ams-icon--arrow-right\" width=\"32\" height=\"32\" viewbox=\"0 0 32 32\" fill=\"currentColor\" aria-hidden=\"true\" xmlns=\"http:\/\/www.w3.org\/2000\/svg\">\n\t\t\t\t\t\t\t\t\t\t\t\t\t\t\t\t<path d=\"M15.4617 0.252159L14.9567 0.75931C14.6219 1.09545 14.6219 1.64048 14.9567 1.97669L27.7062 14.7806H0.857144C0.383786 14.7806 0 15.166 0 15.6414V16.3587C0 16.8341 0.383786 17.2195 0.857144 17.2195H27.7062L14.9567 30.0234C14.6219 30.3595 14.6219 30.9045 14.9567 31.2407L15.4617 31.7479C15.7964 32.084 16.3392 32.084 16.6739 31.7479L31.749 16.6087C32.0837 16.2725 32.0837 15.7275 31.749 15.3913L16.6739 0.252159C16.3392 -0.084053 15.7964 -0.084053 15.4617 0.252159Z\"\/>\n\t\t\t\t\t\t\t\n\t\t\t\t\t\t\t<\/svg>\n\t\t\t\t\t\t<\/div>\n\t\t\t\t\t<\/div>\n\n\t\t\t\t\t<div class=\"c-card__media u-radius-rounded\" style=\" \">\n\t\t\t\t\t\t<img decoding=\"async\" width=\"400\" height=\"228\" src=\"https:\/\/procivitas.se\/wp-content\/uploads\/sites\/7\/2023\/10\/pro-samsam-stockholm-202304-e1776340626560-400x228.jpg\" class=\"attachment-sm size-sm\" alt=\"Elever sitter vid ett bord\" sizes=\"(min-width: 64em) 300px, (min-width: 48em) calc(.50 * (100vw - 224px)), calc(100vw - 160px)\" srcset=\"https:\/\/procivitas.se\/wp-content\/uploads\/sites\/7\/2023\/10\/pro-samsam-stockholm-202304-e1776340626560-400x228.jpg 400w, https:\/\/procivitas.se\/wp-content\/uploads\/sites\/7\/2023\/10\/pro-samsam-stockholm-202304-e1776340626560-300x171.jpg 300w, https:\/\/procivitas.se\/wp-content\/uploads\/sites\/7\/2023\/10\/pro-samsam-stockholm-202304-e1776340626560-600x342.jpg 600w, https:\/\/procivitas.se\/wp-content\/uploads\/sites\/7\/2023\/10\/pro-samsam-stockholm-202304-e1776340626560-800x456.jpg 800w, https:\/\/procivitas.se\/wp-content\/uploads\/sites\/7\/2023\/10\/pro-samsam-stockholm-202304-e1776340626560-1024x584.jpg 1024w, https:\/\/procivitas.se\/wp-content\/uploads\/sites\/7\/2023\/10\/pro-samsam-stockholm-202304-e1776340626560-1200x684.jpg 1200w, https:\/\/procivitas.se\/wp-content\/uploads\/sites\/7\/2023\/10\/pro-samsam-stockholm-202304-e1776340626560.jpg 2048w\" \/>\n\t\t\t\t\t<\/div>\n\t\t\t\t<\/article>\n\t\t\t<\/li>\n\t\t\t\t\t\t\t\t\t\t\t\t\t\t\t\t\t\n\t\t\t\n\t\t\t\n\t\t\t<li class=\"l-col-6@md l-col-4@lg \" data-filter=\"nyheter december-2023\">\n\t\t\t\t<article class=\"c-card  has-media-zoom  \" data-variant=\"neutral\" data-style=\"square\" data-click-area>\n\t\t\t\t\t<div class=\"c-card__content l-stack l-stack-sm\">\n\n\t\t\t\t\t\t\t\t\t\t\t\t\t<time class=\"c-card__date u-font-small\" datetime=\"2023-12-14\">14 december 2023<\/time>\n\t\t\t\t\t\t\n\t\t\t\t\t\t\t\t\t\t\t\t\t<h3 class=\"c-card__title u-font-title-3\">\n\t\t\t\t\t\t\t\t\t\t\t\t\t\t\t\t\t<a class=\"c-card__link\" href=\"https:\/\/procivitas.se\/stockholm\/nyheter\/muna-representerar-sverige-pa-science-on-stage\/\">\n\t\t\t\t\t\t\t\t\t\tMuna representerar Sverige\n\t\t\t\t\t\t\t\t\t<\/a>\n\t\t\t\t\t\t\t\t\t\t\t\t\t\t\t<\/h3>\n\t\t\t\t\t\t\n\t\t\t\t\t\t\t\t\t\t\t\t\t<p class=\"c-card__text l-stack-xs u-font-body\">\n\t\t\t\t\t\t\t\tProCivitas l\u00e4rare till Science on Stage.\n\t\t\t\t\t\t\t<\/p>\n\t\t\t\t\t\t\n\t\t\t\t\t\t\t\t\t\t\t\t\t<ul class=\"c-card__tags l-stack-grow u-list-none u-pt-md\" aria-label=\"Kategorier\">\n\t\t\t\t\t\t\t\t\t\t\t\t\t\t\t\t\t<li><span class=\"c-tag\" data-variant=\"outline\">Nyheter<\/span><\/li>\n\t\t\t\t\t\t\t\t\t\t\t\t\t\t\t<\/ul>\n\t\t\t\t\t\t\n\t\t\t\t\t\t<div class=\"c-card__icon\">\n\t\t\t\t\t\t\t\t\t\t\t\t\t\t<svg class=\"ams-icon ams-icon--arrow-right\" width=\"32\" height=\"32\" viewbox=\"0 0 32 32\" fill=\"currentColor\" aria-hidden=\"true\" xmlns=\"http:\/\/www.w3.org\/2000\/svg\">\n\t\t\t\t\t\t\t\t\t\t\t\t\t\t\t\t<path d=\"M15.4617 0.252159L14.9567 0.75931C14.6219 1.09545 14.6219 1.64048 14.9567 1.97669L27.7062 14.7806H0.857144C0.383786 14.7806 0 15.166 0 15.6414V16.3587C0 16.8341 0.383786 17.2195 0.857144 17.2195H27.7062L14.9567 30.0234C14.6219 30.3595 14.6219 30.9045 14.9567 31.2407L15.4617 31.7479C15.7964 32.084 16.3392 32.084 16.6739 31.7479L31.749 16.6087C32.0837 16.2725 32.0837 15.7275 31.749 15.3913L16.6739 0.252159C16.3392 -0.084053 15.7964 -0.084053 15.4617 0.252159Z\"\/>\n\t\t\t\t\t\t\t\n\t\t\t\t\t\t\t<\/svg>\n\t\t\t\t\t\t<\/div>\n\t\t\t\t\t<\/div>\n\n\t\t\t\t\t<div class=\"c-card__media u-radius-rounded\" style=\" \">\n\t\t\t\t\t\t<img decoding=\"async\" width=\"400\" height=\"205\" src=\"https:\/\/procivitas.se\/wp-content\/uploads\/sites\/7\/2023\/12\/munabesk-scaled-400x205.jpg\" class=\"attachment-sm size-sm\" alt=\"Muna med sin proteinmodell\" sizes=\"(min-width: 64em) 300px, (min-width: 48em) calc(.50 * (100vw - 224px)), calc(100vw - 160px)\" srcset=\"https:\/\/procivitas.se\/wp-content\/uploads\/sites\/7\/2023\/12\/munabesk-scaled-400x205.jpg 400w, https:\/\/procivitas.se\/wp-content\/uploads\/sites\/7\/2023\/12\/munabesk-scaled-300x154.jpg 300w, https:\/\/procivitas.se\/wp-content\/uploads\/sites\/7\/2023\/12\/munabesk-scaled-600x308.jpg 600w, https:\/\/procivitas.se\/wp-content\/uploads\/sites\/7\/2023\/12\/munabesk-scaled-800x410.jpg 800w, https:\/\/procivitas.se\/wp-content\/uploads\/sites\/7\/2023\/12\/munabesk-scaled-1024x525.jpg 1024w, https:\/\/procivitas.se\/wp-content\/uploads\/sites\/7\/2023\/12\/munabesk-scaled-1200x615.jpg 1200w\" \/>\n\t\t\t\t\t<\/div>\n\t\t\t\t<\/article>\n\t\t\t<\/li>\n\t\t\t<\/ul>\n\n\t<div class=\"no-results u-mt-0 u-hide\" data-filter-fallback-id=\"ams-article-list-69f125b62da29\">\n\t<p>Det finns inga resultat som matchar din filtrering.<\/p>\n<\/div>\n\n\t    <div class=\"ams-article__more u-inline-items js-load-more-btn\">\n        <button href=\"#\"\n                class=\"c-btn\"\n                data-style=\"rounded\"\n                data-size=\"md\"\n                data-width=\"full-mobile\"\n                data-variant=\"outline\">\n        \tVisa fler artiklar \n        <\/button>\n    <\/div>\n\n\n\t\t\n\t\t\t<div class=\"ams-article__action u-inline-items\">\n\t\t\t\t\t\t\t\n\n\n<a href=\"https:\/\/procivitas.se\/nyheter\/\"\n\t\n\tclass=\"c-btn \"\n\tdata-style=\"rounded\"\n\tdata-size=\"md\"\n\tdata-width=\"full-mobile\"\n\tdata-variant=\"default\"\n\ttarget=\"_self\">\n\t\t\t<span class=\"label\"> Se alla nyheter<\/span>\n\t\t\t<\/a>\n\t\t\t<\/div>\n\t<\/div>\n\n\t\t\n\t\t\t\n\t\t\t\t\t\t\t\n\t\t\t\t<div class=\"c-bg c-bg--img\" data-settings=\"{&quot;desktop_settings&quot;:{&quot;size&quot;:&quot;auto&quot;,&quot;position&quot;:&quot;top-left&quot;},&quot;mobile_settings&quot;:{&quot;size&quot;:&quot;auto&quot;,&quot;position&quot;:&quot;top-left&quot;}}\" data-position=\"middle-center\" data-size=\"cover\">\n\t\t\t\n\t\t<\/div>\n\t\n<\/section>\n","protected":false},"template":"","article_category":[27],"yoast_head":"<!-- This site is optimized with the Yoast SEO plugin v22.0 - https:\/\/yoast.com\/wordpress\/plugins\/seo\/ -->\n<title>Mio l\u00e4ser till gymnasiel\u00e4rare - ProCivitas Stockholm<\/title>\n<meta name=\"description\" content=\"Mio tog studenten fr\u00e5n ProCivitas Stockholm 2022, nu \u00e4r han inne p\u00e5 sin fj\u00e4rde termin p\u00e5 \u00d6rebro Universitet d\u00e4r han l\u00e4ser till gymnasiel\u00e4rare\" \/>\n<meta name=\"robots\" content=\"index, follow, max-snippet:-1, max-image-preview:large, max-video-preview:-1\" \/>\n<link rel=\"canonical\" href=\"https:\/\/procivitas.se\/stockholm\/nyheter\/mio-laser-till-gymnasielarare\/\" \/>\n<meta property=\"og:locale\" content=\"sv_SE\" \/>\n<meta property=\"og:type\" content=\"article\" \/>\n<meta property=\"og:title\" content=\"Mio l\u00e4ser till gymnasiel\u00e4rare - ProCivitas Stockholm\" \/>\n<meta property=\"og:description\" content=\"Mio tog studenten fr\u00e5n ProCivitas Stockholm 2022, nu \u00e4r han inne p\u00e5 sin fj\u00e4rde termin p\u00e5 \u00d6rebro Universitet d\u00e4r han l\u00e4ser till gymnasiel\u00e4rare\" \/>\n<meta property=\"og:url\" content=\"https:\/\/procivitas.se\/stockholm\/nyheter\/mio-laser-till-gymnasielarare\/\" \/>\n<meta property=\"og:site_name\" content=\"Stockholm\" \/>\n<meta property=\"article:modified_time\" content=\"2024-02-02T12:39:40+00:00\" \/>\n<meta name=\"twitter:card\" content=\"summary_large_image\" \/>\n<meta name=\"twitter:title\" content=\"Mio l\u00e4ser till gymnasiel\u00e4rare - ProCivitas Stockholm\" \/>\n<meta name=\"twitter:description\" content=\"Mio tog studenten fr\u00e5n ProCivitas Stockholm 2022, nu \u00e4r han inne p\u00e5 sin fj\u00e4rde termin p\u00e5 \u00d6rebro Universitet d\u00e4r han l\u00e4ser till gymnasiel\u00e4rare\" \/>\n<meta name=\"twitter:label1\" content=\"Est. reading time\" \/>\n\t<meta name=\"twitter:data1\" content=\"3 minuter\" \/>\n<script type=\"application\/ld+json\" class=\"yoast-schema-graph\">{\"@context\":\"https:\/\/schema.org\",\"@graph\":[{\"@type\":\"WebPage\",\"@id\":\"https:\/\/procivitas.se\/stockholm\/nyheter\/mio-laser-till-gymnasielarare\/\",\"url\":\"https:\/\/procivitas.se\/stockholm\/nyheter\/mio-laser-till-gymnasielarare\/\",\"name\":\"Mio l\u00e4ser till gymnasiel\u00e4rare - ProCivitas Stockholm\",\"isPartOf\":{\"@id\":\"https:\/\/procivitas.se\/stockholm\/#website\"},\"datePublished\":\"2024-01-30T07:54:47+00:00\",\"dateModified\":\"2024-02-02T12:39:40+00:00\",\"description\":\"Mio tog studenten fr\u00e5n ProCivitas Stockholm 2022, nu \u00e4r han inne p\u00e5 sin fj\u00e4rde termin p\u00e5 \u00d6rebro Universitet d\u00e4r han l\u00e4ser till gymnasiel\u00e4rare\",\"breadcrumb\":{\"@id\":\"https:\/\/procivitas.se\/stockholm\/nyheter\/mio-laser-till-gymnasielarare\/#breadcrumb\"},\"inLanguage\":\"sv-SE\",\"potentialAction\":[{\"@type\":\"ReadAction\",\"target\":[\"https:\/\/procivitas.se\/stockholm\/nyheter\/mio-laser-till-gymnasielarare\/\"]}]},{\"@type\":\"BreadcrumbList\",\"@id\":\"https:\/\/procivitas.se\/stockholm\/nyheter\/mio-laser-till-gymnasielarare\/#breadcrumb\",\"itemListElement\":[{\"@type\":\"ListItem\",\"position\":1,\"name\":\"Start\",\"item\":\"https:\/\/procivitas.se\/stockholm\"},{\"@type\":\"ListItem\",\"position\":2,\"name\":\"Nyheter\"}]},{\"@type\":\"WebSite\",\"@id\":\"https:\/\/procivitas.se\/stockholm\/#website\",\"url\":\"https:\/\/procivitas.se\/stockholm\/\",\"name\":\"Stockholm\",\"description\":\"Just another WordPress site\",\"potentialAction\":[{\"@type\":\"SearchAction\",\"target\":{\"@type\":\"EntryPoint\",\"urlTemplate\":\"https:\/\/procivitas.se\/stockholm\/?s={search_term_string}\"},\"query-input\":\"required name=search_term_string\"}],\"inLanguage\":\"sv-SE\"}]}<\/script>\n<!-- \/ Yoast SEO plugin. -->","yoast_head_json":{"title":"Mio l\u00e4ser till gymnasiel\u00e4rare - ProCivitas Stockholm","description":"Mio tog studenten fr\u00e5n ProCivitas Stockholm 2022, nu \u00e4r han inne p\u00e5 sin fj\u00e4rde termin p\u00e5 \u00d6rebro Universitet d\u00e4r han l\u00e4ser till gymnasiel\u00e4rare","robots":{"index":"index","follow":"follow","max-snippet":"max-snippet:-1","max-image-preview":"max-image-preview:large","max-video-preview":"max-video-preview:-1"},"canonical":"https:\/\/procivitas.se\/stockholm\/nyheter\/mio-laser-till-gymnasielarare\/","og_locale":"sv_SE","og_type":"article","og_title":"Mio l\u00e4ser till gymnasiel\u00e4rare - ProCivitas Stockholm","og_description":"Mio tog studenten fr\u00e5n ProCivitas Stockholm 2022, nu \u00e4r han inne p\u00e5 sin fj\u00e4rde termin p\u00e5 \u00d6rebro Universitet d\u00e4r han l\u00e4ser till gymnasiel\u00e4rare","og_url":"https:\/\/procivitas.se\/stockholm\/nyheter\/mio-laser-till-gymnasielarare\/","og_site_name":"Stockholm","article_modified_time":"2024-02-02T12:39:40+00:00","twitter_card":"summary_large_image","twitter_title":"Mio l\u00e4ser till gymnasiel\u00e4rare - ProCivitas Stockholm","twitter_description":"Mio tog studenten fr\u00e5n ProCivitas Stockholm 2022, nu \u00e4r han inne p\u00e5 sin fj\u00e4rde termin p\u00e5 \u00d6rebro Universitet d\u00e4r han l\u00e4ser till gymnasiel\u00e4rare","twitter_misc":{"Est. reading time":"3 minuter"},"schema":{"@context":"https:\/\/schema.org","@graph":[{"@type":"WebPage","@id":"https:\/\/procivitas.se\/stockholm\/nyheter\/mio-laser-till-gymnasielarare\/","url":"https:\/\/procivitas.se\/stockholm\/nyheter\/mio-laser-till-gymnasielarare\/","name":"Mio l\u00e4ser till gymnasiel\u00e4rare - ProCivitas Stockholm","isPartOf":{"@id":"https:\/\/procivitas.se\/stockholm\/#website"},"datePublished":"2024-01-30T07:54:47+00:00","dateModified":"2024-02-02T12:39:40+00:00","description":"Mio tog studenten fr\u00e5n ProCivitas Stockholm 2022, nu \u00e4r han inne p\u00e5 sin fj\u00e4rde termin p\u00e5 \u00d6rebro Universitet d\u00e4r han l\u00e4ser till gymnasiel\u00e4rare","breadcrumb":{"@id":"https:\/\/procivitas.se\/stockholm\/nyheter\/mio-laser-till-gymnasielarare\/#breadcrumb"},"inLanguage":"sv-SE","potentialAction":[{"@type":"ReadAction","target":["https:\/\/procivitas.se\/stockholm\/nyheter\/mio-laser-till-gymnasielarare\/"]}]},{"@type":"BreadcrumbList","@id":"https:\/\/procivitas.se\/stockholm\/nyheter\/mio-laser-till-gymnasielarare\/#breadcrumb","itemListElement":[{"@type":"ListItem","position":1,"name":"Start","item":"https:\/\/procivitas.se\/stockholm"},{"@type":"ListItem","position":2,"name":"Nyheter"}]},{"@type":"WebSite","@id":"https:\/\/procivitas.se\/stockholm\/#website","url":"https:\/\/procivitas.se\/stockholm\/","name":"Stockholm","description":"Just another WordPress site","potentialAction":[{"@type":"SearchAction","target":{"@type":"EntryPoint","urlTemplate":"https:\/\/procivitas.se\/stockholm\/?s={search_term_string}"},"query-input":"required name=search_term_string"}],"inLanguage":"sv-SE"}]}},"_links":{"self":[{"href":"https:\/\/procivitas.se\/stockholm\/wp-json\/wp\/v2\/article\/2786"}],"collection":[{"href":"https:\/\/procivitas.se\/stockholm\/wp-json\/wp\/v2\/article"}],"about":[{"href":"https:\/\/procivitas.se\/stockholm\/wp-json\/wp\/v2\/types\/article"}],"wp:attachment":[{"href":"https:\/\/procivitas.se\/stockholm\/wp-json\/wp\/v2\/media?parent=2786"}],"wp:term":[{"taxonomy":"article_category","embeddable":true,"href":"https:\/\/procivitas.se\/stockholm\/wp-json\/wp\/v2\/article_category?post=2786"}],"curies":[{"name":"wp","href":"https:\/\/api.w.org\/{rel}","templated":true}]}}