{"id":2739,"date":"2024-03-01T11:11:51","date_gmt":"2024-03-01T10:11:51","guid":{"rendered":"https:\/\/procivitas.se\/uppsala\/?post_type=article&#038;p=2739"},"modified":"2024-03-01T11:14:02","modified_gmt":"2024-03-01T10:14:02","slug":"emilia-till-semifinal-i-unga-forskare","status":"publish","type":"article","link":"https:\/\/procivitas.se\/uppsala\/nyheter\/emilia-till-semifinal-i-unga-forskare\/","title":{"rendered":"Emilia till semifinal i Unga forskare"},"content":{"rendered":"\n<div class=\"wp-block-columns is-layout-flex wp-container-core-columns-layout-1 wp-block-columns-is-layout-flex\">\n<div class=\"wp-block-column is-layout-flow wp-block-column-is-layout-flow\" style=\"flex-basis:5%\"><\/div>\n\n\n\n<div class=\"wp-block-column is-layout-flow wp-block-column-is-layout-flow\" style=\"flex-basis:90%\">\t<div\n\t\t class=\"module_wrapper container-fluid images-module\" >\n\t\t<div class=\"row\">\n\t\t\t<div\n\t\t\t\t\tclass=\"col-12 m-0 p-0 position-relative images_module__slideshow images_module__slideshow-container module-expand \">\n\n\t\t\t\t<div class=\"images_module__slide \" data-slide=\"\"\n\t\t\t\t\t data-duration=\"\"><\/div>\n\t\t\t\t\t\t\t\t\t<div\n\t\t\t\t\t\t class=\"images_module__slides \">\n\n\n\t\t\t\t\t\t<div class=\"images__wrapper\"\n\t\t\t\t\t\t\t style=\"aspect-ratio: 1200 \/ 531;\">\n\t\t\t\t\t\t\t<img decoding=\"async\" width=\"771\" height=\"431\" src=\"https:\/\/procivitas.se\/wp-content\/uploads\/sites\/8\/2024\/02\/emiliaunga-forskarepc.png\" class=\"images__image_ratio  \" alt=\"Portr\u00e4ttbild\" style=\"aspect-ratio: 1200 \/ 531;object-position: right center;\" srcset=\"https:\/\/procivitas.se\/wp-content\/uploads\/sites\/8\/2024\/02\/emiliaunga-forskarepc.png 771w, https:\/\/procivitas.se\/wp-content\/uploads\/sites\/8\/2024\/02\/emiliaunga-forskarepc-300x168.png 300w, https:\/\/procivitas.se\/wp-content\/uploads\/sites\/8\/2024\/02\/emiliaunga-forskarepc-400x224.png 400w, https:\/\/procivitas.se\/wp-content\/uploads\/sites\/8\/2024\/02\/emiliaunga-forskarepc-600x335.png 600w\" sizes=\"(max-width: 771px) 100vw, 771px\" \/>\t\t\t\t\t\t<\/div>\n\n\t\t\t\t\t\t\n\t\t\t\t\t\t\t\t\t\t\t<\/div>\n\t\t\t\t\n\t\t\t\t<div class=\"images_module__container_dot \">\n\t\t\t\t\t<div style=\"text-align:center\">\n\t\t\t\t\t\t\t\t\t\t\t\t\t<span   data-i=\"0\"\n\t\t\t\t\t\t\t\t  class=\"images_module__dot\n\t\t\t\t\t\t\t\t\t\t\t\t\t  \"><\/span>\n\t\t\t\t\t\t\t\t\t\t\t<\/div>\n\t\t\t\t<\/div>\n\n\t\t\t<\/div>\n\t\t<\/div>\n\t<\/div>\n\n\n\t\n\n\n<script>\n\tvar images_display_descriptive_text = \"\";\n<\/script>\n<\/div>\n\n\n\n<div class=\"wp-block-column is-layout-flow wp-block-column-is-layout-flow\" style=\"flex-basis:5%\"><\/div>\n<\/div>\n\n\n\n<div class=\"wp-block-columns is-layout-flex wp-container-core-columns-layout-2 wp-block-columns-is-layout-flex\">\n<div class=\"wp-block-column is-layout-flow wp-block-column-is-layout-flow\" style=\"flex-basis:15%\"><\/div>\n\n\n\n<div class=\"wp-block-column is-layout-flow wp-block-column-is-layout-flow\" style=\"flex-basis:70%\">\n<h1 class=\"wp-block-heading\">Emilia har g\u00e5tt vidare till semifinal i Unga forskare<\/h1>\n\n\n\n<p   class=\"site__ingress container text-left  site__text-color--dark  site__free_text--ingress p-0\">\n\tUtst\u00e4llningen Unga Forskare \u00e4r Sveriges st\u00f6rsta vetenskapsm\u00e4ssa och t\u00e4vling f\u00f6r gymnasieprojekt inom naturvetenskap, teknik och matematik. Det \u00e4r en m\u00f6jlighet f\u00f6r elever att n\u00e5 l\u00e4ngre och att lyckas med sitt gymnasiearbete. Emilia l\u00e4ser sista \u00e5ret p\u00e5 naturvetenskapsprogrammet och har g\u00e5tt vidare till semifinal med sitt arbete.<\/p>\n\n\n\n\n\n<p><strong>\u201c<em>Ett paradis i mikrov\u00e4rlden &#8211; En studie ang\u00e5ende bakteriekulturer i disktrasor\u201d<\/em><\/strong><br>Emilias studie behandlar bakteriekulturer i disktrasor. Id\u00e9n kom till henne redan i \u00e5rskurs ett p\u00e5 gymnasiet, hon var inne p\u00e5 att hon ville g\u00f6ra n\u00e5got typ av experiment och bollade med hennes handledare.&nbsp;<br>\u2013 Jag hade en plan om att jag ville g\u00f6ra n\u00e5got labbrelaterat och pratade med min handledare och d\u00e5 kom vi fram till att unders\u00f6ka hur olika reng\u00f6ringsmetoder tar bort bakterier fr\u00e5n disktrasor.&nbsp;<\/p>\n\n\n\n<p>Gymnasiearbetet p\u00e5g\u00e5r under hela h\u00f6sten, i f\u00f6rsta etappen handlar det om att forma id\u00e9er och teorier, i andra etappen genomf\u00f6rs f\u00f6rs\u00f6ken i form av labb eller experiment. Emilias f\u00f6rs\u00f6k p\u00e5gick under en fyra veckors period och inl\u00e4mningen av hela gymnasiearbetet hade deadline i mitten av februari.<br>\u2013 Innan jag b\u00f6rjade mitt f\u00f6rs\u00f6k fr\u00e5gade jag runt bland v\u00e4nner och familj hur de brukar g\u00f6ra f\u00f6r att reng\u00f6ra deras disktrasor. De sa bland annat i diskmaskinen, tv\u00e4ttmaskinen, handtv\u00e4tt eller kokning. Jag valde sj\u00e4lv att l\u00e4gga till autoklavering som en metod, det \u00e4r inget man har hemma utan finns endast i ett laboratorium.<\/p>\n\n\n\n<p><strong>V\u00e4gen till semifinalen<\/strong><br>ProCivitas Uppsala ber\u00e4ttade om Unga forskare p\u00e5 skolan och representanter fr\u00e5n t\u00e4vlingen h\u00f6ll i en digital f\u00f6rel\u00e4sning f\u00f6r eleverna d\u00e4r de ber\u00e4ttade om t\u00e4vlingen.<br>\u2013 Jag s\u00e5g t\u00e4vlingen som en m\u00f6jlighet att kunna f\u00e5 feedback p\u00e5 mitt arbete. S\u00e5 jag skickade egentligen inte in mitt arbete ur ett t\u00e4vlingssyfte.&nbsp;<\/p>\n\n\n\n<p>N\u00e5gra veckor efter att Emilia skickat in sitt arbete fick hon ett mail fr\u00e5n Unga forskare n\u00e4r hon satt p\u00e5 jobbet. I mailet stod det att det var ett besked fr\u00e5n t\u00e4vlingen med gratulationer om att hon g\u00e5tt vidare till semifinal.&nbsp;<br>\u2013 Jag trodde inte att jag skulle g\u00e5 vidare, s\u00e5 jag blev j\u00e4tteglad, men ocks\u00e5 lite chockad.<\/p>\n\n\n\n<p>Den 7 mars \u00e4r det dags att st\u00e4lla ut p\u00e5 m\u00e4ssan Unga forskare f\u00f6r Emilia, d\u00e4r hon kommer att ha en egen monter f\u00f6r att presentera sitt arbete. Under semifinalerna har eleverna chansen att g\u00e5 vidare till den stora finalen. D\u00e4r kan man vinna flera olika priser till ett v\u00e4rde av \u00f6ver 500 000 kronor.<br>\u2013 Jag kommer st\u00e4lla ut i S\u00f6dert\u00e4lje d\u00e5 det blev min semifinalsort. D\u00e4r kommer jag att presentera mitt arbete p\u00e5 max fem minuter, sedan har juryn 10 minuter p\u00e5 sig att st\u00e4lla fr\u00e5gor.<br><br><strong>Resultatet av arbetet och dr\u00f6mmar i framtiden<\/strong><br>I februari skickade Emilia in sitt gymnasiearbete, och kom fram till att autoklaveringen var den enda metoden som faktiskt d\u00f6dar alla bakterier, d\u00e5 det kr\u00e4vs 120 grader f\u00f6r att d\u00f6da alla typer av bakterier. D\u00e4remot \u00e4r de ingen h\u00e5llbar metod ur ett milj\u00f6perspektiv eftersom autoklaveringen f\u00f6rst\u00f6r disktrasan helt och h\u00e5llet.&nbsp;<\/p>\n\n\n\n<p>Emilia har vetat l\u00e4nge att hon vill plugga vidare efter gymnasiet, i framtiden vill hon utbilda sig inom molekyl\u00e4rbiologi.&nbsp;<br>\u2013 Min mentor fr\u00e5n ProCivitas Uppsalas mentorsprogram har sin egen forskningsgrupp p\u00e5 ett forskarlabb p\u00e5 Uppsala universitet. N\u00e4r jag fick h\u00f6ra om det k\u00e4nde jag att det verkligen \u00e4r n\u00e5got jag vill h\u00e5lla p\u00e5 med, en dr\u00f6m hade varit att ta fram nya l\u00e4kemedel i framtiden.<\/p>\n<\/div>\n\n\n\n<div class=\"wp-block-column is-layout-flow wp-block-column-is-layout-flow\" style=\"flex-basis:15%\"><\/div>\n<\/div>\n\n\n\n\n\n<section  class=\"ams-article c-block l-stacked heading-decor js-load-more\" data-color-scheme=\"cards\" data-count=\"3\" data-count-mobile=\"3\">\n\t<div class=\"l-container l-stack l-stack-fluid-2xl u-pt-fluid-3xl-6xl u-pb-fluid-3xl-6xl is-center is-center@md\">\n\t\t\t\t\t<div class=\"ams-article__intro l-stack l-stack-lg\">\n\t\t\t\t\t\n\t<h2\n\tclass=\"c-heading u-font-title-1 \"\n\tstyle=\"\">\n\t\t\n\t\t\t\t\tNyheter\n\t\t\t\t\n\t<\/h2>\n\n\t\t\t\t\t\t\t<\/div>\n\t\t\n\t\t\t\n\t    \n\t\n\t<ul id=\"ams-article-list-69f12b2c80c37\" class=\"ams-article__list l-grid u-gap-2xl u-justify-center js-results \" aria-label=\"Artiklar\" data-filter-animation=\"off\">\n\t\t\t\t\t\t\t\t\t\t\t\t\t\t\t\t\t\n\t\t\t\n\t\t\t\n\t\t\t<li class=\"l-col-6@md l-col-4@lg \" data-filter=\"natur nyheter april-2026\">\n\t\t\t\t<article class=\"c-card  has-media-zoom  \" data-variant=\"neutral\" data-style=\"square\" data-click-area>\n\t\t\t\t\t<div class=\"c-card__content l-stack l-stack-sm\">\n\n\t\t\t\t\t\t\t\t\t\t\t\t\t<time class=\"c-card__date u-font-small\" datetime=\"2026-04-07\">7 april 2026<\/time>\n\t\t\t\t\t\t\n\t\t\t\t\t\t\t\t\t\t\t\t\t<h3 class=\"c-card__title u-font-title-3\">\n\t\t\t\t\t\t\t\t\t\t\t\t\t\t\t\t\t<a class=\"c-card__link\" href=\"https:\/\/procivitas.se\/uppsala\/nyheter\/cern-satsning-pa-procivitas-uppsala\/\">\n\t\t\t\t\t\t\t\t\t\t\u00c5tta elever f\u00e5r resa till CERN\n\t\t\t\t\t\t\t\t\t<\/a>\n\t\t\t\t\t\t\t\t\t\t\t\t\t\t\t<\/h3>\n\t\t\t\t\t\t\n\t\t\t\t\t\t\t\t\t\t\t\t\t<p class=\"c-card__text l-stack-xs u-font-body\">\n\t\t\t\t\t\t\t\tI \u00e5r f\u00e5r \u00e5tta elever p\u00e5 Naturvetenskapsprogrammet en s\u00e4rskild chans \u2013 att resa till CERN i Gen\u00e8ve och uppleva forskning i v\u00e4rldsklass p\u00e5 n\u00e4ra h\u00e5ll.\n\t\t\t\t\t\t\t<\/p>\n\t\t\t\t\t\t\n\t\t\t\t\t\t\t\t\t\t\t\t\t<ul class=\"c-card__tags l-stack-grow u-list-none u-pt-md\" aria-label=\"Kategorier\">\n\t\t\t\t\t\t\t\t\t\t\t\t\t\t\t\t\t<li><span class=\"c-tag\" data-variant=\"outline\">Natur<\/span><\/li>\n\t\t\t\t\t\t\t\t\t\t\t\t\t\t\t\t\t<li><span class=\"c-tag\" data-variant=\"outline\">Nyheter<\/span><\/li>\n\t\t\t\t\t\t\t\t\t\t\t\t\t\t\t<\/ul>\n\t\t\t\t\t\t\n\t\t\t\t\t\t<div class=\"c-card__icon\">\n\t\t\t\t\t\t\t\t\t\t\t\t\t\t<svg class=\"ams-icon ams-icon--arrow-right\" width=\"32\" height=\"32\" viewbox=\"0 0 32 32\" fill=\"currentColor\" aria-hidden=\"true\" xmlns=\"http:\/\/www.w3.org\/2000\/svg\">\n\t\t\t\t\t\t\t\t\t\t\t\t\t\t\t\t<path d=\"M15.4617 0.252159L14.9567 0.75931C14.6219 1.09545 14.6219 1.64048 14.9567 1.97669L27.7062 14.7806H0.857144C0.383786 14.7806 0 15.166 0 15.6414V16.3587C0 16.8341 0.383786 17.2195 0.857144 17.2195H27.7062L14.9567 30.0234C14.6219 30.3595 14.6219 30.9045 14.9567 31.2407L15.4617 31.7479C15.7964 32.084 16.3392 32.084 16.6739 31.7479L31.749 16.6087C32.0837 16.2725 32.0837 15.7275 31.749 15.3913L16.6739 0.252159C16.3392 -0.084053 15.7964 -0.084053 15.4617 0.252159Z\"\/>\n\t\t\t\t\t\t\t\n\t\t\t\t\t\t\t<\/svg>\n\t\t\t\t\t\t<\/div>\n\t\t\t\t\t<\/div>\n\n\t\t\t\t\t<div class=\"c-card__media u-radius-rounded\" style=\" \">\n\t\t\t\t\t\t<img decoding=\"async\" width=\"400\" height=\"242\" src=\"https:\/\/procivitas.se\/wp-content\/uploads\/sites\/8\/2026\/04\/harda-punkter-infor-cern-e1775565725219-400x242.jpg\" class=\"attachment-sm size-sm\" alt=\"\" sizes=\"(min-width: 64em) 300px, (min-width: 48em) calc(.50 * (100vw - 224px)), calc(100vw - 160px)\" srcset=\"https:\/\/procivitas.se\/wp-content\/uploads\/sites\/8\/2026\/04\/harda-punkter-infor-cern-e1775565725219-400x242.jpg 400w, https:\/\/procivitas.se\/wp-content\/uploads\/sites\/8\/2026\/04\/harda-punkter-infor-cern-e1775565725219-300x182.jpg 300w, https:\/\/procivitas.se\/wp-content\/uploads\/sites\/8\/2026\/04\/harda-punkter-infor-cern-e1775565725219-600x364.jpg 600w, https:\/\/procivitas.se\/wp-content\/uploads\/sites\/8\/2026\/04\/harda-punkter-infor-cern-e1775565725219-800x485.jpg 800w, https:\/\/procivitas.se\/wp-content\/uploads\/sites\/8\/2026\/04\/harda-punkter-infor-cern-e1775565725219.jpg 891w\" \/>\n\t\t\t\t\t<\/div>\n\t\t\t\t<\/article>\n\t\t\t<\/li>\n\t\t\t\t\t\t\t\t\t\t\t\t\t\t\t\t\t\n\t\t\t\n\t\t\t\n\t\t\t<li class=\"l-col-6@md l-col-4@lg \" data-filter=\"ekonomi nyheter samhall mars-2026\">\n\t\t\t\t<article class=\"c-card  has-media-zoom  \" data-variant=\"neutral\" data-style=\"square\" data-click-area>\n\t\t\t\t\t<div class=\"c-card__content l-stack l-stack-sm\">\n\n\t\t\t\t\t\t\t\t\t\t\t\t\t<time class=\"c-card__date u-font-small\" datetime=\"2026-03-12\">12 mars 2026<\/time>\n\t\t\t\t\t\t\n\t\t\t\t\t\t\t\t\t\t\t\t\t<h3 class=\"c-card__title u-font-title-3\">\n\t\t\t\t\t\t\t\t\t\t\t\t\t\t\t\t\t<a class=\"c-card__link\" href=\"https:\/\/procivitas.se\/uppsala\/nyheter\/juridikfinal\/\">\n\t\t\t\t\t\t\t\t\t\tJuridikfinal\n\t\t\t\t\t\t\t\t\t<\/a>\n\t\t\t\t\t\t\t\t\t\t\t\t\t\t\t<\/h3>\n\t\t\t\t\t\t\n\t\t\t\t\t\t\t\t\t\t\t\t\t<p class=\"c-card__text l-stack-xs u-font-body\">\n\t\t\t\t\t\t\t\tUtifr\u00e5n drygt 200 anm\u00e4lda lag har v\u00e5ra elever kvalificerat sig som en av de fyra b\u00e4sta i landet och ska d\u00e4rmed f\u00e5 t\u00e4vla i den stora finalen senare i v\u00e5r!\r\n\n\t\t\t\t\t\t\t<\/p>\n\t\t\t\t\t\t\n\t\t\t\t\t\t\t\t\t\t\t\t\t<ul class=\"c-card__tags l-stack-grow u-list-none u-pt-md\" aria-label=\"Kategorier\">\n\t\t\t\t\t\t\t\t\t\t\t\t\t\t\t\t\t<li><span class=\"c-tag\" data-variant=\"outline\">Ekonomi<\/span><\/li>\n\t\t\t\t\t\t\t\t\t\t\t\t\t\t\t\t\t<li><span class=\"c-tag\" data-variant=\"outline\">Nyheter<\/span><\/li>\n\t\t\t\t\t\t\t\t\t\t\t\t\t\t\t\t\t<li><span class=\"c-tag\" data-variant=\"outline\">Samh\u00e4ll<\/span><\/li>\n\t\t\t\t\t\t\t\t\t\t\t\t\t\t\t<\/ul>\n\t\t\t\t\t\t\n\t\t\t\t\t\t<div class=\"c-card__icon\">\n\t\t\t\t\t\t\t\t\t\t\t\t\t\t<svg class=\"ams-icon ams-icon--arrow-right\" width=\"32\" height=\"32\" viewbox=\"0 0 32 32\" fill=\"currentColor\" aria-hidden=\"true\" xmlns=\"http:\/\/www.w3.org\/2000\/svg\">\n\t\t\t\t\t\t\t\t\t\t\t\t\t\t\t\t<path d=\"M15.4617 0.252159L14.9567 0.75931C14.6219 1.09545 14.6219 1.64048 14.9567 1.97669L27.7062 14.7806H0.857144C0.383786 14.7806 0 15.166 0 15.6414V16.3587C0 16.8341 0.383786 17.2195 0.857144 17.2195H27.7062L14.9567 30.0234C14.6219 30.3595 14.6219 30.9045 14.9567 31.2407L15.4617 31.7479C15.7964 32.084 16.3392 32.084 16.6739 31.7479L31.749 16.6087C32.0837 16.2725 32.0837 15.7275 31.749 15.3913L16.6739 0.252159C16.3392 -0.084053 15.7964 -0.084053 15.4617 0.252159Z\"\/>\n\t\t\t\t\t\t\t\n\t\t\t\t\t\t\t<\/svg>\n\t\t\t\t\t\t<\/div>\n\t\t\t\t\t<\/div>\n\n\t\t\t\t\t<div class=\"c-card__media u-radius-rounded\" style=\" \">\n\t\t\t\t\t\t<img decoding=\"async\" width=\"400\" height=\"500\" src=\"https:\/\/procivitas.se\/wp-content\/uploads\/sites\/8\/2026\/03\/123-anywhere-st-any-city-2-400x500.png\" class=\"attachment-sm size-sm\" alt=\"\" sizes=\"(min-width: 64em) 300px, (min-width: 48em) calc(.50 * (100vw - 224px)), calc(100vw - 160px)\" srcset=\"https:\/\/procivitas.se\/wp-content\/uploads\/sites\/8\/2026\/03\/123-anywhere-st-any-city-2-400x500.png 400w, https:\/\/procivitas.se\/wp-content\/uploads\/sites\/8\/2026\/03\/123-anywhere-st-any-city-2-300x375.png 300w, https:\/\/procivitas.se\/wp-content\/uploads\/sites\/8\/2026\/03\/123-anywhere-st-any-city-2-600x750.png 600w, https:\/\/procivitas.se\/wp-content\/uploads\/sites\/8\/2026\/03\/123-anywhere-st-any-city-2-800x1000.png 800w, https:\/\/procivitas.se\/wp-content\/uploads\/sites\/8\/2026\/03\/123-anywhere-st-any-city-2-1024x1280.png 1024w, https:\/\/procivitas.se\/wp-content\/uploads\/sites\/8\/2026\/03\/123-anywhere-st-any-city-2.png 1080w\" \/>\n\t\t\t\t\t<\/div>\n\t\t\t\t<\/article>\n\t\t\t<\/li>\n\t\t\t\t\t\t\t\t\t\t\t\t\t\t\t\t\t\n\t\t\t\n\t\t\t\n\t\t\t<li class=\"l-col-6@md l-col-4@lg \" data-filter=\"elevintervjuer natur nyheter februari-2026\">\n\t\t\t\t<article class=\"c-card  has-media-zoom  \" data-variant=\"neutral\" data-style=\"square\" data-click-area>\n\t\t\t\t\t<div class=\"c-card__content l-stack l-stack-sm\">\n\n\t\t\t\t\t\t\t\t\t\t\t\t\t<time class=\"c-card__date u-font-small\" datetime=\"2026-02-10\">10 februari 2026<\/time>\n\t\t\t\t\t\t\n\t\t\t\t\t\t\t\t\t\t\t\t\t<h3 class=\"c-card__title u-font-title-3\">\n\t\t\t\t\t\t\t\t\t\t\t\t\t\t\t\t\t<a class=\"c-card__link\" href=\"https:\/\/procivitas.se\/uppsala\/nyheter\/nyheter\/\">\n\t\t\t\t\t\t\t\t\t\tAmal har g\u00e5tt vidare till final i Unga forskare!\n\t\t\t\t\t\t\t\t\t<\/a>\n\t\t\t\t\t\t\t\t\t\t\t\t\t\t\t<\/h3>\n\t\t\t\t\t\t\n\t\t\t\t\t\t\t\t\t\t\t\t\t<p class=\"c-card__text l-stack-xs u-font-body\">\n\t\t\t\t\t\t\t\tStort grattis till v\u00e5r elev Amal som har g\u00e5tt vidare till final i Unga forskare!\n\t\t\t\t\t\t\t<\/p>\n\t\t\t\t\t\t\n\t\t\t\t\t\t\t\t\t\t\t\t\t<ul class=\"c-card__tags l-stack-grow u-list-none u-pt-md\" aria-label=\"Kategorier\">\n\t\t\t\t\t\t\t\t\t\t\t\t\t\t\t\t\t<li><span class=\"c-tag\" data-variant=\"outline\">Elevintervjuer<\/span><\/li>\n\t\t\t\t\t\t\t\t\t\t\t\t\t\t\t\t\t<li><span class=\"c-tag\" data-variant=\"outline\">Natur<\/span><\/li>\n\t\t\t\t\t\t\t\t\t\t\t\t\t\t\t\t\t<li><span class=\"c-tag\" data-variant=\"outline\">Nyheter<\/span><\/li>\n\t\t\t\t\t\t\t\t\t\t\t\t\t\t\t<\/ul>\n\t\t\t\t\t\t\n\t\t\t\t\t\t<div class=\"c-card__icon\">\n\t\t\t\t\t\t\t\t\t\t\t\t\t\t<svg class=\"ams-icon ams-icon--arrow-right\" width=\"32\" height=\"32\" viewbox=\"0 0 32 32\" fill=\"currentColor\" aria-hidden=\"true\" xmlns=\"http:\/\/www.w3.org\/2000\/svg\">\n\t\t\t\t\t\t\t\t\t\t\t\t\t\t\t\t<path d=\"M15.4617 0.252159L14.9567 0.75931C14.6219 1.09545 14.6219 1.64048 14.9567 1.97669L27.7062 14.7806H0.857144C0.383786 14.7806 0 15.166 0 15.6414V16.3587C0 16.8341 0.383786 17.2195 0.857144 17.2195H27.7062L14.9567 30.0234C14.6219 30.3595 14.6219 30.9045 14.9567 31.2407L15.4617 31.7479C15.7964 32.084 16.3392 32.084 16.6739 31.7479L31.749 16.6087C32.0837 16.2725 32.0837 15.7275 31.749 15.3913L16.6739 0.252159C16.3392 -0.084053 15.7964 -0.084053 15.4617 0.252159Z\"\/>\n\t\t\t\t\t\t\t\n\t\t\t\t\t\t\t<\/svg>\n\t\t\t\t\t\t<\/div>\n\t\t\t\t\t<\/div>\n\n\t\t\t\t\t<div class=\"c-card__media u-radius-rounded\" style=\" \">\n\t\t\t\t\t\t<img decoding=\"async\" width=\"400\" height=\"533\" src=\"https:\/\/procivitas.se\/wp-content\/uploads\/sites\/8\/2026\/02\/image000000-1-400x533.jpg\" class=\"attachment-sm size-sm\" alt=\"\" sizes=\"(min-width: 64em) 300px, (min-width: 48em) calc(.50 * (100vw - 224px)), calc(100vw - 160px)\" srcset=\"https:\/\/procivitas.se\/wp-content\/uploads\/sites\/8\/2026\/02\/image000000-1-400x533.jpg 400w, https:\/\/procivitas.se\/wp-content\/uploads\/sites\/8\/2026\/02\/image000000-1-300x400.jpg 300w, https:\/\/procivitas.se\/wp-content\/uploads\/sites\/8\/2026\/02\/image000000-1-600x800.jpg 600w, https:\/\/procivitas.se\/wp-content\/uploads\/sites\/8\/2026\/02\/image000000-1-800x1067.jpg 800w, https:\/\/procivitas.se\/wp-content\/uploads\/sites\/8\/2026\/02\/image000000-1-1024x1365.jpg 1024w, https:\/\/procivitas.se\/wp-content\/uploads\/sites\/8\/2026\/02\/image000000-1.jpg 1200w\" \/>\n\t\t\t\t\t<\/div>\n\t\t\t\t<\/article>\n\t\t\t<\/li>\n\t\t\t\t\t\t\t\t\t\t\t\t\t\t\t\t\t\n\t\t\t\n\t\t\t\n\t\t\t<li class=\"l-col-6@md l-col-4@lg \" data-filter=\"nyheter ung-foretagsamhet december-2025\">\n\t\t\t\t<article class=\"c-card  has-media-zoom  \" data-variant=\"neutral\" data-style=\"square\" data-click-area>\n\t\t\t\t\t<div class=\"c-card__content l-stack l-stack-sm\">\n\n\t\t\t\t\t\t\t\t\t\t\t\t\t<time class=\"c-card__date u-font-small\" datetime=\"2025-12-03\">3 december 2025<\/time>\n\t\t\t\t\t\t\n\t\t\t\t\t\t\t\t\t\t\t\t\t<h3 class=\"c-card__title u-font-title-3\">\n\t\t\t\t\t\t\t\t\t\t\t\t\t\t\t\t\t<a class=\"c-card__link\" href=\"https:\/\/procivitas.se\/uppsala\/nyheter\/julmarknad\/\">\n\t\t\t\t\t\t\t\t\t\tUF-Julm\u00e4ssa p\u00e5 ProCivitas!\n\t\t\t\t\t\t\t\t\t<\/a>\n\t\t\t\t\t\t\t\t\t\t\t\t\t\t\t<\/h3>\n\t\t\t\t\t\t\n\t\t\t\t\t\t\t\t\t\t\t\t\t<p class=\"c-card__text l-stack-xs u-font-body\">\n\t\t\t\t\t\t\t\tM\u00e5ndagen den 15 december v\u00e4lkomnar vi dig till en inspirerande och festlig UF-marknad p\u00e5 v\u00e5ning 4! \n\t\t\t\t\t\t\t<\/p>\n\t\t\t\t\t\t\n\t\t\t\t\t\t\t\t\t\t\t\t\t<ul class=\"c-card__tags l-stack-grow u-list-none u-pt-md\" aria-label=\"Kategorier\">\n\t\t\t\t\t\t\t\t\t\t\t\t\t\t\t\t\t<li><span class=\"c-tag\" data-variant=\"outline\">Nyheter<\/span><\/li>\n\t\t\t\t\t\t\t\t\t\t\t\t\t\t\t\t\t<li><span class=\"c-tag\" data-variant=\"outline\">Ung f\u00f6retagsamhet<\/span><\/li>\n\t\t\t\t\t\t\t\t\t\t\t\t\t\t\t<\/ul>\n\t\t\t\t\t\t\n\t\t\t\t\t\t<div class=\"c-card__icon\">\n\t\t\t\t\t\t\t\t\t\t\t\t\t\t<svg class=\"ams-icon ams-icon--arrow-right\" width=\"32\" height=\"32\" viewbox=\"0 0 32 32\" fill=\"currentColor\" aria-hidden=\"true\" xmlns=\"http:\/\/www.w3.org\/2000\/svg\">\n\t\t\t\t\t\t\t\t\t\t\t\t\t\t\t\t<path d=\"M15.4617 0.252159L14.9567 0.75931C14.6219 1.09545 14.6219 1.64048 14.9567 1.97669L27.7062 14.7806H0.857144C0.383786 14.7806 0 15.166 0 15.6414V16.3587C0 16.8341 0.383786 17.2195 0.857144 17.2195H27.7062L14.9567 30.0234C14.6219 30.3595 14.6219 30.9045 14.9567 31.2407L15.4617 31.7479C15.7964 32.084 16.3392 32.084 16.6739 31.7479L31.749 16.6087C32.0837 16.2725 32.0837 15.7275 31.749 15.3913L16.6739 0.252159C16.3392 -0.084053 15.7964 -0.084053 15.4617 0.252159Z\"\/>\n\t\t\t\t\t\t\t\n\t\t\t\t\t\t\t<\/svg>\n\t\t\t\t\t\t<\/div>\n\t\t\t\t\t<\/div>\n\n\t\t\t\t\t<div class=\"c-card__media u-radius-rounded\" style=\" \">\n\t\t\t\t\t\t<img decoding=\"async\" width=\"400\" height=\"341\" src=\"https:\/\/procivitas.se\/wp-content\/uploads\/sites\/8\/2024\/08\/skarmavbild-2024-08-26-kl-111946-400x341.png\" class=\"attachment-sm size-sm\" alt=\"En grupp elever poserar tillsammans utomhus p\u00e5 en b\u00e4nk.\" sizes=\"(min-width: 64em) 300px, (min-width: 48em) calc(.50 * (100vw - 224px)), calc(100vw - 160px)\" srcset=\"https:\/\/procivitas.se\/wp-content\/uploads\/sites\/8\/2024\/08\/skarmavbild-2024-08-26-kl-111946-400x341.png 400w, https:\/\/procivitas.se\/wp-content\/uploads\/sites\/8\/2024\/08\/skarmavbild-2024-08-26-kl-111946-300x256.png 300w, https:\/\/procivitas.se\/wp-content\/uploads\/sites\/8\/2024\/08\/skarmavbild-2024-08-26-kl-111946-600x512.png 600w, https:\/\/procivitas.se\/wp-content\/uploads\/sites\/8\/2024\/08\/skarmavbild-2024-08-26-kl-111946-800x683.png 800w, https:\/\/procivitas.se\/wp-content\/uploads\/sites\/8\/2024\/08\/skarmavbild-2024-08-26-kl-111946.png 998w\" \/>\n\t\t\t\t\t<\/div>\n\t\t\t\t<\/article>\n\t\t\t<\/li>\n\t\t\t\t\t\t\t\t\t\t\t\t\t\t\t\t\t\n\t\t\t\n\t\t\t\n\t\t\t<li class=\"l-col-6@md l-col-4@lg \" data-filter=\"nyheter augusti-2025\">\n\t\t\t\t<article class=\"c-card  has-media-zoom  \" data-variant=\"neutral\" data-style=\"square\" data-click-area>\n\t\t\t\t\t<div class=\"c-card__content l-stack l-stack-sm\">\n\n\t\t\t\t\t\t\t\t\t\t\t\t\t<time class=\"c-card__date u-font-small\" datetime=\"2025-08-12\">12 augusti 2025<\/time>\n\t\t\t\t\t\t\n\t\t\t\t\t\t\t\t\t\t\t\t\t<h3 class=\"c-card__title u-font-title-3\">\n\t\t\t\t\t\t\t\t\t\t\t\t\t\t\t\t\t<a class=\"c-card__link\" href=\"https:\/\/procivitas.se\/uppsala\/nyheter\/information-om-skolstart-2025\/\">\n\t\t\t\t\t\t\t\t\t\tInformation om skolstart 2025\n\t\t\t\t\t\t\t\t\t<\/a>\n\t\t\t\t\t\t\t\t\t\t\t\t\t\t\t<\/h3>\n\t\t\t\t\t\t\n\t\t\t\t\t\t\t\t\t\t\t\t\t<p class=\"c-card__text l-stack-xs u-font-body\">\n\t\t\t\t\t\t\t\tEfter en h\u00e4rlig sommar ser vi fram emot h\u00f6stterminen. Varmt v\u00e4lkomna till oss, b\u00e5de nya och gamla elever!\r\n\n\t\t\t\t\t\t\t<\/p>\n\t\t\t\t\t\t\n\t\t\t\t\t\t\t\t\t\t\t\t\t<ul class=\"c-card__tags l-stack-grow u-list-none u-pt-md\" aria-label=\"Kategorier\">\n\t\t\t\t\t\t\t\t\t\t\t\t\t\t\t\t\t<li><span class=\"c-tag\" data-variant=\"outline\">Nyheter<\/span><\/li>\n\t\t\t\t\t\t\t\t\t\t\t\t\t\t\t<\/ul>\n\t\t\t\t\t\t\n\t\t\t\t\t\t<div class=\"c-card__icon\">\n\t\t\t\t\t\t\t\t\t\t\t\t\t\t<svg class=\"ams-icon ams-icon--arrow-right\" width=\"32\" height=\"32\" viewbox=\"0 0 32 32\" fill=\"currentColor\" aria-hidden=\"true\" xmlns=\"http:\/\/www.w3.org\/2000\/svg\">\n\t\t\t\t\t\t\t\t\t\t\t\t\t\t\t\t<path d=\"M15.4617 0.252159L14.9567 0.75931C14.6219 1.09545 14.6219 1.64048 14.9567 1.97669L27.7062 14.7806H0.857144C0.383786 14.7806 0 15.166 0 15.6414V16.3587C0 16.8341 0.383786 17.2195 0.857144 17.2195H27.7062L14.9567 30.0234C14.6219 30.3595 14.6219 30.9045 14.9567 31.2407L15.4617 31.7479C15.7964 32.084 16.3392 32.084 16.6739 31.7479L31.749 16.6087C32.0837 16.2725 32.0837 15.7275 31.749 15.3913L16.6739 0.252159C16.3392 -0.084053 15.7964 -0.084053 15.4617 0.252159Z\"\/>\n\t\t\t\t\t\t\t\n\t\t\t\t\t\t\t<\/svg>\n\t\t\t\t\t\t<\/div>\n\t\t\t\t\t<\/div>\n\n\t\t\t\t\t<div class=\"c-card__media u-radius-rounded\" style=\" \">\n\t\t\t\t\t\t<img decoding=\"async\" width=\"400\" height=\"600\" src=\"https:\/\/procivitas.se\/wp-content\/uploads\/sites\/8\/2024\/08\/prouppsalafotografering202405-202905webb175-400x600.jpg\" class=\"attachment-sm size-sm\" alt=\"Tre elever h\u00e4nger i trappan p\u00e5 skolan och ler in i kameran.\" sizes=\"(min-width: 64em) 300px, (min-width: 48em) calc(.50 * (100vw - 224px)), calc(100vw - 160px)\" srcset=\"https:\/\/procivitas.se\/wp-content\/uploads\/sites\/8\/2024\/08\/prouppsalafotografering202405-202905webb175-400x600.jpg 400w, https:\/\/procivitas.se\/wp-content\/uploads\/sites\/8\/2024\/08\/prouppsalafotografering202405-202905webb175-300x450.jpg 300w, https:\/\/procivitas.se\/wp-content\/uploads\/sites\/8\/2024\/08\/prouppsalafotografering202405-202905webb175-600x900.jpg 600w, https:\/\/procivitas.se\/wp-content\/uploads\/sites\/8\/2024\/08\/prouppsalafotografering202405-202905webb175-800x1200.jpg 800w, https:\/\/procivitas.se\/wp-content\/uploads\/sites\/8\/2024\/08\/prouppsalafotografering202405-202905webb175-1024x1536.jpg 1024w, https:\/\/procivitas.se\/wp-content\/uploads\/sites\/8\/2024\/08\/prouppsalafotografering202405-202905webb175.jpg 1080w\" \/>\n\t\t\t\t\t<\/div>\n\t\t\t\t<\/article>\n\t\t\t<\/li>\n\t\t\t\t\t\t\t\t\t\t\t\t\t\t\t\t\t\n\t\t\t\n\t\t\t\n\t\t\t<li class=\"l-col-6@md l-col-4@lg \" data-filter=\"ekonomi nyheter ung-foretagsamhet mars-2024\">\n\t\t\t\t<article class=\"c-card  has-media-zoom  \" data-variant=\"neutral\" data-style=\"square\" data-click-area>\n\t\t\t\t\t<div class=\"c-card__content l-stack l-stack-sm\">\n\n\t\t\t\t\t\t\t\t\t\t\t\t\t<time class=\"c-card__date u-font-small\" datetime=\"2024-03-22\">22 mars 2024<\/time>\n\t\t\t\t\t\t\n\t\t\t\t\t\t\t\t\t\t\t\t\t<h3 class=\"c-card__title u-font-title-3\">\n\t\t\t\t\t\t\t\t\t\t\t\t\t\t\t\t\t<a class=\"c-card__link\" href=\"https:\/\/procivitas.se\/uppsala\/nyheter\/procivitas-uppsalas-vinster-efter-uf-massan\/\">\n\t\t\t\t\t\t\t\t\t\tPriser fr\u00e5n UF-m\u00e4ssan\n\t\t\t\t\t\t\t\t\t<\/a>\n\t\t\t\t\t\t\t\t\t\t\t\t\t\t\t<\/h3>\n\t\t\t\t\t\t\n\t\t\t\t\t\t\t\t\t\t\t\t\t<p class=\"c-card__text l-stack-xs u-font-body\">\n\t\t\t\t\t\t\t\tProCivitas Uppsala var p\u00e5 plats p\u00e5 UF-m\u00e4ssan och kammade hem ett flertalet priser. Stort grattis till Evolve och PureVie&#8230;\n\t\t\t\t\t\t\t<\/p>\n\t\t\t\t\t\t\n\t\t\t\t\t\t\t\t\t\t\t\t\t<ul class=\"c-card__tags l-stack-grow u-list-none u-pt-md\" aria-label=\"Kategorier\">\n\t\t\t\t\t\t\t\t\t\t\t\t\t\t\t\t\t<li><span class=\"c-tag\" data-variant=\"outline\">Ekonomi<\/span><\/li>\n\t\t\t\t\t\t\t\t\t\t\t\t\t\t\t\t\t<li><span class=\"c-tag\" data-variant=\"outline\">Nyheter<\/span><\/li>\n\t\t\t\t\t\t\t\t\t\t\t\t\t\t\t\t\t<li><span class=\"c-tag\" data-variant=\"outline\">Ung f\u00f6retagsamhet<\/span><\/li>\n\t\t\t\t\t\t\t\t\t\t\t\t\t\t\t<\/ul>\n\t\t\t\t\t\t\n\t\t\t\t\t\t<div class=\"c-card__icon\">\n\t\t\t\t\t\t\t\t\t\t\t\t\t\t<svg class=\"ams-icon ams-icon--arrow-right\" width=\"32\" height=\"32\" viewbox=\"0 0 32 32\" fill=\"currentColor\" aria-hidden=\"true\" xmlns=\"http:\/\/www.w3.org\/2000\/svg\">\n\t\t\t\t\t\t\t\t\t\t\t\t\t\t\t\t<path d=\"M15.4617 0.252159L14.9567 0.75931C14.6219 1.09545 14.6219 1.64048 14.9567 1.97669L27.7062 14.7806H0.857144C0.383786 14.7806 0 15.166 0 15.6414V16.3587C0 16.8341 0.383786 17.2195 0.857144 17.2195H27.7062L14.9567 30.0234C14.6219 30.3595 14.6219 30.9045 14.9567 31.2407L15.4617 31.7479C15.7964 32.084 16.3392 32.084 16.6739 31.7479L31.749 16.6087C32.0837 16.2725 32.0837 15.7275 31.749 15.3913L16.6739 0.252159C16.3392 -0.084053 15.7964 -0.084053 15.4617 0.252159Z\"\/>\n\t\t\t\t\t\t\t\n\t\t\t\t\t\t\t<\/svg>\n\t\t\t\t\t\t<\/div>\n\t\t\t\t\t<\/div>\n\n\t\t\t\t\t<div class=\"c-card__media u-radius-rounded\" style=\" \">\n\t\t\t\t\t\t<img decoding=\"async\" width=\"400\" height=\"225\" src=\"https:\/\/procivitas.se\/wp-content\/uploads\/sites\/8\/2024\/03\/uf-massanpcu-400x225.jpg\" class=\"attachment-sm size-sm\" alt=\"Tv\u00e5 elever p\u00e5 UF-m\u00e4ssan st\u00e5r p\u00e5 scenen med sina vinster.\" sizes=\"(min-width: 64em) 300px, (min-width: 48em) calc(.50 * (100vw - 224px)), calc(100vw - 160px)\" srcset=\"https:\/\/procivitas.se\/wp-content\/uploads\/sites\/8\/2024\/03\/uf-massanpcu-400x225.jpg 400w, https:\/\/procivitas.se\/wp-content\/uploads\/sites\/8\/2024\/03\/uf-massanpcu-300x169.jpg 300w, https:\/\/procivitas.se\/wp-content\/uploads\/sites\/8\/2024\/03\/uf-massanpcu-600x338.jpg 600w, https:\/\/procivitas.se\/wp-content\/uploads\/sites\/8\/2024\/03\/uf-massanpcu-800x451.jpg 800w, https:\/\/procivitas.se\/wp-content\/uploads\/sites\/8\/2024\/03\/uf-massanpcu-1024x577.jpg 1024w, https:\/\/procivitas.se\/wp-content\/uploads\/sites\/8\/2024\/03\/uf-massanpcu-1200x676.jpg 1200w, https:\/\/procivitas.se\/wp-content\/uploads\/sites\/8\/2024\/03\/uf-massanpcu.jpg 1420w\" \/>\n\t\t\t\t\t<\/div>\n\t\t\t\t<\/article>\n\t\t\t<\/li>\n\t\t\t\t\t\t\t\t\t\t\t\t\t\t\t\t\t\n\t\t\t\n\t\t\t\n\t\t\t<li class=\"l-col-6@md l-col-4@lg \" data-filter=\"elevintervjuer natur nyheter mars-2024\">\n\t\t\t\t<article class=\"c-card  has-media-zoom  \" data-variant=\"neutral\" data-style=\"square\" data-click-area>\n\t\t\t\t\t<div class=\"c-card__content l-stack l-stack-sm\">\n\n\t\t\t\t\t\t\t\t\t\t\t\t\t<time class=\"c-card__date u-font-small\" datetime=\"2024-03-01\">1 mars 2024<\/time>\n\t\t\t\t\t\t\n\t\t\t\t\t\t\t\t\t\t\t\t\t<h3 class=\"c-card__title u-font-title-3\">\n\t\t\t\t\t\t\t\t\t\t\t\t\t\t\t\t\t<a class=\"c-card__link\" href=\"https:\/\/procivitas.se\/uppsala\/nyheter\/emilia-till-semifinal-i-unga-forskare\/\">\n\t\t\t\t\t\t\t\t\t\tTill semifinal i Unga forskare\n\t\t\t\t\t\t\t\t\t<\/a>\n\t\t\t\t\t\t\t\t\t\t\t\t\t\t\t<\/h3>\n\t\t\t\t\t\t\n\t\t\t\t\t\t\t\t\t\t\t\t\t<p class=\"c-card__text l-stack-xs u-font-body\">\n\t\t\t\t\t\t\t\tEmilia har g\u00e5tt vidare till semifinal i Unga forskare med sitt gymnasiearbete om bakteriekulturer i disktrasor. \n\t\t\t\t\t\t\t<\/p>\n\t\t\t\t\t\t\n\t\t\t\t\t\t\t\t\t\t\t\t\t<ul class=\"c-card__tags l-stack-grow u-list-none u-pt-md\" aria-label=\"Kategorier\">\n\t\t\t\t\t\t\t\t\t\t\t\t\t\t\t\t\t<li><span class=\"c-tag\" data-variant=\"outline\">Elevintervjuer<\/span><\/li>\n\t\t\t\t\t\t\t\t\t\t\t\t\t\t\t\t\t<li><span class=\"c-tag\" data-variant=\"outline\">Natur<\/span><\/li>\n\t\t\t\t\t\t\t\t\t\t\t\t\t\t\t\t\t<li><span class=\"c-tag\" data-variant=\"outline\">Nyheter<\/span><\/li>\n\t\t\t\t\t\t\t\t\t\t\t\t\t\t\t<\/ul>\n\t\t\t\t\t\t\n\t\t\t\t\t\t<div class=\"c-card__icon\">\n\t\t\t\t\t\t\t\t\t\t\t\t\t\t<svg class=\"ams-icon ams-icon--arrow-right\" width=\"32\" height=\"32\" viewbox=\"0 0 32 32\" fill=\"currentColor\" aria-hidden=\"true\" xmlns=\"http:\/\/www.w3.org\/2000\/svg\">\n\t\t\t\t\t\t\t\t\t\t\t\t\t\t\t\t<path d=\"M15.4617 0.252159L14.9567 0.75931C14.6219 1.09545 14.6219 1.64048 14.9567 1.97669L27.7062 14.7806H0.857144C0.383786 14.7806 0 15.166 0 15.6414V16.3587C0 16.8341 0.383786 17.2195 0.857144 17.2195H27.7062L14.9567 30.0234C14.6219 30.3595 14.6219 30.9045 14.9567 31.2407L15.4617 31.7479C15.7964 32.084 16.3392 32.084 16.6739 31.7479L31.749 16.6087C32.0837 16.2725 32.0837 15.7275 31.749 15.3913L16.6739 0.252159C16.3392 -0.084053 15.7964 -0.084053 15.4617 0.252159Z\"\/>\n\t\t\t\t\t\t\t\n\t\t\t\t\t\t\t<\/svg>\n\t\t\t\t\t\t<\/div>\n\t\t\t\t\t<\/div>\n\n\t\t\t\t\t<div class=\"c-card__media u-radius-rounded\" style=\" \">\n\t\t\t\t\t\t<img decoding=\"async\" width=\"400\" height=\"224\" src=\"https:\/\/procivitas.se\/wp-content\/uploads\/sites\/8\/2024\/02\/emiliaunga-forskarepc-400x224.png\" class=\"attachment-sm size-sm\" alt=\"Portr\u00e4ttbild\" sizes=\"(min-width: 64em) 300px, (min-width: 48em) calc(.50 * (100vw - 224px)), calc(100vw - 160px)\" srcset=\"https:\/\/procivitas.se\/wp-content\/uploads\/sites\/8\/2024\/02\/emiliaunga-forskarepc-400x224.png 400w, https:\/\/procivitas.se\/wp-content\/uploads\/sites\/8\/2024\/02\/emiliaunga-forskarepc-300x168.png 300w, https:\/\/procivitas.se\/wp-content\/uploads\/sites\/8\/2024\/02\/emiliaunga-forskarepc-600x335.png 600w, https:\/\/procivitas.se\/wp-content\/uploads\/sites\/8\/2024\/02\/emiliaunga-forskarepc-768x431.png 768w, https:\/\/procivitas.se\/wp-content\/uploads\/sites\/8\/2024\/02\/emiliaunga-forskarepc.png 771w\" \/>\n\t\t\t\t\t<\/div>\n\t\t\t\t<\/article>\n\t\t\t<\/li>\n\t\t\t\t\t\t\t\t\t\t\t\t\t\t\t\t\t\n\t\t\t\n\t\t\t\n\t\t\t<li class=\"l-col-6@md l-col-4@lg \" data-filter=\"nyheter januari-2024\">\n\t\t\t\t<article class=\"c-card  has-media-zoom  \" data-variant=\"neutral\" data-style=\"square\" data-click-area>\n\t\t\t\t\t<div class=\"c-card__content l-stack l-stack-sm\">\n\n\t\t\t\t\t\t\t\t\t\t\t\t\t<time class=\"c-card__date u-font-small\" datetime=\"2024-01-22\">22 januari 2024<\/time>\n\t\t\t\t\t\t\n\t\t\t\t\t\t\t\t\t\t\t\t\t<h3 class=\"c-card__title u-font-title-3\">\n\t\t\t\t\t\t\t\t\t\t\t\t\t\t\t\t\t<a class=\"c-card__link\" href=\"https:\/\/procivitas.se\/uppsala\/nyheter\/varmt-valkommen-pa-oppet-hus\/\">\n\t\t\t\t\t\t\t\t\t\t\u00d6ppet hus p\u00e5 ProCivitas Uppsala\n\t\t\t\t\t\t\t\t\t<\/a>\n\t\t\t\t\t\t\t\t\t\t\t\t\t\t\t<\/h3>\n\t\t\t\t\t\t\n\t\t\t\t\t\t\t\t\t\t\t\t\t<p class=\"c-card__text l-stack-xs u-font-body\">\n\t\t\t\t\t\t\t\t31\/1 kl. 17-19 \u00e4r det \u00e5ter igen dags f\u00f6r \u00d6ppet hus hos oss p\u00e5 ProCivitas Uppsala\n\t\t\t\t\t\t\t<\/p>\n\t\t\t\t\t\t\n\t\t\t\t\t\t\t\t\t\t\t\t\t<ul class=\"c-card__tags l-stack-grow u-list-none u-pt-md\" aria-label=\"Kategorier\">\n\t\t\t\t\t\t\t\t\t\t\t\t\t\t\t\t\t<li><span class=\"c-tag\" data-variant=\"outline\">Nyheter<\/span><\/li>\n\t\t\t\t\t\t\t\t\t\t\t\t\t\t\t<\/ul>\n\t\t\t\t\t\t\n\t\t\t\t\t\t<div class=\"c-card__icon\">\n\t\t\t\t\t\t\t\t\t\t\t\t\t\t<svg class=\"ams-icon ams-icon--arrow-right\" width=\"32\" height=\"32\" viewbox=\"0 0 32 32\" fill=\"currentColor\" aria-hidden=\"true\" xmlns=\"http:\/\/www.w3.org\/2000\/svg\">\n\t\t\t\t\t\t\t\t\t\t\t\t\t\t\t\t<path d=\"M15.4617 0.252159L14.9567 0.75931C14.6219 1.09545 14.6219 1.64048 14.9567 1.97669L27.7062 14.7806H0.857144C0.383786 14.7806 0 15.166 0 15.6414V16.3587C0 16.8341 0.383786 17.2195 0.857144 17.2195H27.7062L14.9567 30.0234C14.6219 30.3595 14.6219 30.9045 14.9567 31.2407L15.4617 31.7479C15.7964 32.084 16.3392 32.084 16.6739 31.7479L31.749 16.6087C32.0837 16.2725 32.0837 15.7275 31.749 15.3913L16.6739 0.252159C16.3392 -0.084053 15.7964 -0.084053 15.4617 0.252159Z\"\/>\n\t\t\t\t\t\t\t\n\t\t\t\t\t\t\t<\/svg>\n\t\t\t\t\t\t<\/div>\n\t\t\t\t\t<\/div>\n\n\t\t\t\t\t<div class=\"c-card__media u-radius-rounded\" style=\" \">\n\t\t\t\t\t\t<img decoding=\"async\" width=\"400\" height=\"267\" src=\"https:\/\/procivitas.se\/wp-content\/uploads\/sites\/8\/2023\/10\/procivitas-uppsala-2022-400x267.jpg\" class=\"attachment-sm size-sm\" alt=\"Elever sitter i en trappa p\u00e5 skolan\" sizes=\"(min-width: 64em) 300px, (min-width: 48em) calc(.50 * (100vw - 224px)), calc(100vw - 160px)\" srcset=\"https:\/\/procivitas.se\/wp-content\/uploads\/sites\/8\/2023\/10\/procivitas-uppsala-2022-400x267.jpg 400w, https:\/\/procivitas.se\/wp-content\/uploads\/sites\/8\/2023\/10\/procivitas-uppsala-2022-300x200.jpg 300w, https:\/\/procivitas.se\/wp-content\/uploads\/sites\/8\/2023\/10\/procivitas-uppsala-2022-600x400.jpg 600w, https:\/\/procivitas.se\/wp-content\/uploads\/sites\/8\/2023\/10\/procivitas-uppsala-2022-800x533.jpg 800w, https:\/\/procivitas.se\/wp-content\/uploads\/sites\/8\/2023\/10\/procivitas-uppsala-2022-1024x683.jpg 1024w, https:\/\/procivitas.se\/wp-content\/uploads\/sites\/8\/2023\/10\/procivitas-uppsala-2022-1200x800.jpg 1200w\" \/>\n\t\t\t\t\t<\/div>\n\t\t\t\t<\/article>\n\t\t\t<\/li>\n\t\t\t\t\t\t\t\t\t\t\t\t\t\t\t\t\t\n\t\t\t\n\t\t\t\n\t\t\t<li class=\"l-col-6@md l-col-4@lg \" data-filter=\"nyheter januari-2024\">\n\t\t\t\t<article class=\"c-card  has-media-zoom  \" data-variant=\"neutral\" data-style=\"square\" data-click-area>\n\t\t\t\t\t<div class=\"c-card__content l-stack l-stack-sm\">\n\n\t\t\t\t\t\t\t\t\t\t\t\t\t<time class=\"c-card__date u-font-small\" datetime=\"2024-01-22\">22 januari 2024<\/time>\n\t\t\t\t\t\t\n\t\t\t\t\t\t\t\t\t\t\t\t\t<h3 class=\"c-card__title u-font-title-3\">\n\t\t\t\t\t\t\t\t\t\t\t\t\t\t\t\t\t<a class=\"c-card__link\" href=\"https:\/\/procivitas.se\/uppsala\/nyheter\/antagningen-har-oppnat\/\">\n\t\t\t\t\t\t\t\t\t\tAntagningen har \u00f6ppnat!\n\t\t\t\t\t\t\t\t\t<\/a>\n\t\t\t\t\t\t\t\t\t\t\t\t\t\t\t<\/h3>\n\t\t\t\t\t\t\n\t\t\t\t\t\t\t\t\t\t\t\t\t<p class=\"c-card__text l-stack-xs u-font-body\">\n\t\t\t\t\t\t\t\tGymnasieantagningen har \u00f6ppnat i din kommun! L\u00e4s mer om viktiga datum &#8230;\n\t\t\t\t\t\t\t<\/p>\n\t\t\t\t\t\t\n\t\t\t\t\t\t\t\t\t\t\t\t\t<ul class=\"c-card__tags l-stack-grow u-list-none u-pt-md\" aria-label=\"Kategorier\">\n\t\t\t\t\t\t\t\t\t\t\t\t\t\t\t\t\t<li><span class=\"c-tag\" data-variant=\"outline\">Nyheter<\/span><\/li>\n\t\t\t\t\t\t\t\t\t\t\t\t\t\t\t<\/ul>\n\t\t\t\t\t\t\n\t\t\t\t\t\t<div class=\"c-card__icon\">\n\t\t\t\t\t\t\t\t\t\t\t\t\t\t<svg class=\"ams-icon ams-icon--arrow-right\" width=\"32\" height=\"32\" viewbox=\"0 0 32 32\" fill=\"currentColor\" aria-hidden=\"true\" xmlns=\"http:\/\/www.w3.org\/2000\/svg\">\n\t\t\t\t\t\t\t\t\t\t\t\t\t\t\t\t<path d=\"M15.4617 0.252159L14.9567 0.75931C14.6219 1.09545 14.6219 1.64048 14.9567 1.97669L27.7062 14.7806H0.857144C0.383786 14.7806 0 15.166 0 15.6414V16.3587C0 16.8341 0.383786 17.2195 0.857144 17.2195H27.7062L14.9567 30.0234C14.6219 30.3595 14.6219 30.9045 14.9567 31.2407L15.4617 31.7479C15.7964 32.084 16.3392 32.084 16.6739 31.7479L31.749 16.6087C32.0837 16.2725 32.0837 15.7275 31.749 15.3913L16.6739 0.252159C16.3392 -0.084053 15.7964 -0.084053 15.4617 0.252159Z\"\/>\n\t\t\t\t\t\t\t\n\t\t\t\t\t\t\t<\/svg>\n\t\t\t\t\t\t<\/div>\n\t\t\t\t\t<\/div>\n\n\t\t\t\t\t<div class=\"c-card__media u-radius-rounded\" style=\" \">\n\t\t\t\t\t\t<img decoding=\"async\" width=\"400\" height=\"600\" src=\"https:\/\/procivitas.se\/wp-content\/uploads\/sites\/8\/2023\/10\/pro-elevkar-uppsala-400x600.jpeg\" class=\"attachment-sm size-sm\" alt=\"Gruppbild, Elevk\u00e5ren Uppsala\" sizes=\"(min-width: 64em) 300px, (min-width: 48em) calc(.50 * (100vw - 224px)), calc(100vw - 160px)\" srcset=\"https:\/\/procivitas.se\/wp-content\/uploads\/sites\/8\/2023\/10\/pro-elevkar-uppsala-400x600.jpeg 400w, https:\/\/procivitas.se\/wp-content\/uploads\/sites\/8\/2023\/10\/pro-elevkar-uppsala-300x450.jpeg 300w, https:\/\/procivitas.se\/wp-content\/uploads\/sites\/8\/2023\/10\/pro-elevkar-uppsala-600x899.jpeg 600w, https:\/\/procivitas.se\/wp-content\/uploads\/sites\/8\/2023\/10\/pro-elevkar-uppsala-800x1199.jpeg 800w, https:\/\/procivitas.se\/wp-content\/uploads\/sites\/8\/2023\/10\/pro-elevkar-uppsala.jpeg 854w\" \/>\n\t\t\t\t\t<\/div>\n\t\t\t\t<\/article>\n\t\t\t<\/li>\n\t\t\t\t\t\t\t\t\t\t\t\t\t\t\t\t\t\n\t\t\t\n\t\t\t\n\t\t\t<li class=\"l-col-6@md l-col-4@lg \" data-filter=\"nyheter november-2023\">\n\t\t\t\t<article class=\"c-card  has-media-zoom  \" data-variant=\"neutral\" data-style=\"square\" data-click-area>\n\t\t\t\t\t<div class=\"c-card__content l-stack l-stack-sm\">\n\n\t\t\t\t\t\t\t\t\t\t\t\t\t<time class=\"c-card__date u-font-small\" datetime=\"2023-11-30\">30 november 2023<\/time>\n\t\t\t\t\t\t\n\t\t\t\t\t\t\t\t\t\t\t\t\t<h3 class=\"c-card__title u-font-title-3\">\n\t\t\t\t\t\t\t\t\t\t\t\t\t\t\t\t\t<a class=\"c-card__link\" href=\"https:\/\/procivitas.se\/uppsala\/nyheter\/lararpris\/\">\n\t\t\t\t\t\t\t\t\t\tFrancis Larsson f\u00e5r l\u00e4rarpris\n\t\t\t\t\t\t\t\t\t<\/a>\n\t\t\t\t\t\t\t\t\t\t\t\t\t\t\t<\/h3>\n\t\t\t\t\t\t\n\t\t\t\t\t\t\t\t\t\t\t\t\t<p class=\"c-card__text l-stack-xs u-font-body\">\n\t\t\t\t\t\t\t\tPedagogiska l\u00e4rarpriset 2023 g\u00e5r till l\u00e4rare fr\u00e5n ProCivitas Uppsala.\n\t\t\t\t\t\t\t<\/p>\n\t\t\t\t\t\t\n\t\t\t\t\t\t\t\t\t\t\t\t\t<ul class=\"c-card__tags l-stack-grow u-list-none u-pt-md\" aria-label=\"Kategorier\">\n\t\t\t\t\t\t\t\t\t\t\t\t\t\t\t\t\t<li><span class=\"c-tag\" data-variant=\"outline\">Nyheter<\/span><\/li>\n\t\t\t\t\t\t\t\t\t\t\t\t\t\t\t<\/ul>\n\t\t\t\t\t\t\n\t\t\t\t\t\t<div class=\"c-card__icon\">\n\t\t\t\t\t\t\t\t\t\t\t\t\t\t<svg class=\"ams-icon ams-icon--arrow-right\" width=\"32\" height=\"32\" viewbox=\"0 0 32 32\" fill=\"currentColor\" aria-hidden=\"true\" xmlns=\"http:\/\/www.w3.org\/2000\/svg\">\n\t\t\t\t\t\t\t\t\t\t\t\t\t\t\t\t<path d=\"M15.4617 0.252159L14.9567 0.75931C14.6219 1.09545 14.6219 1.64048 14.9567 1.97669L27.7062 14.7806H0.857144C0.383786 14.7806 0 15.166 0 15.6414V16.3587C0 16.8341 0.383786 17.2195 0.857144 17.2195H27.7062L14.9567 30.0234C14.6219 30.3595 14.6219 30.9045 14.9567 31.2407L15.4617 31.7479C15.7964 32.084 16.3392 32.084 16.6739 31.7479L31.749 16.6087C32.0837 16.2725 32.0837 15.7275 31.749 15.3913L16.6739 0.252159C16.3392 -0.084053 15.7964 -0.084053 15.4617 0.252159Z\"\/>\n\t\t\t\t\t\t\t\n\t\t\t\t\t\t\t<\/svg>\n\t\t\t\t\t\t<\/div>\n\t\t\t\t\t<\/div>\n\n\t\t\t\t\t<div class=\"c-card__media u-radius-rounded\" style=\" \">\n\t\t\t\t\t\t<img decoding=\"async\" width=\"400\" height=\"313\" src=\"https:\/\/procivitas.se\/wp-content\/uploads\/sites\/8\/2023\/10\/francis-larsson-400x313.jpeg\" class=\"attachment-sm size-sm\" alt=\"Personportr\u00e4tt\" sizes=\"(min-width: 64em) 300px, (min-width: 48em) calc(.50 * (100vw - 224px)), calc(100vw - 160px)\" srcset=\"https:\/\/procivitas.se\/wp-content\/uploads\/sites\/8\/2023\/10\/francis-larsson-400x313.jpeg 400w, https:\/\/procivitas.se\/wp-content\/uploads\/sites\/8\/2023\/10\/francis-larsson-300x235.jpeg 300w, https:\/\/procivitas.se\/wp-content\/uploads\/sites\/8\/2023\/10\/francis-larsson-600x469.jpeg 600w, https:\/\/procivitas.se\/wp-content\/uploads\/sites\/8\/2023\/10\/francis-larsson.jpeg 680w\" \/>\n\t\t\t\t\t<\/div>\n\t\t\t\t<\/article>\n\t\t\t<\/li>\n\t\t\t<\/ul>\n\n\t<div class=\"no-results u-mt-0 u-hide\" data-filter-fallback-id=\"ams-article-list-69f12b2c80c37\">\n\t<p>Det finns inga resultat som matchar din filtrering.<\/p>\n<\/div>\n\n\t    <div class=\"ams-article__more u-inline-items js-load-more-btn\">\n        <button href=\"#\"\n                class=\"c-btn\"\n                data-style=\"rounded\"\n                data-size=\"md\"\n                data-width=\"full-mobile\"\n                data-variant=\"outline\">\n        \tVisa fler resultat\n        <\/button>\n    <\/div>\n\n\n\t\t\n\t\t\t<div class=\"ams-article__action u-inline-items\">\n\t\t\t\t\t\t\t\n\n\n<a href=\"https:\/\/procivitas.se\/nyheter\/\"\n\t\n\tclass=\"c-btn \"\n\tdata-style=\"rounded\"\n\tdata-size=\"md\"\n\tdata-width=\"full-mobile\"\n\tdata-variant=\"default\"\n\ttarget=\"_self\">\n\t\t\t<span class=\"label\"> Se alla nyheter<\/span>\n\t\t\t<\/a>\n\t\t\t<\/div>\n\t<\/div>\n\n\t\t\n\t\t\t\n\t\t\t\t\t\t\t\n\t\t\t\t<div class=\"c-bg c-bg--img\" data-settings=\"{&quot;desktop_settings&quot;:{&quot;size&quot;:&quot;auto&quot;,&quot;position&quot;:&quot;top-left&quot;},&quot;mobile_settings&quot;:{&quot;size&quot;:&quot;auto&quot;,&quot;position&quot;:&quot;top-left&quot;}}\" data-position=\"middle-center\" data-size=\"cover\">\n\t\t\t\n\t\t<\/div>\n\t\n<\/section>\n","protected":false},"template":"","article_category":[23,26,5],"yoast_head":"<!-- This site is optimized with the Yoast SEO plugin v22.0 - https:\/\/yoast.com\/wordpress\/plugins\/seo\/ -->\n<title>Uppsala<\/title>\n<meta name=\"description\" content=\"En naturelev fr\u00e5n ProCivitas Uppsala har g\u00e5tt vidare till semifinal i Unga forskare med sitt gymnasiearbete. L\u00e4s mer om v\u00e4gen dit h\u00e4r!\" \/>\n<meta name=\"robots\" content=\"index, follow, max-snippet:-1, max-image-preview:large, max-video-preview:-1\" \/>\n<link rel=\"canonical\" href=\"https:\/\/procivitas.se\/uppsala\/nyheter\/emilia-till-semifinal-i-unga-forskare\/\" \/>\n<meta property=\"og:locale\" content=\"sv_SE\" \/>\n<meta property=\"og:type\" content=\"article\" \/>\n<meta property=\"og:description\" content=\"En naturelev fr\u00e5n ProCivitas Uppsala har g\u00e5tt vidare till semifinal i Unga forskare med sitt gymnasiearbete. L\u00e4s mer om v\u00e4gen dit h\u00e4r!\" \/>\n<meta property=\"og:url\" content=\"https:\/\/procivitas.se\/uppsala\/nyheter\/emilia-till-semifinal-i-unga-forskare\/\" \/>\n<meta property=\"og:site_name\" content=\"Uppsala\" \/>\n<meta property=\"article:modified_time\" content=\"2024-03-01T10:14:02+00:00\" \/>\n<meta name=\"twitter:card\" content=\"summary_large_image\" \/>\n<meta name=\"twitter:description\" content=\"En naturelev fr\u00e5n ProCivitas Uppsala har g\u00e5tt vidare till semifinal i Unga forskare med sitt gymnasiearbete. L\u00e4s mer om v\u00e4gen dit h\u00e4r!\" \/>\n<meta name=\"twitter:label1\" content=\"Est. reading time\" \/>\n\t<meta name=\"twitter:data1\" content=\"3 minuter\" \/>\n<script type=\"application\/ld+json\" class=\"yoast-schema-graph\">{\"@context\":\"https:\/\/schema.org\",\"@graph\":[{\"@type\":\"WebPage\",\"@id\":\"https:\/\/procivitas.se\/uppsala\/nyheter\/emilia-till-semifinal-i-unga-forskare\/\",\"url\":\"https:\/\/procivitas.se\/uppsala\/nyheter\/emilia-till-semifinal-i-unga-forskare\/\",\"name\":\"Emilia till semifinal i Unga forskare - Uppsala\",\"isPartOf\":{\"@id\":\"https:\/\/procivitas.se\/uppsala\/#website\"},\"datePublished\":\"2024-03-01T10:11:51+00:00\",\"dateModified\":\"2024-03-01T10:14:02+00:00\",\"description\":\"En naturelev fr\u00e5n ProCivitas Uppsala har g\u00e5tt vidare till semifinal i Unga forskare med sitt gymnasiearbete. L\u00e4s mer om v\u00e4gen dit h\u00e4r!\",\"breadcrumb\":{\"@id\":\"https:\/\/procivitas.se\/uppsala\/nyheter\/emilia-till-semifinal-i-unga-forskare\/#breadcrumb\"},\"inLanguage\":\"sv-SE\",\"potentialAction\":[{\"@type\":\"ReadAction\",\"target\":[\"https:\/\/procivitas.se\/uppsala\/nyheter\/emilia-till-semifinal-i-unga-forskare\/\"]}]},{\"@type\":\"BreadcrumbList\",\"@id\":\"https:\/\/procivitas.se\/uppsala\/nyheter\/emilia-till-semifinal-i-unga-forskare\/#breadcrumb\",\"itemListElement\":[{\"@type\":\"ListItem\",\"position\":1,\"name\":\"Start\",\"item\":\"https:\/\/procivitas.se\/uppsala\"},{\"@type\":\"ListItem\",\"position\":2,\"name\":\"Nyheter\"}]},{\"@type\":\"WebSite\",\"@id\":\"https:\/\/procivitas.se\/uppsala\/#website\",\"url\":\"https:\/\/procivitas.se\/uppsala\/\",\"name\":\"Uppsala\",\"description\":\"Just another WordPress site\",\"potentialAction\":[{\"@type\":\"SearchAction\",\"target\":{\"@type\":\"EntryPoint\",\"urlTemplate\":\"https:\/\/procivitas.se\/uppsala\/?s={search_term_string}\"},\"query-input\":\"required name=search_term_string\"}],\"inLanguage\":\"sv-SE\"}]}<\/script>\n<!-- \/ Yoast SEO plugin. -->","yoast_head_json":{"title":"Uppsala","description":"En naturelev fr\u00e5n ProCivitas Uppsala har g\u00e5tt vidare till semifinal i Unga forskare med sitt gymnasiearbete. L\u00e4s mer om v\u00e4gen dit h\u00e4r!","robots":{"index":"index","follow":"follow","max-snippet":"max-snippet:-1","max-image-preview":"max-image-preview:large","max-video-preview":"max-video-preview:-1"},"canonical":"https:\/\/procivitas.se\/uppsala\/nyheter\/emilia-till-semifinal-i-unga-forskare\/","og_locale":"sv_SE","og_type":"article","og_description":"En naturelev fr\u00e5n ProCivitas Uppsala har g\u00e5tt vidare till semifinal i Unga forskare med sitt gymnasiearbete. L\u00e4s mer om v\u00e4gen dit h\u00e4r!","og_url":"https:\/\/procivitas.se\/uppsala\/nyheter\/emilia-till-semifinal-i-unga-forskare\/","og_site_name":"Uppsala","article_modified_time":"2024-03-01T10:14:02+00:00","twitter_card":"summary_large_image","twitter_description":"En naturelev fr\u00e5n ProCivitas Uppsala har g\u00e5tt vidare till semifinal i Unga forskare med sitt gymnasiearbete. L\u00e4s mer om v\u00e4gen dit h\u00e4r!","twitter_misc":{"Est. reading time":"3 minuter"},"schema":{"@context":"https:\/\/schema.org","@graph":[{"@type":"WebPage","@id":"https:\/\/procivitas.se\/uppsala\/nyheter\/emilia-till-semifinal-i-unga-forskare\/","url":"https:\/\/procivitas.se\/uppsala\/nyheter\/emilia-till-semifinal-i-unga-forskare\/","name":"Emilia till semifinal i Unga forskare - Uppsala","isPartOf":{"@id":"https:\/\/procivitas.se\/uppsala\/#website"},"datePublished":"2024-03-01T10:11:51+00:00","dateModified":"2024-03-01T10:14:02+00:00","description":"En naturelev fr\u00e5n ProCivitas Uppsala har g\u00e5tt vidare till semifinal i Unga forskare med sitt gymnasiearbete. L\u00e4s mer om v\u00e4gen dit h\u00e4r!","breadcrumb":{"@id":"https:\/\/procivitas.se\/uppsala\/nyheter\/emilia-till-semifinal-i-unga-forskare\/#breadcrumb"},"inLanguage":"sv-SE","potentialAction":[{"@type":"ReadAction","target":["https:\/\/procivitas.se\/uppsala\/nyheter\/emilia-till-semifinal-i-unga-forskare\/"]}]},{"@type":"BreadcrumbList","@id":"https:\/\/procivitas.se\/uppsala\/nyheter\/emilia-till-semifinal-i-unga-forskare\/#breadcrumb","itemListElement":[{"@type":"ListItem","position":1,"name":"Start","item":"https:\/\/procivitas.se\/uppsala"},{"@type":"ListItem","position":2,"name":"Nyheter"}]},{"@type":"WebSite","@id":"https:\/\/procivitas.se\/uppsala\/#website","url":"https:\/\/procivitas.se\/uppsala\/","name":"Uppsala","description":"Just another WordPress site","potentialAction":[{"@type":"SearchAction","target":{"@type":"EntryPoint","urlTemplate":"https:\/\/procivitas.se\/uppsala\/?s={search_term_string}"},"query-input":"required name=search_term_string"}],"inLanguage":"sv-SE"}]}},"_links":{"self":[{"href":"https:\/\/procivitas.se\/uppsala\/wp-json\/wp\/v2\/article\/2739"}],"collection":[{"href":"https:\/\/procivitas.se\/uppsala\/wp-json\/wp\/v2\/article"}],"about":[{"href":"https:\/\/procivitas.se\/uppsala\/wp-json\/wp\/v2\/types\/article"}],"wp:attachment":[{"href":"https:\/\/procivitas.se\/uppsala\/wp-json\/wp\/v2\/media?parent=2739"}],"wp:term":[{"taxonomy":"article_category","embeddable":true,"href":"https:\/\/procivitas.se\/uppsala\/wp-json\/wp\/v2\/article_category?post=2739"}],"curies":[{"name":"wp","href":"https:\/\/api.w.org\/{rel}","templated":true}]}}