{"id":2750,"date":"2024-03-22T13:53:57","date_gmt":"2024-03-22T12:53:57","guid":{"rendered":"https:\/\/procivitas.se\/uppsala\/?post_type=article&#038;p=2750"},"modified":"2025-06-10T13:45:36","modified_gmt":"2025-06-10T11:45:36","slug":"procivitas-uppsalas-vinster-efter-uf-massan","status":"publish","type":"article","link":"https:\/\/procivitas.se\/uppsala\/nyheter\/procivitas-uppsalas-vinster-efter-uf-massan\/","title":{"rendered":"ProCivitas Uppsalas vinster efter UF-m\u00e4ssan"},"content":{"rendered":"\n<div class=\"wp-block-columns is-layout-flex wp-container-core-columns-layout-1 wp-block-columns-is-layout-flex\">\n<div class=\"wp-block-column is-layout-flow wp-block-column-is-layout-flow\" style=\"flex-basis:90%\">\t<div\n\t\t class=\"module_wrapper container-fluid images-module\" >\n\t\t<div class=\"row\">\n\t\t\t<div\n\t\t\t\t\tclass=\"col-12 m-0 p-0 position-relative images_module__slideshow images_module__slideshow-container module-expand \">\n\n\t\t\t\t<div class=\"images_module__slide \" data-slide=\"\"\n\t\t\t\t\t data-duration=\"\"><\/div>\n\t\t\t\t\t\t\t\t\t<div\n\t\t\t\t\t\t class=\"images_module__slides \">\n\n\n\t\t\t\t\t\t<div class=\"images__wrapper\"\n\t\t\t\t\t\t\t style=\"aspect-ratio: 851 \/ 531;\">\n\t\t\t\t\t\t\t<img decoding=\"async\" width=\"1420\" height=\"800\" src=\"https:\/\/procivitas.se\/wp-content\/uploads\/sites\/8\/2024\/03\/uf-massanpcu.jpg\" class=\"images__image_ratio  \" alt=\"Tv\u00e5 elever p\u00e5 UF-m\u00e4ssan st\u00e5r p\u00e5 scenen med sina vinster.\" style=\"aspect-ratio: 851 \/ 531;object-position: center center;\" srcset=\"https:\/\/procivitas.se\/wp-content\/uploads\/sites\/8\/2024\/03\/uf-massanpcu.jpg 1420w, https:\/\/procivitas.se\/wp-content\/uploads\/sites\/8\/2024\/03\/uf-massanpcu-300x169.jpg 300w, https:\/\/procivitas.se\/wp-content\/uploads\/sites\/8\/2024\/03\/uf-massanpcu-400x225.jpg 400w, https:\/\/procivitas.se\/wp-content\/uploads\/sites\/8\/2024\/03\/uf-massanpcu-600x338.jpg 600w, https:\/\/procivitas.se\/wp-content\/uploads\/sites\/8\/2024\/03\/uf-massanpcu-800x451.jpg 800w, https:\/\/procivitas.se\/wp-content\/uploads\/sites\/8\/2024\/03\/uf-massanpcu-1024x577.jpg 1024w, https:\/\/procivitas.se\/wp-content\/uploads\/sites\/8\/2024\/03\/uf-massanpcu-1200x676.jpg 1200w\" sizes=\"(max-width: 1420px) 100vw, 1420px\" \/>\t\t\t\t\t\t<\/div>\n\n\t\t\t\t\t\t\n\t\t\t\t\t\t\t\t\t\t\t<\/div>\n\t\t\t\t\n\t\t\t\t<div class=\"images_module__container_dot \">\n\t\t\t\t\t<div style=\"text-align:center\">\n\t\t\t\t\t\t\t\t\t\t\t\t\t<span   data-i=\"0\"\n\t\t\t\t\t\t\t\t  class=\"images_module__dot\n\t\t\t\t\t\t\t\t\t\t\t\t\t  \"><\/span>\n\t\t\t\t\t\t\t\t\t\t\t<\/div>\n\t\t\t\t<\/div>\n\n\t\t\t<\/div>\n\t\t<\/div>\n\t<\/div>\n\n\n\t\n\n\n<script>\n\tvar images_display_descriptive_text = \"\";\n<\/script>\n<\/div>\n\n\n\n<div class=\"wp-block-column is-layout-flow wp-block-column-is-layout-flow\" style=\"flex-basis:5%\"><\/div>\n<\/div>\n\n\n\n<div class=\"wp-block-columns is-layout-flex wp-container-core-columns-layout-2 wp-block-columns-is-layout-flex\">\n<div class=\"wp-block-column is-layout-flow wp-block-column-is-layout-flow\" style=\"flex-basis:15%\"><\/div>\n\n\n\n<div class=\"wp-block-column is-layout-flow wp-block-column-is-layout-flow\" style=\"flex-basis:70%\">\n<h1 class=\"wp-block-heading\">ProCivitas Uppsalas vinster efter UF-m\u00e4ssan<\/h1>\n\n\n\n<p   class=\"site__ingress container text-left  site__text-color--dark  site__free_text--ingress p-0\">\n\tProCivitas Uppsala var p\u00e5 plats p\u00e5 UF-m\u00e4ssan under f\u00f6reg\u00e5ende vecka och v\u00e5ra elever kammade hem ett flertalet priser. Stort grattis till Evolve och PureView som tog hem vinster i flera av kategorierna! Vi har intervjuat Rasmus, fr\u00e5n Evolve och Nick, fr\u00e5n PureView om id\u00e9n bakom UF-f\u00f6retagen.<\/p>\n\n\n\n\n\n<h2 class=\"wp-block-heading\">Om Ung F\u00f6retagsamhet<\/h2>\n\n\n\n<p>Ung F\u00f6retagsamhet \u00e4r en ideell organisation som utbildar gymnasieelever i entrepren\u00f6rskap och anordnar m\u00e4ssor varje \u00e5r f\u00f6r att uppm\u00e4rksamma elevers UF-f\u00f6retag. Ut\u00f6ver att eleverna f\u00e5r st\u00e4lla ut i montrar, har det ocks\u00e5 m\u00f6jlighet att vinna fina priser och stipendium. V\u00e5ra elever fr\u00e5n ProCivitas Uppsala kammade hem flera vinster under v\u00e5rens m\u00e4ssa.<\/p>\n\n\n\n<h3 class=\"wp-block-heading\">Rasmus om Evolve<\/h3>\n\n\n\n<p><strong>Vad \u00e4r er aff\u00e4rsid\u00e9?<\/strong><br>\u2013 Evolve UF tillhandah\u00e5ller en helt\u00e4ckande plattform f\u00f6r ungdomars v\u00e4lbefinnande och tillv\u00e4xt. Vi har skapat ett unikt resurscenter f\u00f6r skolor med f\u00f6rel\u00e4sningar, privata gemenskap och v\u00e5r egen app som de i sin tur kan erbjuda sina elever. <br><br><strong>Hur var det att st\u00e4lla ut p\u00e5 UF-m\u00e4ssan?<\/strong><br>\u2013 Att st\u00e4lla upp p\u00e5 m\u00e4ssan var otroligt roligt. Jag fick prata med m\u00e5nga inspirerande, ambiti\u00f6sa och likasinnade\u00a0personer. V\u00e4ldigt intensiv dag men of\u00f6rgl\u00f6mlig.\u00a0<br><br><strong>Andra plats i &#8221;\u00c5rets innovation&#8221; och &#8221;\u00c5rets sociala h\u00e5llbara&#8221; och en tredje plats i &#8221;\u00c5rets tj\u00e4nst&#8221;.\u00a0Hur k\u00e4ndes det?<\/strong><br>\u2013 Att f\u00e5 en pallplats var en k\u00e4nsla som \u00e4r sv\u00e5r att beskriva. Sj\u00e4lvklart mycket gl\u00e4dje men det blev ocks\u00e5 ett bekr\u00e4ftande p\u00e5 det arbete man lagt ner under flera m\u00e5naders tid. Att d\u00e4refter f\u00e5 pris inom flera olika kategorier blev ett tydligt tecken p\u00e5 att vi faktiskt har en aff\u00e4rside som folk tror p\u00e5!\u00a0<\/p>\n\n\n\n<h3 class=\"wp-block-heading\">Nick om PureView<\/h3>\n\n\n\n<p><strong>Vad \u00e4r er aff\u00e4rsid\u00e9?<\/strong><br>\u2013 PureViews aff\u00e4rsid\u00e9 \u00e4r att erbjuda f\u00f6nsterpustning med avjoniserat till hus\u00e4gare. Det \u00e4r ett milj\u00f6v\u00e4nligt alternativ till traditionell f\u00f6nsterputsning d\u00e4r vi utesluter kemikalier. <br><strong><br>Hur var det att st\u00e4lla ut p\u00e5 UF-m\u00e4ssan?<\/strong><br>\u2013 Det var j\u00e4ttekul att st\u00e4lla ut p\u00e5 m\u00e4ssan. Man fick inte bara n\u00e4tverka och tr\u00e4ffa andra UF-f\u00f6retag utan ocks\u00e5 prata med etablerade f\u00f6retag som Drivhuset, som delade insikter om det som kommer efter UF-\u00e5ret, om man v\u00e4ljer att driva f\u00f6retaget vidare. <br><strong><br>Hur k\u00e4ndes det att vinna \u00c5rets tj\u00e4nst p\u00e5 UF-m\u00e4ssan?<\/strong><br>\u2013 Det k\u00e4ndes helt fantastiskt, s\u00e4rskilt efter allt h\u00e5rt arbete man lagt ner under \u00e5ret. Fr\u00e5n att vinna \u00c5rets pitch p\u00e5 Rookie Startups till att vinna \u00c5rets tj\u00e4nst p\u00e5 UF-m\u00e4ssan!<\/p>\n<\/div>\n\n\n\n<div class=\"wp-block-column is-layout-flow wp-block-column-is-layout-flow\" style=\"flex-basis:15%\"><\/div>\n<\/div>\n\n\n\n\n\n<section  class=\"ams-article c-block l-stacked js-load-more\" data-color-scheme=\"blue\" data-count=\"3\" data-count-mobile=\"2\">\n\t<div class=\"l-container l-stack l-stack-fluid-2xl u-pt-fluid-3xl-6xl u-pb-fluid-3xl-6xl is-center is-center@md\">\n\t\t\t\t\t<div class=\"ams-article__intro l-stack l-stack-lg\">\n\t\t\t\t\t\n\t<h2\n\tclass=\"c-heading u-font-title-1 \"\n\tstyle=\"\">\n\t\t\n\t\t\t\t\tFler nyheter \n\t\t\t\t\n\t<\/h2>\n\n\t\t\t\t\t\t\t<\/div>\n\t\t\n\t\t\t\n\t    \n\t\n\t<ul id=\"ams-article-list-69f112843dc3c\" class=\"ams-article__list l-grid u-gap-2xl u-justify-center js-results \" aria-label=\"Artiklar\" data-filter-animation=\"off\">\n\t\t\t\t\t\t\t\t\t\t\t\t\t\t\t\t\t\n\t\t\t\n\t\t\t\n\t\t\t<li class=\"l-col-6@md l-col-4@lg \" data-filter=\"natur nyheter april-2026\">\n\t\t\t\t<article class=\"c-card  has-media-zoom  \" data-variant=\"neutral\" data-style=\"square\" data-click-area>\n\t\t\t\t\t<div class=\"c-card__content l-stack l-stack-sm\">\n\n\t\t\t\t\t\t\t\t\t\t\t\t\t<time class=\"c-card__date u-font-small\" datetime=\"2026-04-07\">7 april 2026<\/time>\n\t\t\t\t\t\t\n\t\t\t\t\t\t\t\t\t\t\t\t\t<h3 class=\"c-card__title u-font-title-3\">\n\t\t\t\t\t\t\t\t\t\t\t\t\t\t\t\t\t<a class=\"c-card__link\" href=\"https:\/\/procivitas.se\/uppsala\/nyheter\/cern-satsning-pa-procivitas-uppsala\/\">\n\t\t\t\t\t\t\t\t\t\t\u00c5tta elever f\u00e5r resa till CERN\n\t\t\t\t\t\t\t\t\t<\/a>\n\t\t\t\t\t\t\t\t\t\t\t\t\t\t\t<\/h3>\n\t\t\t\t\t\t\n\t\t\t\t\t\t\t\t\t\t\t\t\t<p class=\"c-card__text l-stack-xs u-font-body\">\n\t\t\t\t\t\t\t\tI \u00e5r f\u00e5r \u00e5tta elever p\u00e5 Naturvetenskapsprogrammet en s\u00e4rskild chans \u2013 att resa till CERN i Gen\u00e8ve och uppleva forskning i v\u00e4rldsklass p\u00e5 n\u00e4ra h\u00e5ll.\n\t\t\t\t\t\t\t<\/p>\n\t\t\t\t\t\t\n\t\t\t\t\t\t\t\t\t\t\t\t\t<ul class=\"c-card__tags l-stack-grow u-list-none u-pt-md\" aria-label=\"Kategorier\">\n\t\t\t\t\t\t\t\t\t\t\t\t\t\t\t\t\t<li><span class=\"c-tag\" data-variant=\"outline\">Natur<\/span><\/li>\n\t\t\t\t\t\t\t\t\t\t\t\t\t\t\t\t\t<li><span class=\"c-tag\" data-variant=\"outline\">Nyheter<\/span><\/li>\n\t\t\t\t\t\t\t\t\t\t\t\t\t\t\t<\/ul>\n\t\t\t\t\t\t\n\t\t\t\t\t\t<div class=\"c-card__icon\">\n\t\t\t\t\t\t\t\t\t\t\t\t\t\t<svg class=\"ams-icon ams-icon--arrow-right\" width=\"32\" height=\"32\" viewbox=\"0 0 32 32\" fill=\"currentColor\" aria-hidden=\"true\" xmlns=\"http:\/\/www.w3.org\/2000\/svg\">\n\t\t\t\t\t\t\t\t\t\t\t\t\t\t\t\t<path d=\"M15.4617 0.252159L14.9567 0.75931C14.6219 1.09545 14.6219 1.64048 14.9567 1.97669L27.7062 14.7806H0.857144C0.383786 14.7806 0 15.166 0 15.6414V16.3587C0 16.8341 0.383786 17.2195 0.857144 17.2195H27.7062L14.9567 30.0234C14.6219 30.3595 14.6219 30.9045 14.9567 31.2407L15.4617 31.7479C15.7964 32.084 16.3392 32.084 16.6739 31.7479L31.749 16.6087C32.0837 16.2725 32.0837 15.7275 31.749 15.3913L16.6739 0.252159C16.3392 -0.084053 15.7964 -0.084053 15.4617 0.252159Z\"\/>\n\t\t\t\t\t\t\t\n\t\t\t\t\t\t\t<\/svg>\n\t\t\t\t\t\t<\/div>\n\t\t\t\t\t<\/div>\n\n\t\t\t\t\t<div class=\"c-card__media u-radius-rounded\" style=\" \">\n\t\t\t\t\t\t<img decoding=\"async\" width=\"400\" height=\"242\" src=\"https:\/\/procivitas.se\/wp-content\/uploads\/sites\/8\/2026\/04\/harda-punkter-infor-cern-e1775565725219-400x242.jpg\" class=\"attachment-sm size-sm\" alt=\"\" sizes=\"(min-width: 64em) 300px, (min-width: 48em) calc(.50 * (100vw - 224px)), calc(100vw - 160px)\" srcset=\"https:\/\/procivitas.se\/wp-content\/uploads\/sites\/8\/2026\/04\/harda-punkter-infor-cern-e1775565725219-400x242.jpg 400w, https:\/\/procivitas.se\/wp-content\/uploads\/sites\/8\/2026\/04\/harda-punkter-infor-cern-e1775565725219-300x182.jpg 300w, https:\/\/procivitas.se\/wp-content\/uploads\/sites\/8\/2026\/04\/harda-punkter-infor-cern-e1775565725219-600x364.jpg 600w, https:\/\/procivitas.se\/wp-content\/uploads\/sites\/8\/2026\/04\/harda-punkter-infor-cern-e1775565725219-800x485.jpg 800w, https:\/\/procivitas.se\/wp-content\/uploads\/sites\/8\/2026\/04\/harda-punkter-infor-cern-e1775565725219.jpg 891w\" \/>\n\t\t\t\t\t<\/div>\n\t\t\t\t<\/article>\n\t\t\t<\/li>\n\t\t\t\t\t\t\t\t\t\t\t\t\t\t\t\t\t\n\t\t\t\n\t\t\t\n\t\t\t<li class=\"l-col-6@md l-col-4@lg \" data-filter=\"ekonomi nyheter samhall mars-2026\">\n\t\t\t\t<article class=\"c-card  has-media-zoom  \" data-variant=\"neutral\" data-style=\"square\" data-click-area>\n\t\t\t\t\t<div class=\"c-card__content l-stack l-stack-sm\">\n\n\t\t\t\t\t\t\t\t\t\t\t\t\t<time class=\"c-card__date u-font-small\" datetime=\"2026-03-12\">12 mars 2026<\/time>\n\t\t\t\t\t\t\n\t\t\t\t\t\t\t\t\t\t\t\t\t<h3 class=\"c-card__title u-font-title-3\">\n\t\t\t\t\t\t\t\t\t\t\t\t\t\t\t\t\t<a class=\"c-card__link\" href=\"https:\/\/procivitas.se\/uppsala\/nyheter\/juridikfinal\/\">\n\t\t\t\t\t\t\t\t\t\tJuridikfinal\n\t\t\t\t\t\t\t\t\t<\/a>\n\t\t\t\t\t\t\t\t\t\t\t\t\t\t\t<\/h3>\n\t\t\t\t\t\t\n\t\t\t\t\t\t\t\t\t\t\t\t\t<p class=\"c-card__text l-stack-xs u-font-body\">\n\t\t\t\t\t\t\t\tUtifr\u00e5n drygt 200 anm\u00e4lda lag har v\u00e5ra elever kvalificerat sig som en av de fyra b\u00e4sta i landet och ska d\u00e4rmed f\u00e5 t\u00e4vla i den stora finalen senare i v\u00e5r!\r\n\n\t\t\t\t\t\t\t<\/p>\n\t\t\t\t\t\t\n\t\t\t\t\t\t\t\t\t\t\t\t\t<ul class=\"c-card__tags l-stack-grow u-list-none u-pt-md\" aria-label=\"Kategorier\">\n\t\t\t\t\t\t\t\t\t\t\t\t\t\t\t\t\t<li><span class=\"c-tag\" data-variant=\"outline\">Ekonomi<\/span><\/li>\n\t\t\t\t\t\t\t\t\t\t\t\t\t\t\t\t\t<li><span class=\"c-tag\" data-variant=\"outline\">Nyheter<\/span><\/li>\n\t\t\t\t\t\t\t\t\t\t\t\t\t\t\t\t\t<li><span class=\"c-tag\" data-variant=\"outline\">Samh\u00e4ll<\/span><\/li>\n\t\t\t\t\t\t\t\t\t\t\t\t\t\t\t<\/ul>\n\t\t\t\t\t\t\n\t\t\t\t\t\t<div class=\"c-card__icon\">\n\t\t\t\t\t\t\t\t\t\t\t\t\t\t<svg class=\"ams-icon ams-icon--arrow-right\" width=\"32\" height=\"32\" viewbox=\"0 0 32 32\" fill=\"currentColor\" aria-hidden=\"true\" xmlns=\"http:\/\/www.w3.org\/2000\/svg\">\n\t\t\t\t\t\t\t\t\t\t\t\t\t\t\t\t<path d=\"M15.4617 0.252159L14.9567 0.75931C14.6219 1.09545 14.6219 1.64048 14.9567 1.97669L27.7062 14.7806H0.857144C0.383786 14.7806 0 15.166 0 15.6414V16.3587C0 16.8341 0.383786 17.2195 0.857144 17.2195H27.7062L14.9567 30.0234C14.6219 30.3595 14.6219 30.9045 14.9567 31.2407L15.4617 31.7479C15.7964 32.084 16.3392 32.084 16.6739 31.7479L31.749 16.6087C32.0837 16.2725 32.0837 15.7275 31.749 15.3913L16.6739 0.252159C16.3392 -0.084053 15.7964 -0.084053 15.4617 0.252159Z\"\/>\n\t\t\t\t\t\t\t\n\t\t\t\t\t\t\t<\/svg>\n\t\t\t\t\t\t<\/div>\n\t\t\t\t\t<\/div>\n\n\t\t\t\t\t<div class=\"c-card__media u-radius-rounded\" style=\" \">\n\t\t\t\t\t\t<img decoding=\"async\" width=\"400\" height=\"500\" src=\"https:\/\/procivitas.se\/wp-content\/uploads\/sites\/8\/2026\/03\/123-anywhere-st-any-city-2-400x500.png\" class=\"attachment-sm size-sm\" alt=\"\" sizes=\"(min-width: 64em) 300px, (min-width: 48em) calc(.50 * (100vw - 224px)), calc(100vw - 160px)\" srcset=\"https:\/\/procivitas.se\/wp-content\/uploads\/sites\/8\/2026\/03\/123-anywhere-st-any-city-2-400x500.png 400w, https:\/\/procivitas.se\/wp-content\/uploads\/sites\/8\/2026\/03\/123-anywhere-st-any-city-2-300x375.png 300w, https:\/\/procivitas.se\/wp-content\/uploads\/sites\/8\/2026\/03\/123-anywhere-st-any-city-2-600x750.png 600w, https:\/\/procivitas.se\/wp-content\/uploads\/sites\/8\/2026\/03\/123-anywhere-st-any-city-2-800x1000.png 800w, https:\/\/procivitas.se\/wp-content\/uploads\/sites\/8\/2026\/03\/123-anywhere-st-any-city-2-1024x1280.png 1024w, https:\/\/procivitas.se\/wp-content\/uploads\/sites\/8\/2026\/03\/123-anywhere-st-any-city-2.png 1080w\" \/>\n\t\t\t\t\t<\/div>\n\t\t\t\t<\/article>\n\t\t\t<\/li>\n\t\t\t\t\t\t\t\t\t\t\t\t\t\t\t\t\t\n\t\t\t\n\t\t\t\n\t\t\t<li class=\"l-col-6@md l-col-4@lg \" data-filter=\"alumner natur ung-foretagsamhet mars-2026\">\n\t\t\t\t<article class=\"c-card  has-media-zoom  \" data-variant=\"neutral\" data-style=\"square\" data-click-area>\n\t\t\t\t\t<div class=\"c-card__content l-stack l-stack-sm\">\n\n\t\t\t\t\t\t\t\t\t\t\t\t\t<time class=\"c-card__date u-font-small\" datetime=\"2026-03-05\">5 mars 2026<\/time>\n\t\t\t\t\t\t\n\t\t\t\t\t\t\t\t\t\t\t\t\t<h3 class=\"c-card__title u-font-title-3\">\n\t\t\t\t\t\t\t\t\t\t\t\t\t\t\t\t\t<a class=\"c-card__link\" href=\"https:\/\/procivitas.se\/uppsala\/nyheter\/top-3-arets-unga-entreprenor\/\">\n\t\t\t\t\t\t\t\t\t\tTopp 3 \u00c5rets Unga Entrepren\u00f6r!\u00a0\n\t\t\t\t\t\t\t\t\t<\/a>\n\t\t\t\t\t\t\t\t\t\t\t\t\t\t\t<\/h3>\n\t\t\t\t\t\t\n\t\t\t\t\t\t\t\t\t\t\t\t\t<p class=\"c-card__text l-stack-xs u-font-body\">\n\t\t\t\t\t\t\t\tStort grattis till v\u00e5r elev Ava \u2013 vidare till topp 3 i \u00c5rets Unga Entrepren\u00f6r 2026!\n\t\t\t\t\t\t\t<\/p>\n\t\t\t\t\t\t\n\t\t\t\t\t\t\t\t\t\t\t\t\t<ul class=\"c-card__tags l-stack-grow u-list-none u-pt-md\" aria-label=\"Kategorier\">\n\t\t\t\t\t\t\t\t\t\t\t\t\t\t\t\t\t<li><span class=\"c-tag\" data-variant=\"outline\">Alumner<\/span><\/li>\n\t\t\t\t\t\t\t\t\t\t\t\t\t\t\t\t\t<li><span class=\"c-tag\" data-variant=\"outline\">Natur<\/span><\/li>\n\t\t\t\t\t\t\t\t\t\t\t\t\t\t\t\t\t<li><span class=\"c-tag\" data-variant=\"outline\">Ung f\u00f6retagsamhet<\/span><\/li>\n\t\t\t\t\t\t\t\t\t\t\t\t\t\t\t<\/ul>\n\t\t\t\t\t\t\n\t\t\t\t\t\t<div class=\"c-card__icon\">\n\t\t\t\t\t\t\t\t\t\t\t\t\t\t<svg class=\"ams-icon ams-icon--arrow-right\" width=\"32\" height=\"32\" viewbox=\"0 0 32 32\" fill=\"currentColor\" aria-hidden=\"true\" xmlns=\"http:\/\/www.w3.org\/2000\/svg\">\n\t\t\t\t\t\t\t\t\t\t\t\t\t\t\t\t<path d=\"M15.4617 0.252159L14.9567 0.75931C14.6219 1.09545 14.6219 1.64048 14.9567 1.97669L27.7062 14.7806H0.857144C0.383786 14.7806 0 15.166 0 15.6414V16.3587C0 16.8341 0.383786 17.2195 0.857144 17.2195H27.7062L14.9567 30.0234C14.6219 30.3595 14.6219 30.9045 14.9567 31.2407L15.4617 31.7479C15.7964 32.084 16.3392 32.084 16.6739 31.7479L31.749 16.6087C32.0837 16.2725 32.0837 15.7275 31.749 15.3913L16.6739 0.252159C16.3392 -0.084053 15.7964 -0.084053 15.4617 0.252159Z\"\/>\n\t\t\t\t\t\t\t\n\t\t\t\t\t\t\t<\/svg>\n\t\t\t\t\t\t<\/div>\n\t\t\t\t\t<\/div>\n\n\t\t\t\t\t<div class=\"c-card__media u-radius-rounded\" style=\" \">\n\t\t\t\t\t\t<img decoding=\"async\" width=\"400\" height=\"432\" src=\"https:\/\/procivitas.se\/wp-content\/uploads\/sites\/8\/2026\/03\/123-anywhere-st-any-city-e1773323664178-400x432.png\" class=\"attachment-sm size-sm\" alt=\"\" sizes=\"(min-width: 64em) 300px, (min-width: 48em) calc(.50 * (100vw - 224px)), calc(100vw - 160px)\" srcset=\"https:\/\/procivitas.se\/wp-content\/uploads\/sites\/8\/2026\/03\/123-anywhere-st-any-city-e1773323664178-400x432.png 400w, https:\/\/procivitas.se\/wp-content\/uploads\/sites\/8\/2026\/03\/123-anywhere-st-any-city-e1773323664178-300x324.png 300w, https:\/\/procivitas.se\/wp-content\/uploads\/sites\/8\/2026\/03\/123-anywhere-st-any-city-e1773323664178-600x648.png 600w, https:\/\/procivitas.se\/wp-content\/uploads\/sites\/8\/2026\/03\/123-anywhere-st-any-city-e1773323664178-800x864.png 800w, https:\/\/procivitas.se\/wp-content\/uploads\/sites\/8\/2026\/03\/123-anywhere-st-any-city-e1773323664178.png 1001w\" \/>\n\t\t\t\t\t<\/div>\n\t\t\t\t<\/article>\n\t\t\t<\/li>\n\t\t\t\t\t\t\t\t\t\t\t\t\t\t\t\t\t\n\t\t\t\n\t\t\t\n\t\t\t<li class=\"l-col-6@md l-col-4@lg \" data-filter=\"elevintervjuer natur nyheter februari-2026\">\n\t\t\t\t<article class=\"c-card  has-media-zoom  \" data-variant=\"neutral\" data-style=\"square\" data-click-area>\n\t\t\t\t\t<div class=\"c-card__content l-stack l-stack-sm\">\n\n\t\t\t\t\t\t\t\t\t\t\t\t\t<time class=\"c-card__date u-font-small\" datetime=\"2026-02-10\">10 februari 2026<\/time>\n\t\t\t\t\t\t\n\t\t\t\t\t\t\t\t\t\t\t\t\t<h3 class=\"c-card__title u-font-title-3\">\n\t\t\t\t\t\t\t\t\t\t\t\t\t\t\t\t\t<a class=\"c-card__link\" href=\"https:\/\/procivitas.se\/uppsala\/nyheter\/nyheter\/\">\n\t\t\t\t\t\t\t\t\t\tAmal har g\u00e5tt vidare till final i Unga forskare!\n\t\t\t\t\t\t\t\t\t<\/a>\n\t\t\t\t\t\t\t\t\t\t\t\t\t\t\t<\/h3>\n\t\t\t\t\t\t\n\t\t\t\t\t\t\t\t\t\t\t\t\t<p class=\"c-card__text l-stack-xs u-font-body\">\n\t\t\t\t\t\t\t\tStort grattis till v\u00e5r elev Amal som har g\u00e5tt vidare till final i Unga forskare!\n\t\t\t\t\t\t\t<\/p>\n\t\t\t\t\t\t\n\t\t\t\t\t\t\t\t\t\t\t\t\t<ul class=\"c-card__tags l-stack-grow u-list-none u-pt-md\" aria-label=\"Kategorier\">\n\t\t\t\t\t\t\t\t\t\t\t\t\t\t\t\t\t<li><span class=\"c-tag\" data-variant=\"outline\">Elevintervjuer<\/span><\/li>\n\t\t\t\t\t\t\t\t\t\t\t\t\t\t\t\t\t<li><span class=\"c-tag\" data-variant=\"outline\">Natur<\/span><\/li>\n\t\t\t\t\t\t\t\t\t\t\t\t\t\t\t\t\t<li><span class=\"c-tag\" data-variant=\"outline\">Nyheter<\/span><\/li>\n\t\t\t\t\t\t\t\t\t\t\t\t\t\t\t<\/ul>\n\t\t\t\t\t\t\n\t\t\t\t\t\t<div class=\"c-card__icon\">\n\t\t\t\t\t\t\t\t\t\t\t\t\t\t<svg class=\"ams-icon ams-icon--arrow-right\" width=\"32\" height=\"32\" viewbox=\"0 0 32 32\" fill=\"currentColor\" aria-hidden=\"true\" xmlns=\"http:\/\/www.w3.org\/2000\/svg\">\n\t\t\t\t\t\t\t\t\t\t\t\t\t\t\t\t<path d=\"M15.4617 0.252159L14.9567 0.75931C14.6219 1.09545 14.6219 1.64048 14.9567 1.97669L27.7062 14.7806H0.857144C0.383786 14.7806 0 15.166 0 15.6414V16.3587C0 16.8341 0.383786 17.2195 0.857144 17.2195H27.7062L14.9567 30.0234C14.6219 30.3595 14.6219 30.9045 14.9567 31.2407L15.4617 31.7479C15.7964 32.084 16.3392 32.084 16.6739 31.7479L31.749 16.6087C32.0837 16.2725 32.0837 15.7275 31.749 15.3913L16.6739 0.252159C16.3392 -0.084053 15.7964 -0.084053 15.4617 0.252159Z\"\/>\n\t\t\t\t\t\t\t\n\t\t\t\t\t\t\t<\/svg>\n\t\t\t\t\t\t<\/div>\n\t\t\t\t\t<\/div>\n\n\t\t\t\t\t<div class=\"c-card__media u-radius-rounded\" style=\" \">\n\t\t\t\t\t\t<img decoding=\"async\" width=\"400\" height=\"533\" src=\"https:\/\/procivitas.se\/wp-content\/uploads\/sites\/8\/2026\/02\/image000000-1-400x533.jpg\" class=\"attachment-sm size-sm\" alt=\"\" sizes=\"(min-width: 64em) 300px, (min-width: 48em) calc(.50 * (100vw - 224px)), calc(100vw - 160px)\" srcset=\"https:\/\/procivitas.se\/wp-content\/uploads\/sites\/8\/2026\/02\/image000000-1-400x533.jpg 400w, https:\/\/procivitas.se\/wp-content\/uploads\/sites\/8\/2026\/02\/image000000-1-300x400.jpg 300w, https:\/\/procivitas.se\/wp-content\/uploads\/sites\/8\/2026\/02\/image000000-1-600x800.jpg 600w, https:\/\/procivitas.se\/wp-content\/uploads\/sites\/8\/2026\/02\/image000000-1-800x1067.jpg 800w, https:\/\/procivitas.se\/wp-content\/uploads\/sites\/8\/2026\/02\/image000000-1-1024x1365.jpg 1024w, https:\/\/procivitas.se\/wp-content\/uploads\/sites\/8\/2026\/02\/image000000-1.jpg 1200w\" \/>\n\t\t\t\t\t<\/div>\n\t\t\t\t<\/article>\n\t\t\t<\/li>\n\t\t\t\t\t\t\t\t\t\t\t\t\t\t\t\t\t\n\t\t\t\n\t\t\t\n\t\t\t<li class=\"l-col-6@md l-col-4@lg \" data-filter=\"nyheter ung-foretagsamhet december-2025\">\n\t\t\t\t<article class=\"c-card  has-media-zoom  \" data-variant=\"neutral\" data-style=\"square\" data-click-area>\n\t\t\t\t\t<div class=\"c-card__content l-stack l-stack-sm\">\n\n\t\t\t\t\t\t\t\t\t\t\t\t\t<time class=\"c-card__date u-font-small\" datetime=\"2025-12-03\">3 december 2025<\/time>\n\t\t\t\t\t\t\n\t\t\t\t\t\t\t\t\t\t\t\t\t<h3 class=\"c-card__title u-font-title-3\">\n\t\t\t\t\t\t\t\t\t\t\t\t\t\t\t\t\t<a class=\"c-card__link\" href=\"https:\/\/procivitas.se\/uppsala\/nyheter\/julmarknad\/\">\n\t\t\t\t\t\t\t\t\t\tUF-Julm\u00e4ssa p\u00e5 ProCivitas!\n\t\t\t\t\t\t\t\t\t<\/a>\n\t\t\t\t\t\t\t\t\t\t\t\t\t\t\t<\/h3>\n\t\t\t\t\t\t\n\t\t\t\t\t\t\t\t\t\t\t\t\t<p class=\"c-card__text l-stack-xs u-font-body\">\n\t\t\t\t\t\t\t\tM\u00e5ndagen den 15 december v\u00e4lkomnar vi dig till en inspirerande och festlig UF-marknad p\u00e5 v\u00e5ning 4! \n\t\t\t\t\t\t\t<\/p>\n\t\t\t\t\t\t\n\t\t\t\t\t\t\t\t\t\t\t\t\t<ul class=\"c-card__tags l-stack-grow u-list-none u-pt-md\" aria-label=\"Kategorier\">\n\t\t\t\t\t\t\t\t\t\t\t\t\t\t\t\t\t<li><span class=\"c-tag\" data-variant=\"outline\">Nyheter<\/span><\/li>\n\t\t\t\t\t\t\t\t\t\t\t\t\t\t\t\t\t<li><span class=\"c-tag\" data-variant=\"outline\">Ung f\u00f6retagsamhet<\/span><\/li>\n\t\t\t\t\t\t\t\t\t\t\t\t\t\t\t<\/ul>\n\t\t\t\t\t\t\n\t\t\t\t\t\t<div class=\"c-card__icon\">\n\t\t\t\t\t\t\t\t\t\t\t\t\t\t<svg class=\"ams-icon ams-icon--arrow-right\" width=\"32\" height=\"32\" viewbox=\"0 0 32 32\" fill=\"currentColor\" aria-hidden=\"true\" xmlns=\"http:\/\/www.w3.org\/2000\/svg\">\n\t\t\t\t\t\t\t\t\t\t\t\t\t\t\t\t<path d=\"M15.4617 0.252159L14.9567 0.75931C14.6219 1.09545 14.6219 1.64048 14.9567 1.97669L27.7062 14.7806H0.857144C0.383786 14.7806 0 15.166 0 15.6414V16.3587C0 16.8341 0.383786 17.2195 0.857144 17.2195H27.7062L14.9567 30.0234C14.6219 30.3595 14.6219 30.9045 14.9567 31.2407L15.4617 31.7479C15.7964 32.084 16.3392 32.084 16.6739 31.7479L31.749 16.6087C32.0837 16.2725 32.0837 15.7275 31.749 15.3913L16.6739 0.252159C16.3392 -0.084053 15.7964 -0.084053 15.4617 0.252159Z\"\/>\n\t\t\t\t\t\t\t\n\t\t\t\t\t\t\t<\/svg>\n\t\t\t\t\t\t<\/div>\n\t\t\t\t\t<\/div>\n\n\t\t\t\t\t<div class=\"c-card__media u-radius-rounded\" style=\" \">\n\t\t\t\t\t\t<img decoding=\"async\" width=\"400\" height=\"341\" src=\"https:\/\/procivitas.se\/wp-content\/uploads\/sites\/8\/2024\/08\/skarmavbild-2024-08-26-kl-111946-400x341.png\" class=\"attachment-sm size-sm\" alt=\"En grupp elever poserar tillsammans utomhus p\u00e5 en b\u00e4nk.\" sizes=\"(min-width: 64em) 300px, (min-width: 48em) calc(.50 * (100vw - 224px)), calc(100vw - 160px)\" srcset=\"https:\/\/procivitas.se\/wp-content\/uploads\/sites\/8\/2024\/08\/skarmavbild-2024-08-26-kl-111946-400x341.png 400w, https:\/\/procivitas.se\/wp-content\/uploads\/sites\/8\/2024\/08\/skarmavbild-2024-08-26-kl-111946-300x256.png 300w, https:\/\/procivitas.se\/wp-content\/uploads\/sites\/8\/2024\/08\/skarmavbild-2024-08-26-kl-111946-600x512.png 600w, https:\/\/procivitas.se\/wp-content\/uploads\/sites\/8\/2024\/08\/skarmavbild-2024-08-26-kl-111946-800x683.png 800w, https:\/\/procivitas.se\/wp-content\/uploads\/sites\/8\/2024\/08\/skarmavbild-2024-08-26-kl-111946.png 998w\" \/>\n\t\t\t\t\t<\/div>\n\t\t\t\t<\/article>\n\t\t\t<\/li>\n\t\t\t\t\t\t\t\t\t\t\t\t\t\t\t\t\t\n\t\t\t\n\t\t\t\n\t\t\t<li class=\"l-col-6@md l-col-4@lg \" data-filter=\"nyheter augusti-2025\">\n\t\t\t\t<article class=\"c-card  has-media-zoom  \" data-variant=\"neutral\" data-style=\"square\" data-click-area>\n\t\t\t\t\t<div class=\"c-card__content l-stack l-stack-sm\">\n\n\t\t\t\t\t\t\t\t\t\t\t\t\t<time class=\"c-card__date u-font-small\" datetime=\"2025-08-12\">12 augusti 2025<\/time>\n\t\t\t\t\t\t\n\t\t\t\t\t\t\t\t\t\t\t\t\t<h3 class=\"c-card__title u-font-title-3\">\n\t\t\t\t\t\t\t\t\t\t\t\t\t\t\t\t\t<a class=\"c-card__link\" href=\"https:\/\/procivitas.se\/uppsala\/nyheter\/information-om-skolstart-2025\/\">\n\t\t\t\t\t\t\t\t\t\tInformation om skolstart 2025\n\t\t\t\t\t\t\t\t\t<\/a>\n\t\t\t\t\t\t\t\t\t\t\t\t\t\t\t<\/h3>\n\t\t\t\t\t\t\n\t\t\t\t\t\t\t\t\t\t\t\t\t<p class=\"c-card__text l-stack-xs u-font-body\">\n\t\t\t\t\t\t\t\tEfter en h\u00e4rlig sommar ser vi fram emot h\u00f6stterminen. Varmt v\u00e4lkomna till oss, b\u00e5de nya och gamla elever!\r\n\n\t\t\t\t\t\t\t<\/p>\n\t\t\t\t\t\t\n\t\t\t\t\t\t\t\t\t\t\t\t\t<ul class=\"c-card__tags l-stack-grow u-list-none u-pt-md\" aria-label=\"Kategorier\">\n\t\t\t\t\t\t\t\t\t\t\t\t\t\t\t\t\t<li><span class=\"c-tag\" data-variant=\"outline\">Nyheter<\/span><\/li>\n\t\t\t\t\t\t\t\t\t\t\t\t\t\t\t<\/ul>\n\t\t\t\t\t\t\n\t\t\t\t\t\t<div class=\"c-card__icon\">\n\t\t\t\t\t\t\t\t\t\t\t\t\t\t<svg class=\"ams-icon ams-icon--arrow-right\" width=\"32\" height=\"32\" viewbox=\"0 0 32 32\" fill=\"currentColor\" aria-hidden=\"true\" xmlns=\"http:\/\/www.w3.org\/2000\/svg\">\n\t\t\t\t\t\t\t\t\t\t\t\t\t\t\t\t<path d=\"M15.4617 0.252159L14.9567 0.75931C14.6219 1.09545 14.6219 1.64048 14.9567 1.97669L27.7062 14.7806H0.857144C0.383786 14.7806 0 15.166 0 15.6414V16.3587C0 16.8341 0.383786 17.2195 0.857144 17.2195H27.7062L14.9567 30.0234C14.6219 30.3595 14.6219 30.9045 14.9567 31.2407L15.4617 31.7479C15.7964 32.084 16.3392 32.084 16.6739 31.7479L31.749 16.6087C32.0837 16.2725 32.0837 15.7275 31.749 15.3913L16.6739 0.252159C16.3392 -0.084053 15.7964 -0.084053 15.4617 0.252159Z\"\/>\n\t\t\t\t\t\t\t\n\t\t\t\t\t\t\t<\/svg>\n\t\t\t\t\t\t<\/div>\n\t\t\t\t\t<\/div>\n\n\t\t\t\t\t<div class=\"c-card__media u-radius-rounded\" style=\" \">\n\t\t\t\t\t\t<img decoding=\"async\" width=\"400\" height=\"600\" src=\"https:\/\/procivitas.se\/wp-content\/uploads\/sites\/8\/2024\/08\/prouppsalafotografering202405-202905webb175-400x600.jpg\" class=\"attachment-sm size-sm\" alt=\"Tre elever h\u00e4nger i trappan p\u00e5 skolan och ler in i kameran.\" sizes=\"(min-width: 64em) 300px, (min-width: 48em) calc(.50 * (100vw - 224px)), calc(100vw - 160px)\" srcset=\"https:\/\/procivitas.se\/wp-content\/uploads\/sites\/8\/2024\/08\/prouppsalafotografering202405-202905webb175-400x600.jpg 400w, https:\/\/procivitas.se\/wp-content\/uploads\/sites\/8\/2024\/08\/prouppsalafotografering202405-202905webb175-300x450.jpg 300w, https:\/\/procivitas.se\/wp-content\/uploads\/sites\/8\/2024\/08\/prouppsalafotografering202405-202905webb175-600x900.jpg 600w, https:\/\/procivitas.se\/wp-content\/uploads\/sites\/8\/2024\/08\/prouppsalafotografering202405-202905webb175-800x1200.jpg 800w, https:\/\/procivitas.se\/wp-content\/uploads\/sites\/8\/2024\/08\/prouppsalafotografering202405-202905webb175-1024x1536.jpg 1024w, https:\/\/procivitas.se\/wp-content\/uploads\/sites\/8\/2024\/08\/prouppsalafotografering202405-202905webb175.jpg 1080w\" \/>\n\t\t\t\t\t<\/div>\n\t\t\t\t<\/article>\n\t\t\t<\/li>\n\t\t\t\t\t\t\t\t\t\t\t\t\t\t\t\t\t\n\t\t\t\n\t\t\t\n\t\t\t<li class=\"l-col-6@md l-col-4@lg \" data-filter=\"ekonomi nyheter ung-foretagsamhet mars-2024\">\n\t\t\t\t<article class=\"c-card  has-media-zoom  \" data-variant=\"neutral\" data-style=\"square\" data-click-area>\n\t\t\t\t\t<div class=\"c-card__content l-stack l-stack-sm\">\n\n\t\t\t\t\t\t\t\t\t\t\t\t\t<time class=\"c-card__date u-font-small\" datetime=\"2024-03-22\">22 mars 2024<\/time>\n\t\t\t\t\t\t\n\t\t\t\t\t\t\t\t\t\t\t\t\t<h3 class=\"c-card__title u-font-title-3\">\n\t\t\t\t\t\t\t\t\t\t\t\t\t\t\t\t\t<a class=\"c-card__link\" href=\"https:\/\/procivitas.se\/uppsala\/nyheter\/procivitas-uppsalas-vinster-efter-uf-massan\/\">\n\t\t\t\t\t\t\t\t\t\tPriser fr\u00e5n UF-m\u00e4ssan\n\t\t\t\t\t\t\t\t\t<\/a>\n\t\t\t\t\t\t\t\t\t\t\t\t\t\t\t<\/h3>\n\t\t\t\t\t\t\n\t\t\t\t\t\t\t\t\t\t\t\t\t<p class=\"c-card__text l-stack-xs u-font-body\">\n\t\t\t\t\t\t\t\tProCivitas Uppsala var p\u00e5 plats p\u00e5 UF-m\u00e4ssan och kammade hem ett flertalet priser. Stort grattis till Evolve och PureVie&#8230;\n\t\t\t\t\t\t\t<\/p>\n\t\t\t\t\t\t\n\t\t\t\t\t\t\t\t\t\t\t\t\t<ul class=\"c-card__tags l-stack-grow u-list-none u-pt-md\" aria-label=\"Kategorier\">\n\t\t\t\t\t\t\t\t\t\t\t\t\t\t\t\t\t<li><span class=\"c-tag\" data-variant=\"outline\">Ekonomi<\/span><\/li>\n\t\t\t\t\t\t\t\t\t\t\t\t\t\t\t\t\t<li><span class=\"c-tag\" data-variant=\"outline\">Nyheter<\/span><\/li>\n\t\t\t\t\t\t\t\t\t\t\t\t\t\t\t\t\t<li><span class=\"c-tag\" data-variant=\"outline\">Ung f\u00f6retagsamhet<\/span><\/li>\n\t\t\t\t\t\t\t\t\t\t\t\t\t\t\t<\/ul>\n\t\t\t\t\t\t\n\t\t\t\t\t\t<div class=\"c-card__icon\">\n\t\t\t\t\t\t\t\t\t\t\t\t\t\t<svg class=\"ams-icon ams-icon--arrow-right\" width=\"32\" height=\"32\" viewbox=\"0 0 32 32\" fill=\"currentColor\" aria-hidden=\"true\" xmlns=\"http:\/\/www.w3.org\/2000\/svg\">\n\t\t\t\t\t\t\t\t\t\t\t\t\t\t\t\t<path d=\"M15.4617 0.252159L14.9567 0.75931C14.6219 1.09545 14.6219 1.64048 14.9567 1.97669L27.7062 14.7806H0.857144C0.383786 14.7806 0 15.166 0 15.6414V16.3587C0 16.8341 0.383786 17.2195 0.857144 17.2195H27.7062L14.9567 30.0234C14.6219 30.3595 14.6219 30.9045 14.9567 31.2407L15.4617 31.7479C15.7964 32.084 16.3392 32.084 16.6739 31.7479L31.749 16.6087C32.0837 16.2725 32.0837 15.7275 31.749 15.3913L16.6739 0.252159C16.3392 -0.084053 15.7964 -0.084053 15.4617 0.252159Z\"\/>\n\t\t\t\t\t\t\t\n\t\t\t\t\t\t\t<\/svg>\n\t\t\t\t\t\t<\/div>\n\t\t\t\t\t<\/div>\n\n\t\t\t\t\t<div class=\"c-card__media u-radius-rounded\" style=\" \">\n\t\t\t\t\t\t<img decoding=\"async\" width=\"400\" height=\"225\" src=\"https:\/\/procivitas.se\/wp-content\/uploads\/sites\/8\/2024\/03\/uf-massanpcu-400x225.jpg\" class=\"attachment-sm size-sm\" alt=\"Tv\u00e5 elever p\u00e5 UF-m\u00e4ssan st\u00e5r p\u00e5 scenen med sina vinster.\" sizes=\"(min-width: 64em) 300px, (min-width: 48em) calc(.50 * (100vw - 224px)), calc(100vw - 160px)\" srcset=\"https:\/\/procivitas.se\/wp-content\/uploads\/sites\/8\/2024\/03\/uf-massanpcu-400x225.jpg 400w, https:\/\/procivitas.se\/wp-content\/uploads\/sites\/8\/2024\/03\/uf-massanpcu-300x169.jpg 300w, https:\/\/procivitas.se\/wp-content\/uploads\/sites\/8\/2024\/03\/uf-massanpcu-600x338.jpg 600w, https:\/\/procivitas.se\/wp-content\/uploads\/sites\/8\/2024\/03\/uf-massanpcu-800x451.jpg 800w, https:\/\/procivitas.se\/wp-content\/uploads\/sites\/8\/2024\/03\/uf-massanpcu-1024x577.jpg 1024w, https:\/\/procivitas.se\/wp-content\/uploads\/sites\/8\/2024\/03\/uf-massanpcu-1200x676.jpg 1200w, https:\/\/procivitas.se\/wp-content\/uploads\/sites\/8\/2024\/03\/uf-massanpcu.jpg 1420w\" \/>\n\t\t\t\t\t<\/div>\n\t\t\t\t<\/article>\n\t\t\t<\/li>\n\t\t\t\t\t\t\t\t\t\t\t\t\t\t\t\t\t\n\t\t\t\n\t\t\t\n\t\t\t<li class=\"l-col-6@md l-col-4@lg \" data-filter=\"alumner mars-2024\">\n\t\t\t\t<article class=\"c-card  has-media-zoom  \" data-variant=\"neutral\" data-style=\"square\" data-click-area>\n\t\t\t\t\t<div class=\"c-card__content l-stack l-stack-sm\">\n\n\t\t\t\t\t\t\t\t\t\t\t\t\t<time class=\"c-card__date u-font-small\" datetime=\"2024-03-01\">1 mars 2024<\/time>\n\t\t\t\t\t\t\n\t\t\t\t\t\t\t\t\t\t\t\t\t<h3 class=\"c-card__title u-font-title-3\">\n\t\t\t\t\t\t\t\t\t\t\t\t\t\t\t\t\t<a class=\"c-card__link\" href=\"https:\/\/procivitas.se\/uppsala\/nyheter\/noomi-drommer-om-att-bli-larare\/\">\n\t\t\t\t\t\t\t\t\t\tNoomi dr\u00f6mmer om att bli l\u00e4rare\n\t\t\t\t\t\t\t\t\t<\/a>\n\t\t\t\t\t\t\t\t\t\t\t\t\t\t\t<\/h3>\n\t\t\t\t\t\t\n\t\t\t\t\t\t\t\t\t\t\t\t\t<p class=\"c-card__text l-stack-xs u-font-body\">\n\t\t\t\t\t\t\t\tNoomi har alltid gillat att plugga och l\u00e4ra sig nya saker, d\u00e4rf\u00f6r hoppade hon p\u00e5 en universitetsutbildning direkt efter gymnasiet&#8230;.\n\t\t\t\t\t\t\t<\/p>\n\t\t\t\t\t\t\n\t\t\t\t\t\t\t\t\t\t\t\t\t<ul class=\"c-card__tags l-stack-grow u-list-none u-pt-md\" aria-label=\"Kategorier\">\n\t\t\t\t\t\t\t\t\t\t\t\t\t\t\t\t\t<li><span class=\"c-tag\" data-variant=\"outline\">Alumner<\/span><\/li>\n\t\t\t\t\t\t\t\t\t\t\t\t\t\t\t<\/ul>\n\t\t\t\t\t\t\n\t\t\t\t\t\t<div class=\"c-card__icon\">\n\t\t\t\t\t\t\t\t\t\t\t\t\t\t<svg class=\"ams-icon ams-icon--arrow-right\" width=\"32\" height=\"32\" viewbox=\"0 0 32 32\" fill=\"currentColor\" aria-hidden=\"true\" xmlns=\"http:\/\/www.w3.org\/2000\/svg\">\n\t\t\t\t\t\t\t\t\t\t\t\t\t\t\t\t<path d=\"M15.4617 0.252159L14.9567 0.75931C14.6219 1.09545 14.6219 1.64048 14.9567 1.97669L27.7062 14.7806H0.857144C0.383786 14.7806 0 15.166 0 15.6414V16.3587C0 16.8341 0.383786 17.2195 0.857144 17.2195H27.7062L14.9567 30.0234C14.6219 30.3595 14.6219 30.9045 14.9567 31.2407L15.4617 31.7479C15.7964 32.084 16.3392 32.084 16.6739 31.7479L31.749 16.6087C32.0837 16.2725 32.0837 15.7275 31.749 15.3913L16.6739 0.252159C16.3392 -0.084053 15.7964 -0.084053 15.4617 0.252159Z\"\/>\n\t\t\t\t\t\t\t\n\t\t\t\t\t\t\t<\/svg>\n\t\t\t\t\t\t<\/div>\n\t\t\t\t\t<\/div>\n\n\t\t\t\t\t<div class=\"c-card__media u-radius-rounded\" style=\" \">\n\t\t\t\t\t\t<img decoding=\"async\" width=\"400\" height=\"437\" src=\"https:\/\/procivitas.se\/wp-content\/uploads\/sites\/8\/2024\/02\/portrattbildnoomipcuppsala-400x437.png\" class=\"attachment-sm size-sm\" alt=\"Elev och hund st\u00e5r utomhus i en vintrig milj\u00f6.\" sizes=\"(min-width: 64em) 300px, (min-width: 48em) calc(.50 * (100vw - 224px)), calc(100vw - 160px)\" srcset=\"https:\/\/procivitas.se\/wp-content\/uploads\/sites\/8\/2024\/02\/portrattbildnoomipcuppsala-400x437.png 400w, https:\/\/procivitas.se\/wp-content\/uploads\/sites\/8\/2024\/02\/portrattbildnoomipcuppsala-300x328.png 300w, https:\/\/procivitas.se\/wp-content\/uploads\/sites\/8\/2024\/02\/portrattbildnoomipcuppsala.png 444w\" \/>\n\t\t\t\t\t<\/div>\n\t\t\t\t<\/article>\n\t\t\t<\/li>\n\t\t\t\t\t\t\t\t\t\t\t\t\t\t\t\t\t\n\t\t\t\n\t\t\t\n\t\t\t<li class=\"l-col-6@md l-col-4@lg \" data-filter=\"elevintervjuer natur nyheter mars-2024\">\n\t\t\t\t<article class=\"c-card  has-media-zoom  \" data-variant=\"neutral\" data-style=\"square\" data-click-area>\n\t\t\t\t\t<div class=\"c-card__content l-stack l-stack-sm\">\n\n\t\t\t\t\t\t\t\t\t\t\t\t\t<time class=\"c-card__date u-font-small\" datetime=\"2024-03-01\">1 mars 2024<\/time>\n\t\t\t\t\t\t\n\t\t\t\t\t\t\t\t\t\t\t\t\t<h3 class=\"c-card__title u-font-title-3\">\n\t\t\t\t\t\t\t\t\t\t\t\t\t\t\t\t\t<a class=\"c-card__link\" href=\"https:\/\/procivitas.se\/uppsala\/nyheter\/emilia-till-semifinal-i-unga-forskare\/\">\n\t\t\t\t\t\t\t\t\t\tTill semifinal i Unga forskare\n\t\t\t\t\t\t\t\t\t<\/a>\n\t\t\t\t\t\t\t\t\t\t\t\t\t\t\t<\/h3>\n\t\t\t\t\t\t\n\t\t\t\t\t\t\t\t\t\t\t\t\t<p class=\"c-card__text l-stack-xs u-font-body\">\n\t\t\t\t\t\t\t\tEmilia har g\u00e5tt vidare till semifinal i Unga forskare med sitt gymnasiearbete om bakteriekulturer i disktrasor. \n\t\t\t\t\t\t\t<\/p>\n\t\t\t\t\t\t\n\t\t\t\t\t\t\t\t\t\t\t\t\t<ul class=\"c-card__tags l-stack-grow u-list-none u-pt-md\" aria-label=\"Kategorier\">\n\t\t\t\t\t\t\t\t\t\t\t\t\t\t\t\t\t<li><span class=\"c-tag\" data-variant=\"outline\">Elevintervjuer<\/span><\/li>\n\t\t\t\t\t\t\t\t\t\t\t\t\t\t\t\t\t<li><span class=\"c-tag\" data-variant=\"outline\">Natur<\/span><\/li>\n\t\t\t\t\t\t\t\t\t\t\t\t\t\t\t\t\t<li><span class=\"c-tag\" data-variant=\"outline\">Nyheter<\/span><\/li>\n\t\t\t\t\t\t\t\t\t\t\t\t\t\t\t<\/ul>\n\t\t\t\t\t\t\n\t\t\t\t\t\t<div class=\"c-card__icon\">\n\t\t\t\t\t\t\t\t\t\t\t\t\t\t<svg class=\"ams-icon ams-icon--arrow-right\" width=\"32\" height=\"32\" viewbox=\"0 0 32 32\" fill=\"currentColor\" aria-hidden=\"true\" xmlns=\"http:\/\/www.w3.org\/2000\/svg\">\n\t\t\t\t\t\t\t\t\t\t\t\t\t\t\t\t<path d=\"M15.4617 0.252159L14.9567 0.75931C14.6219 1.09545 14.6219 1.64048 14.9567 1.97669L27.7062 14.7806H0.857144C0.383786 14.7806 0 15.166 0 15.6414V16.3587C0 16.8341 0.383786 17.2195 0.857144 17.2195H27.7062L14.9567 30.0234C14.6219 30.3595 14.6219 30.9045 14.9567 31.2407L15.4617 31.7479C15.7964 32.084 16.3392 32.084 16.6739 31.7479L31.749 16.6087C32.0837 16.2725 32.0837 15.7275 31.749 15.3913L16.6739 0.252159C16.3392 -0.084053 15.7964 -0.084053 15.4617 0.252159Z\"\/>\n\t\t\t\t\t\t\t\n\t\t\t\t\t\t\t<\/svg>\n\t\t\t\t\t\t<\/div>\n\t\t\t\t\t<\/div>\n\n\t\t\t\t\t<div class=\"c-card__media u-radius-rounded\" style=\" \">\n\t\t\t\t\t\t<img decoding=\"async\" width=\"400\" height=\"224\" src=\"https:\/\/procivitas.se\/wp-content\/uploads\/sites\/8\/2024\/02\/emiliaunga-forskarepc-400x224.png\" class=\"attachment-sm size-sm\" alt=\"Portr\u00e4ttbild\" sizes=\"(min-width: 64em) 300px, (min-width: 48em) calc(.50 * (100vw - 224px)), calc(100vw - 160px)\" srcset=\"https:\/\/procivitas.se\/wp-content\/uploads\/sites\/8\/2024\/02\/emiliaunga-forskarepc-400x224.png 400w, https:\/\/procivitas.se\/wp-content\/uploads\/sites\/8\/2024\/02\/emiliaunga-forskarepc-300x168.png 300w, https:\/\/procivitas.se\/wp-content\/uploads\/sites\/8\/2024\/02\/emiliaunga-forskarepc-600x335.png 600w, https:\/\/procivitas.se\/wp-content\/uploads\/sites\/8\/2024\/02\/emiliaunga-forskarepc-768x431.png 768w, https:\/\/procivitas.se\/wp-content\/uploads\/sites\/8\/2024\/02\/emiliaunga-forskarepc.png 771w\" \/>\n\t\t\t\t\t<\/div>\n\t\t\t\t<\/article>\n\t\t\t<\/li>\n\t\t\t\t\t\t\t\t\t\t\t\t\t\t\t\t\t\n\t\t\t\n\t\t\t\n\t\t\t<li class=\"l-col-6@md l-col-4@lg \" data-filter=\"alumner januari-2024\">\n\t\t\t\t<article class=\"c-card  has-media-zoom  \" data-variant=\"neutral\" data-style=\"square\" data-click-area>\n\t\t\t\t\t<div class=\"c-card__content l-stack l-stack-sm\">\n\n\t\t\t\t\t\t\t\t\t\t\t\t\t<time class=\"c-card__date u-font-small\" datetime=\"2024-01-23\">23 januari 2024<\/time>\n\t\t\t\t\t\t\n\t\t\t\t\t\t\t\t\t\t\t\t\t<h3 class=\"c-card__title u-font-title-3\">\n\t\t\t\t\t\t\t\t\t\t\t\t\t\t\t\t\t<a class=\"c-card__link\" href=\"https:\/\/procivitas.se\/uppsala\/nyheter\/linus-laser-till-civilingenjor-vid-uppsala-universitet\/\">\n\t\t\t\t\t\t\t\t\t\tLinus l\u00e4ser till Civilingenj\u00f6r vid Uppsala Universitet \n\t\t\t\t\t\t\t\t\t<\/a>\n\t\t\t\t\t\t\t\t\t\t\t\t\t\t\t<\/h3>\n\t\t\t\t\t\t\n\t\t\t\t\t\t\t\t\t\t\t\t\t<p class=\"c-card__text l-stack-xs u-font-body\">\n\t\t\t\t\t\t\t\tLinus tog studenten fr\u00e5n ProCivitas Uppsala i juni 2023 och l\u00e4ser idag till Civilingenj\u00f6r i Energisystem vid Uppsala Universitet och Sveriges Lantbruksuniversitet.\n\t\t\t\t\t\t\t<\/p>\n\t\t\t\t\t\t\n\t\t\t\t\t\t\t\t\t\t\t\t\t<ul class=\"c-card__tags l-stack-grow u-list-none u-pt-md\" aria-label=\"Kategorier\">\n\t\t\t\t\t\t\t\t\t\t\t\t\t\t\t\t\t<li><span class=\"c-tag\" data-variant=\"outline\">Alumner<\/span><\/li>\n\t\t\t\t\t\t\t\t\t\t\t\t\t\t\t<\/ul>\n\t\t\t\t\t\t\n\t\t\t\t\t\t<div class=\"c-card__icon\">\n\t\t\t\t\t\t\t\t\t\t\t\t\t\t<svg class=\"ams-icon ams-icon--arrow-right\" width=\"32\" height=\"32\" viewbox=\"0 0 32 32\" fill=\"currentColor\" aria-hidden=\"true\" xmlns=\"http:\/\/www.w3.org\/2000\/svg\">\n\t\t\t\t\t\t\t\t\t\t\t\t\t\t\t\t<path d=\"M15.4617 0.252159L14.9567 0.75931C14.6219 1.09545 14.6219 1.64048 14.9567 1.97669L27.7062 14.7806H0.857144C0.383786 14.7806 0 15.166 0 15.6414V16.3587C0 16.8341 0.383786 17.2195 0.857144 17.2195H27.7062L14.9567 30.0234C14.6219 30.3595 14.6219 30.9045 14.9567 31.2407L15.4617 31.7479C15.7964 32.084 16.3392 32.084 16.6739 31.7479L31.749 16.6087C32.0837 16.2725 32.0837 15.7275 31.749 15.3913L16.6739 0.252159C16.3392 -0.084053 15.7964 -0.084053 15.4617 0.252159Z\"\/>\n\t\t\t\t\t\t\t\n\t\t\t\t\t\t\t<\/svg>\n\t\t\t\t\t\t<\/div>\n\t\t\t\t\t<\/div>\n\n\t\t\t\t\t<div class=\"c-card__media u-radius-rounded\" style=\" \">\n\t\t\t\t\t\t<img decoding=\"async\" width=\"400\" height=\"300\" src=\"https:\/\/procivitas.se\/wp-content\/uploads\/sites\/8\/2024\/01\/linus-alumn-400x300.jpeg\" class=\"attachment-sm size-sm\" alt=\"Alumnen Linus sitter vid en skolb\u00e4nk vid Uppsala universitet\" sizes=\"(min-width: 64em) 300px, (min-width: 48em) calc(.50 * (100vw - 224px)), calc(100vw - 160px)\" srcset=\"https:\/\/procivitas.se\/wp-content\/uploads\/sites\/8\/2024\/01\/linus-alumn-400x300.jpeg 400w, https:\/\/procivitas.se\/wp-content\/uploads\/sites\/8\/2024\/01\/linus-alumn-300x225.jpeg 300w, https:\/\/procivitas.se\/wp-content\/uploads\/sites\/8\/2024\/01\/linus-alumn-600x450.jpeg 600w, https:\/\/procivitas.se\/wp-content\/uploads\/sites\/8\/2024\/01\/linus-alumn-800x600.jpeg 800w, https:\/\/procivitas.se\/wp-content\/uploads\/sites\/8\/2024\/01\/linus-alumn-1024x768.jpeg 1024w, https:\/\/procivitas.se\/wp-content\/uploads\/sites\/8\/2024\/01\/linus-alumn-1200x900.jpeg 1200w, https:\/\/procivitas.se\/wp-content\/uploads\/sites\/8\/2024\/01\/linus-alumn-768x576.jpeg 768w, https:\/\/procivitas.se\/wp-content\/uploads\/sites\/8\/2024\/01\/linus-alumn.jpeg 1280w\" \/>\n\t\t\t\t\t<\/div>\n\t\t\t\t<\/article>\n\t\t\t<\/li>\n\t\t\t\t\t\t\t\t\t\t\t\t\t\t\t\t\t\n\t\t\t\n\t\t\t\n\t\t\t<li class=\"l-col-6@md l-col-4@lg \" data-filter=\"nyheter januari-2024\">\n\t\t\t\t<article class=\"c-card  has-media-zoom  \" data-variant=\"neutral\" data-style=\"square\" data-click-area>\n\t\t\t\t\t<div class=\"c-card__content l-stack l-stack-sm\">\n\n\t\t\t\t\t\t\t\t\t\t\t\t\t<time class=\"c-card__date u-font-small\" datetime=\"2024-01-22\">22 januari 2024<\/time>\n\t\t\t\t\t\t\n\t\t\t\t\t\t\t\t\t\t\t\t\t<h3 class=\"c-card__title u-font-title-3\">\n\t\t\t\t\t\t\t\t\t\t\t\t\t\t\t\t\t<a class=\"c-card__link\" href=\"https:\/\/procivitas.se\/uppsala\/nyheter\/varmt-valkommen-pa-oppet-hus\/\">\n\t\t\t\t\t\t\t\t\t\t\u00d6ppet hus p\u00e5 ProCivitas Uppsala\n\t\t\t\t\t\t\t\t\t<\/a>\n\t\t\t\t\t\t\t\t\t\t\t\t\t\t\t<\/h3>\n\t\t\t\t\t\t\n\t\t\t\t\t\t\t\t\t\t\t\t\t<p class=\"c-card__text l-stack-xs u-font-body\">\n\t\t\t\t\t\t\t\t31\/1 kl. 17-19 \u00e4r det \u00e5ter igen dags f\u00f6r \u00d6ppet hus hos oss p\u00e5 ProCivitas Uppsala\n\t\t\t\t\t\t\t<\/p>\n\t\t\t\t\t\t\n\t\t\t\t\t\t\t\t\t\t\t\t\t<ul class=\"c-card__tags l-stack-grow u-list-none u-pt-md\" aria-label=\"Kategorier\">\n\t\t\t\t\t\t\t\t\t\t\t\t\t\t\t\t\t<li><span class=\"c-tag\" data-variant=\"outline\">Nyheter<\/span><\/li>\n\t\t\t\t\t\t\t\t\t\t\t\t\t\t\t<\/ul>\n\t\t\t\t\t\t\n\t\t\t\t\t\t<div class=\"c-card__icon\">\n\t\t\t\t\t\t\t\t\t\t\t\t\t\t<svg class=\"ams-icon ams-icon--arrow-right\" width=\"32\" height=\"32\" viewbox=\"0 0 32 32\" fill=\"currentColor\" aria-hidden=\"true\" xmlns=\"http:\/\/www.w3.org\/2000\/svg\">\n\t\t\t\t\t\t\t\t\t\t\t\t\t\t\t\t<path d=\"M15.4617 0.252159L14.9567 0.75931C14.6219 1.09545 14.6219 1.64048 14.9567 1.97669L27.7062 14.7806H0.857144C0.383786 14.7806 0 15.166 0 15.6414V16.3587C0 16.8341 0.383786 17.2195 0.857144 17.2195H27.7062L14.9567 30.0234C14.6219 30.3595 14.6219 30.9045 14.9567 31.2407L15.4617 31.7479C15.7964 32.084 16.3392 32.084 16.6739 31.7479L31.749 16.6087C32.0837 16.2725 32.0837 15.7275 31.749 15.3913L16.6739 0.252159C16.3392 -0.084053 15.7964 -0.084053 15.4617 0.252159Z\"\/>\n\t\t\t\t\t\t\t\n\t\t\t\t\t\t\t<\/svg>\n\t\t\t\t\t\t<\/div>\n\t\t\t\t\t<\/div>\n\n\t\t\t\t\t<div class=\"c-card__media u-radius-rounded\" style=\" \">\n\t\t\t\t\t\t<img decoding=\"async\" width=\"400\" height=\"267\" src=\"https:\/\/procivitas.se\/wp-content\/uploads\/sites\/8\/2023\/10\/procivitas-uppsala-2022-400x267.jpg\" class=\"attachment-sm size-sm\" alt=\"Elever sitter i en trappa p\u00e5 skolan\" sizes=\"(min-width: 64em) 300px, (min-width: 48em) calc(.50 * (100vw - 224px)), calc(100vw - 160px)\" srcset=\"https:\/\/procivitas.se\/wp-content\/uploads\/sites\/8\/2023\/10\/procivitas-uppsala-2022-400x267.jpg 400w, https:\/\/procivitas.se\/wp-content\/uploads\/sites\/8\/2023\/10\/procivitas-uppsala-2022-300x200.jpg 300w, https:\/\/procivitas.se\/wp-content\/uploads\/sites\/8\/2023\/10\/procivitas-uppsala-2022-600x400.jpg 600w, https:\/\/procivitas.se\/wp-content\/uploads\/sites\/8\/2023\/10\/procivitas-uppsala-2022-800x533.jpg 800w, https:\/\/procivitas.se\/wp-content\/uploads\/sites\/8\/2023\/10\/procivitas-uppsala-2022-1024x683.jpg 1024w, https:\/\/procivitas.se\/wp-content\/uploads\/sites\/8\/2023\/10\/procivitas-uppsala-2022-1200x800.jpg 1200w\" \/>\n\t\t\t\t\t<\/div>\n\t\t\t\t<\/article>\n\t\t\t<\/li>\n\t\t\t\t\t\t\t\t\t\t\t\t\t\t\t\t\t\n\t\t\t\n\t\t\t\n\t\t\t<li class=\"l-col-6@md l-col-4@lg \" data-filter=\"nyheter januari-2024\">\n\t\t\t\t<article class=\"c-card  has-media-zoom  \" data-variant=\"neutral\" data-style=\"square\" data-click-area>\n\t\t\t\t\t<div class=\"c-card__content l-stack l-stack-sm\">\n\n\t\t\t\t\t\t\t\t\t\t\t\t\t<time class=\"c-card__date u-font-small\" datetime=\"2024-01-22\">22 januari 2024<\/time>\n\t\t\t\t\t\t\n\t\t\t\t\t\t\t\t\t\t\t\t\t<h3 class=\"c-card__title u-font-title-3\">\n\t\t\t\t\t\t\t\t\t\t\t\t\t\t\t\t\t<a class=\"c-card__link\" href=\"https:\/\/procivitas.se\/uppsala\/nyheter\/antagningen-har-oppnat\/\">\n\t\t\t\t\t\t\t\t\t\tAntagningen har \u00f6ppnat!\n\t\t\t\t\t\t\t\t\t<\/a>\n\t\t\t\t\t\t\t\t\t\t\t\t\t\t\t<\/h3>\n\t\t\t\t\t\t\n\t\t\t\t\t\t\t\t\t\t\t\t\t<p class=\"c-card__text l-stack-xs u-font-body\">\n\t\t\t\t\t\t\t\tGymnasieantagningen har \u00f6ppnat i din kommun! L\u00e4s mer om viktiga datum &#8230;\n\t\t\t\t\t\t\t<\/p>\n\t\t\t\t\t\t\n\t\t\t\t\t\t\t\t\t\t\t\t\t<ul class=\"c-card__tags l-stack-grow u-list-none u-pt-md\" aria-label=\"Kategorier\">\n\t\t\t\t\t\t\t\t\t\t\t\t\t\t\t\t\t<li><span class=\"c-tag\" data-variant=\"outline\">Nyheter<\/span><\/li>\n\t\t\t\t\t\t\t\t\t\t\t\t\t\t\t<\/ul>\n\t\t\t\t\t\t\n\t\t\t\t\t\t<div class=\"c-card__icon\">\n\t\t\t\t\t\t\t\t\t\t\t\t\t\t<svg class=\"ams-icon ams-icon--arrow-right\" width=\"32\" height=\"32\" viewbox=\"0 0 32 32\" fill=\"currentColor\" aria-hidden=\"true\" xmlns=\"http:\/\/www.w3.org\/2000\/svg\">\n\t\t\t\t\t\t\t\t\t\t\t\t\t\t\t\t<path d=\"M15.4617 0.252159L14.9567 0.75931C14.6219 1.09545 14.6219 1.64048 14.9567 1.97669L27.7062 14.7806H0.857144C0.383786 14.7806 0 15.166 0 15.6414V16.3587C0 16.8341 0.383786 17.2195 0.857144 17.2195H27.7062L14.9567 30.0234C14.6219 30.3595 14.6219 30.9045 14.9567 31.2407L15.4617 31.7479C15.7964 32.084 16.3392 32.084 16.6739 31.7479L31.749 16.6087C32.0837 16.2725 32.0837 15.7275 31.749 15.3913L16.6739 0.252159C16.3392 -0.084053 15.7964 -0.084053 15.4617 0.252159Z\"\/>\n\t\t\t\t\t\t\t\n\t\t\t\t\t\t\t<\/svg>\n\t\t\t\t\t\t<\/div>\n\t\t\t\t\t<\/div>\n\n\t\t\t\t\t<div class=\"c-card__media u-radius-rounded\" style=\" \">\n\t\t\t\t\t\t<img decoding=\"async\" width=\"400\" height=\"600\" src=\"https:\/\/procivitas.se\/wp-content\/uploads\/sites\/8\/2023\/10\/pro-elevkar-uppsala-400x600.jpeg\" class=\"attachment-sm size-sm\" alt=\"Gruppbild, Elevk\u00e5ren Uppsala\" sizes=\"(min-width: 64em) 300px, (min-width: 48em) calc(.50 * (100vw - 224px)), calc(100vw - 160px)\" srcset=\"https:\/\/procivitas.se\/wp-content\/uploads\/sites\/8\/2023\/10\/pro-elevkar-uppsala-400x600.jpeg 400w, https:\/\/procivitas.se\/wp-content\/uploads\/sites\/8\/2023\/10\/pro-elevkar-uppsala-300x450.jpeg 300w, https:\/\/procivitas.se\/wp-content\/uploads\/sites\/8\/2023\/10\/pro-elevkar-uppsala-600x899.jpeg 600w, https:\/\/procivitas.se\/wp-content\/uploads\/sites\/8\/2023\/10\/pro-elevkar-uppsala-800x1199.jpeg 800w, https:\/\/procivitas.se\/wp-content\/uploads\/sites\/8\/2023\/10\/pro-elevkar-uppsala.jpeg 854w\" \/>\n\t\t\t\t\t<\/div>\n\t\t\t\t<\/article>\n\t\t\t<\/li>\n\t\t\t\t\t\t\t\t\t\t\t\t\t\t\t\t\t\n\t\t\t\n\t\t\t\n\t\t\t<li class=\"l-col-6@md l-col-4@lg \" data-filter=\"nyheter november-2023\">\n\t\t\t\t<article class=\"c-card  has-media-zoom  \" data-variant=\"neutral\" data-style=\"square\" data-click-area>\n\t\t\t\t\t<div class=\"c-card__content l-stack l-stack-sm\">\n\n\t\t\t\t\t\t\t\t\t\t\t\t\t<time class=\"c-card__date u-font-small\" datetime=\"2023-11-30\">30 november 2023<\/time>\n\t\t\t\t\t\t\n\t\t\t\t\t\t\t\t\t\t\t\t\t<h3 class=\"c-card__title u-font-title-3\">\n\t\t\t\t\t\t\t\t\t\t\t\t\t\t\t\t\t<a class=\"c-card__link\" href=\"https:\/\/procivitas.se\/uppsala\/nyheter\/lararpris\/\">\n\t\t\t\t\t\t\t\t\t\tFrancis Larsson f\u00e5r l\u00e4rarpris\n\t\t\t\t\t\t\t\t\t<\/a>\n\t\t\t\t\t\t\t\t\t\t\t\t\t\t\t<\/h3>\n\t\t\t\t\t\t\n\t\t\t\t\t\t\t\t\t\t\t\t\t<p class=\"c-card__text l-stack-xs u-font-body\">\n\t\t\t\t\t\t\t\tPedagogiska l\u00e4rarpriset 2023 g\u00e5r till l\u00e4rare fr\u00e5n ProCivitas Uppsala.\n\t\t\t\t\t\t\t<\/p>\n\t\t\t\t\t\t\n\t\t\t\t\t\t\t\t\t\t\t\t\t<ul class=\"c-card__tags l-stack-grow u-list-none u-pt-md\" aria-label=\"Kategorier\">\n\t\t\t\t\t\t\t\t\t\t\t\t\t\t\t\t\t<li><span class=\"c-tag\" data-variant=\"outline\">Nyheter<\/span><\/li>\n\t\t\t\t\t\t\t\t\t\t\t\t\t\t\t<\/ul>\n\t\t\t\t\t\t\n\t\t\t\t\t\t<div class=\"c-card__icon\">\n\t\t\t\t\t\t\t\t\t\t\t\t\t\t<svg class=\"ams-icon ams-icon--arrow-right\" width=\"32\" height=\"32\" viewbox=\"0 0 32 32\" fill=\"currentColor\" aria-hidden=\"true\" xmlns=\"http:\/\/www.w3.org\/2000\/svg\">\n\t\t\t\t\t\t\t\t\t\t\t\t\t\t\t\t<path d=\"M15.4617 0.252159L14.9567 0.75931C14.6219 1.09545 14.6219 1.64048 14.9567 1.97669L27.7062 14.7806H0.857144C0.383786 14.7806 0 15.166 0 15.6414V16.3587C0 16.8341 0.383786 17.2195 0.857144 17.2195H27.7062L14.9567 30.0234C14.6219 30.3595 14.6219 30.9045 14.9567 31.2407L15.4617 31.7479C15.7964 32.084 16.3392 32.084 16.6739 31.7479L31.749 16.6087C32.0837 16.2725 32.0837 15.7275 31.749 15.3913L16.6739 0.252159C16.3392 -0.084053 15.7964 -0.084053 15.4617 0.252159Z\"\/>\n\t\t\t\t\t\t\t\n\t\t\t\t\t\t\t<\/svg>\n\t\t\t\t\t\t<\/div>\n\t\t\t\t\t<\/div>\n\n\t\t\t\t\t<div class=\"c-card__media u-radius-rounded\" style=\" \">\n\t\t\t\t\t\t<img decoding=\"async\" width=\"400\" height=\"313\" src=\"https:\/\/procivitas.se\/wp-content\/uploads\/sites\/8\/2023\/10\/francis-larsson-400x313.jpeg\" class=\"attachment-sm size-sm\" alt=\"Personportr\u00e4tt\" sizes=\"(min-width: 64em) 300px, (min-width: 48em) calc(.50 * (100vw - 224px)), calc(100vw - 160px)\" srcset=\"https:\/\/procivitas.se\/wp-content\/uploads\/sites\/8\/2023\/10\/francis-larsson-400x313.jpeg 400w, https:\/\/procivitas.se\/wp-content\/uploads\/sites\/8\/2023\/10\/francis-larsson-300x235.jpeg 300w, https:\/\/procivitas.se\/wp-content\/uploads\/sites\/8\/2023\/10\/francis-larsson-600x469.jpeg 600w, https:\/\/procivitas.se\/wp-content\/uploads\/sites\/8\/2023\/10\/francis-larsson.jpeg 680w\" \/>\n\t\t\t\t\t<\/div>\n\t\t\t\t<\/article>\n\t\t\t<\/li>\n\t\t\t\t\t\t\t\t\t\t\t\t\t\t\t\t\t\n\t\t\t\n\t\t\t\n\t\t\t<li class=\"l-col-6@md l-col-4@lg \" data-filter=\"elevintervjuer oktober-2023\">\n\t\t\t\t<article class=\"c-card  has-media-zoom  \" data-variant=\"neutral\" data-style=\"square\" data-click-area>\n\t\t\t\t\t<div class=\"c-card__content l-stack l-stack-sm\">\n\n\t\t\t\t\t\t\t\t\t\t\t\t\t<time class=\"c-card__date u-font-small\" datetime=\"2023-10-30\">30 oktober 2023<\/time>\n\t\t\t\t\t\t\n\t\t\t\t\t\t\t\t\t\t\t\t\t<h3 class=\"c-card__title u-font-title-3\">\n\t\t\t\t\t\t\t\t\t\t\t\t\t\t\t\t\t<a class=\"c-card__link\" href=\"https:\/\/procivitas.se\/uppsala\/nyheter\/intervju-med-elevkaren\/\">\n\t\t\t\t\t\t\t\t\t\tLinnea &#8211; sekreterare i elevk\u00e5ren\n\t\t\t\t\t\t\t\t\t<\/a>\n\t\t\t\t\t\t\t\t\t\t\t\t\t\t\t<\/h3>\n\t\t\t\t\t\t\n\t\t\t\t\t\t\t\t\t\t\t\t\t<p class=\"c-card__text l-stack-xs u-font-body\">\n\t\t\t\t\t\t\t\tN\u00e4r Linnea b\u00f6rjade p\u00e5 ProCivitas Uppsala ville hon vara en del av en gemenskap och gick d\u00e5 med i elevk\u00e5ren.\n\t\t\t\t\t\t\t<\/p>\n\t\t\t\t\t\t\n\t\t\t\t\t\t\t\t\t\t\t\t\t<ul class=\"c-card__tags l-stack-grow u-list-none u-pt-md\" aria-label=\"Kategorier\">\n\t\t\t\t\t\t\t\t\t\t\t\t\t\t\t\t\t<li><span class=\"c-tag\" data-variant=\"outline\">Elevintervjuer<\/span><\/li>\n\t\t\t\t\t\t\t\t\t\t\t\t\t\t\t<\/ul>\n\t\t\t\t\t\t\n\t\t\t\t\t\t<div class=\"c-card__icon\">\n\t\t\t\t\t\t\t\t\t\t\t\t\t\t<svg class=\"ams-icon ams-icon--arrow-right\" width=\"32\" height=\"32\" viewbox=\"0 0 32 32\" fill=\"currentColor\" aria-hidden=\"true\" xmlns=\"http:\/\/www.w3.org\/2000\/svg\">\n\t\t\t\t\t\t\t\t\t\t\t\t\t\t\t\t<path d=\"M15.4617 0.252159L14.9567 0.75931C14.6219 1.09545 14.6219 1.64048 14.9567 1.97669L27.7062 14.7806H0.857144C0.383786 14.7806 0 15.166 0 15.6414V16.3587C0 16.8341 0.383786 17.2195 0.857144 17.2195H27.7062L14.9567 30.0234C14.6219 30.3595 14.6219 30.9045 14.9567 31.2407L15.4617 31.7479C15.7964 32.084 16.3392 32.084 16.6739 31.7479L31.749 16.6087C32.0837 16.2725 32.0837 15.7275 31.749 15.3913L16.6739 0.252159C16.3392 -0.084053 15.7964 -0.084053 15.4617 0.252159Z\"\/>\n\t\t\t\t\t\t\t\n\t\t\t\t\t\t\t<\/svg>\n\t\t\t\t\t\t<\/div>\n\t\t\t\t\t<\/div>\n\n\t\t\t\t\t<div class=\"c-card__media u-radius-rounded\" style=\" \">\n\t\t\t\t\t\t<img decoding=\"async\" width=\"400\" height=\"600\" src=\"https:\/\/procivitas.se\/wp-content\/uploads\/sites\/8\/2023\/10\/pro-elevkar-uppsala-400x600.jpeg\" class=\"attachment-sm size-sm\" alt=\"Gruppbild, Elevk\u00e5ren Uppsala\" sizes=\"(min-width: 64em) 300px, (min-width: 48em) calc(.50 * (100vw - 224px)), calc(100vw - 160px)\" srcset=\"https:\/\/procivitas.se\/wp-content\/uploads\/sites\/8\/2023\/10\/pro-elevkar-uppsala-400x600.jpeg 400w, https:\/\/procivitas.se\/wp-content\/uploads\/sites\/8\/2023\/10\/pro-elevkar-uppsala-300x450.jpeg 300w, https:\/\/procivitas.se\/wp-content\/uploads\/sites\/8\/2023\/10\/pro-elevkar-uppsala-600x899.jpeg 600w, https:\/\/procivitas.se\/wp-content\/uploads\/sites\/8\/2023\/10\/pro-elevkar-uppsala-800x1199.jpeg 800w, https:\/\/procivitas.se\/wp-content\/uploads\/sites\/8\/2023\/10\/pro-elevkar-uppsala.jpeg 854w\" \/>\n\t\t\t\t\t<\/div>\n\t\t\t\t<\/article>\n\t\t\t<\/li>\n\t\t\t<\/ul>\n\n\t<div class=\"no-results u-mt-0 u-hide\" data-filter-fallback-id=\"ams-article-list-69f112843dc3c\">\n\t<p>Det finns inga resultat som matchar din filtrering.<\/p>\n<\/div>\n\n\t\n\n\t\t\n\t\t\t<\/div>\n\n\t\t\n\n<\/section>\n","protected":false},"template":"","article_category":[24,5,28],"yoast_head":"<!-- This site is optimized with the Yoast SEO plugin v22.0 - https:\/\/yoast.com\/wordpress\/plugins\/seo\/ -->\n<title>Uppsala<\/title>\n<meta name=\"description\" content=\"Elever p\u00e5 ProCivitas Uppsala kammade hem ett flertalet priser p\u00e5 UF-m\u00e4ssan. Rasmus och Nick ber\u00e4ttar om id\u00e9erna bakom sina UF-f\u00f6retag.\" \/>\n<meta name=\"robots\" content=\"index, follow, max-snippet:-1, max-image-preview:large, max-video-preview:-1\" \/>\n<link rel=\"canonical\" href=\"https:\/\/procivitas.se\/uppsala\/nyheter\/procivitas-uppsalas-vinster-efter-uf-massan\/\" \/>\n<meta property=\"og:locale\" content=\"sv_SE\" \/>\n<meta property=\"og:type\" content=\"article\" \/>\n<meta property=\"og:description\" content=\"Elever p\u00e5 ProCivitas Uppsala kammade hem ett flertalet priser p\u00e5 UF-m\u00e4ssan. Rasmus och Nick ber\u00e4ttar om id\u00e9erna bakom sina UF-f\u00f6retag.\" \/>\n<meta property=\"og:url\" content=\"https:\/\/procivitas.se\/uppsala\/nyheter\/procivitas-uppsalas-vinster-efter-uf-massan\/\" \/>\n<meta property=\"og:site_name\" content=\"Uppsala\" \/>\n<meta property=\"article:modified_time\" content=\"2025-06-10T11:45:36+00:00\" \/>\n<meta name=\"twitter:card\" content=\"summary_large_image\" \/>\n<meta name=\"twitter:description\" content=\"Elever p\u00e5 ProCivitas Uppsala kammade hem ett flertalet priser p\u00e5 UF-m\u00e4ssan. Rasmus och Nick ber\u00e4ttar om id\u00e9erna bakom sina UF-f\u00f6retag.\" \/>\n<meta name=\"twitter:label1\" content=\"Est. reading time\" \/>\n\t<meta name=\"twitter:data1\" content=\"3 minuter\" \/>\n<script type=\"application\/ld+json\" class=\"yoast-schema-graph\">{\"@context\":\"https:\/\/schema.org\",\"@graph\":[{\"@type\":\"WebPage\",\"@id\":\"https:\/\/procivitas.se\/uppsala\/nyheter\/procivitas-uppsalas-vinster-efter-uf-massan\/\",\"url\":\"https:\/\/procivitas.se\/uppsala\/nyheter\/procivitas-uppsalas-vinster-efter-uf-massan\/\",\"name\":\"ProCivitas Uppsalas vinster efter UF-m\u00e4ssan - Uppsala\",\"isPartOf\":{\"@id\":\"https:\/\/procivitas.se\/uppsala\/#website\"},\"datePublished\":\"2024-03-22T12:53:57+00:00\",\"dateModified\":\"2025-06-10T11:45:36+00:00\",\"description\":\"Elever p\u00e5 ProCivitas Uppsala kammade hem ett flertalet priser p\u00e5 UF-m\u00e4ssan. Rasmus och Nick ber\u00e4ttar om id\u00e9erna bakom sina UF-f\u00f6retag.\",\"breadcrumb\":{\"@id\":\"https:\/\/procivitas.se\/uppsala\/nyheter\/procivitas-uppsalas-vinster-efter-uf-massan\/#breadcrumb\"},\"inLanguage\":\"sv-SE\",\"potentialAction\":[{\"@type\":\"ReadAction\",\"target\":[\"https:\/\/procivitas.se\/uppsala\/nyheter\/procivitas-uppsalas-vinster-efter-uf-massan\/\"]}]},{\"@type\":\"BreadcrumbList\",\"@id\":\"https:\/\/procivitas.se\/uppsala\/nyheter\/procivitas-uppsalas-vinster-efter-uf-massan\/#breadcrumb\",\"itemListElement\":[{\"@type\":\"ListItem\",\"position\":1,\"name\":\"Start\",\"item\":\"https:\/\/procivitas.se\/uppsala\"},{\"@type\":\"ListItem\",\"position\":2,\"name\":\"Nyheter\"}]},{\"@type\":\"WebSite\",\"@id\":\"https:\/\/procivitas.se\/uppsala\/#website\",\"url\":\"https:\/\/procivitas.se\/uppsala\/\",\"name\":\"Uppsala\",\"description\":\"Just another WordPress site\",\"potentialAction\":[{\"@type\":\"SearchAction\",\"target\":{\"@type\":\"EntryPoint\",\"urlTemplate\":\"https:\/\/procivitas.se\/uppsala\/?s={search_term_string}\"},\"query-input\":\"required name=search_term_string\"}],\"inLanguage\":\"sv-SE\"}]}<\/script>\n<!-- \/ Yoast SEO plugin. -->","yoast_head_json":{"title":"Uppsala","description":"Elever p\u00e5 ProCivitas Uppsala kammade hem ett flertalet priser p\u00e5 UF-m\u00e4ssan. Rasmus och Nick ber\u00e4ttar om id\u00e9erna bakom sina UF-f\u00f6retag.","robots":{"index":"index","follow":"follow","max-snippet":"max-snippet:-1","max-image-preview":"max-image-preview:large","max-video-preview":"max-video-preview:-1"},"canonical":"https:\/\/procivitas.se\/uppsala\/nyheter\/procivitas-uppsalas-vinster-efter-uf-massan\/","og_locale":"sv_SE","og_type":"article","og_description":"Elever p\u00e5 ProCivitas Uppsala kammade hem ett flertalet priser p\u00e5 UF-m\u00e4ssan. Rasmus och Nick ber\u00e4ttar om id\u00e9erna bakom sina UF-f\u00f6retag.","og_url":"https:\/\/procivitas.se\/uppsala\/nyheter\/procivitas-uppsalas-vinster-efter-uf-massan\/","og_site_name":"Uppsala","article_modified_time":"2025-06-10T11:45:36+00:00","twitter_card":"summary_large_image","twitter_description":"Elever p\u00e5 ProCivitas Uppsala kammade hem ett flertalet priser p\u00e5 UF-m\u00e4ssan. Rasmus och Nick ber\u00e4ttar om id\u00e9erna bakom sina UF-f\u00f6retag.","twitter_misc":{"Est. reading time":"3 minuter"},"schema":{"@context":"https:\/\/schema.org","@graph":[{"@type":"WebPage","@id":"https:\/\/procivitas.se\/uppsala\/nyheter\/procivitas-uppsalas-vinster-efter-uf-massan\/","url":"https:\/\/procivitas.se\/uppsala\/nyheter\/procivitas-uppsalas-vinster-efter-uf-massan\/","name":"ProCivitas Uppsalas vinster efter UF-m\u00e4ssan - Uppsala","isPartOf":{"@id":"https:\/\/procivitas.se\/uppsala\/#website"},"datePublished":"2024-03-22T12:53:57+00:00","dateModified":"2025-06-10T11:45:36+00:00","description":"Elever p\u00e5 ProCivitas Uppsala kammade hem ett flertalet priser p\u00e5 UF-m\u00e4ssan. Rasmus och Nick ber\u00e4ttar om id\u00e9erna bakom sina UF-f\u00f6retag.","breadcrumb":{"@id":"https:\/\/procivitas.se\/uppsala\/nyheter\/procivitas-uppsalas-vinster-efter-uf-massan\/#breadcrumb"},"inLanguage":"sv-SE","potentialAction":[{"@type":"ReadAction","target":["https:\/\/procivitas.se\/uppsala\/nyheter\/procivitas-uppsalas-vinster-efter-uf-massan\/"]}]},{"@type":"BreadcrumbList","@id":"https:\/\/procivitas.se\/uppsala\/nyheter\/procivitas-uppsalas-vinster-efter-uf-massan\/#breadcrumb","itemListElement":[{"@type":"ListItem","position":1,"name":"Start","item":"https:\/\/procivitas.se\/uppsala"},{"@type":"ListItem","position":2,"name":"Nyheter"}]},{"@type":"WebSite","@id":"https:\/\/procivitas.se\/uppsala\/#website","url":"https:\/\/procivitas.se\/uppsala\/","name":"Uppsala","description":"Just another WordPress site","potentialAction":[{"@type":"SearchAction","target":{"@type":"EntryPoint","urlTemplate":"https:\/\/procivitas.se\/uppsala\/?s={search_term_string}"},"query-input":"required name=search_term_string"}],"inLanguage":"sv-SE"}]}},"_links":{"self":[{"href":"https:\/\/procivitas.se\/uppsala\/wp-json\/wp\/v2\/article\/2750"}],"collection":[{"href":"https:\/\/procivitas.se\/uppsala\/wp-json\/wp\/v2\/article"}],"about":[{"href":"https:\/\/procivitas.se\/uppsala\/wp-json\/wp\/v2\/types\/article"}],"wp:attachment":[{"href":"https:\/\/procivitas.se\/uppsala\/wp-json\/wp\/v2\/media?parent=2750"}],"wp:term":[{"taxonomy":"article_category","embeddable":true,"href":"https:\/\/procivitas.se\/uppsala\/wp-json\/wp\/v2\/article_category?post=2750"}],"curies":[{"name":"wp","href":"https:\/\/api.w.org\/{rel}","templated":true}]}}