{"id":3205,"date":"2026-02-10T08:54:48","date_gmt":"2026-02-10T07:54:48","guid":{"rendered":"https:\/\/procivitas.se\/uppsala\/?post_type=article&#038;p=3205"},"modified":"2026-04-09T14:15:12","modified_gmt":"2026-04-09T12:15:12","slug":"nyheter","status":"publish","type":"article","link":"https:\/\/procivitas.se\/uppsala\/nyheter\/nyheter\/","title":{"rendered":"Amal har g\u00e5tt vidare till final i Unga forskare!"},"content":{"rendered":"\n\t\n\t\n\t\n\n\t\n\t\n\t\t\n<section  class=\"c-block l-stacked  \" data-color-scheme=\"blue\">\n\t<div class=\"ams-fifty ams-fifty--container ams-fifty--right ams-fifty--bottom l-container u-pt-fluid-3xl-6xl u-pb-fluid-3xl-6xl\">\n\t\t<div class=\"ams-fifty__content l-stack l-stack-xl is-left is-left@lg\">\n\t\t\t<div class=\"ams-fifty__text l-stack l-stack-lg\">\n\t\t\t\t\t\n\t<h1\n\tclass=\"c-heading u-font-title-1 \"\n\tstyle=\"\">\n\t\t\n\t\t\t\t\tAmal har g\u00e5tt vidare till final i Unga forskare!\n\t\t\t\t\n\t<\/h1>\n\n\t\t\t\t\t\t\t\t\t<div class=\"text l-stack u-font-body\">\n\t\t\t\t\t\t<p data-start=\"90\" data-end=\"182\">Stort grattis till v\u00e5r elev Amal\u00a0som har g\u00e5tt vidare till final i Unga forskare!<\/p>\n\n\t\t\t\t\t<\/div>\n\t\t\t\t\t\t\t<\/div>\n\n\t\t\t\t\t<\/div>\n\n\t\t <div class=\"ams-fifty__media u-ratio-landscape\">\n\t\t \t\t\t\t\t<img decoding=\"async\" width=\"600\" height=\"800\" src=\"https:\/\/procivitas.se\/wp-content\/uploads\/sites\/8\/2026\/02\/image000000-1-600x800.jpg\" class=\"attachment-md size-md\" alt=\"\" sizes=\"(min-width: 64em) 600px, calc(100vw - 160px)\" srcset=\"https:\/\/procivitas.se\/wp-content\/uploads\/sites\/8\/2026\/02\/image000000-1-600x800.jpg 600w, https:\/\/procivitas.se\/wp-content\/uploads\/sites\/8\/2026\/02\/image000000-1-300x400.jpg 300w, https:\/\/procivitas.se\/wp-content\/uploads\/sites\/8\/2026\/02\/image000000-1-400x533.jpg 400w, https:\/\/procivitas.se\/wp-content\/uploads\/sites\/8\/2026\/02\/image000000-1-800x1067.jpg 800w, https:\/\/procivitas.se\/wp-content\/uploads\/sites\/8\/2026\/02\/image000000-1-1024x1365.jpg 1024w, https:\/\/procivitas.se\/wp-content\/uploads\/sites\/8\/2026\/02\/image000000-1.jpg 1200w\" \/>\n\t\t\t\n\t\t\t\n\t\t\t\t\t<\/div>\n\t<\/div>\n\n\t\t\n\n<\/section>\n\n\n\n<div class=\"wp-block-columns is-layout-flex wp-container-core-columns-layout-1 wp-block-columns-is-layout-flex\">\n<div class=\"wp-block-column is-layout-flow wp-block-column-is-layout-flow\" style=\"flex-basis:15%\"><\/div>\n\n\n\n<div class=\"wp-block-column is-layout-flow wp-block-column-is-layout-flow\" style=\"flex-basis:70%\">\n<h2 class=\"wp-block-heading\">Vidare till final i Sveriges st\u00f6rsta vetenskapsm\u00e4ssa<\/h2>\n\n\n\n<p>Utst\u00e4llningen Unga Forskare \u00e4r Sveriges st\u00f6rsta vetenskapsm\u00e4ssa och t\u00e4vling f\u00f6r gymnasieprojekt inom naturvetenskap, teknik och matematik. Det \u00e4r en m\u00f6jlighet f\u00f6r elever att n\u00e5 l\u00e4ngre och att lyckas med sitt gymnasiearbete. Amal l\u00e4ser sista \u00e5ret p\u00e5 naturvetenskapsprogrammet och har g\u00e5tt vidare till final med sitt arbete.<\/p>\n\n\n\n<h2 class=\"wp-block-heading\">Kan du ber\u00e4tta om ditt projekt och vad som inspirerade dig att v\u00e4lja just det \u00e4mnet?<\/h2>\n\n\n\n<p>Jag har byggt egna f\u00e4rg\u00e4mnessensiterade solceller och testat pigment fr\u00e5n bl\u00e5b\u00e4r, spenat och kiseldioxid som kontroll som applicerades som ljusabsorberande lager. Syftet var att se hur naturliga f\u00e4rg\u00e4mnen kan ers\u00e4tta kisel i solceller och bidra till mer milj\u00f6v\u00e4nlig solcellsteknik. Genom att m\u00e4ta sp\u00e4nning, str\u00f6m och verkningsgrad har jag j\u00e4mf\u00f6rt hur effektiva de olika pigmenten \u00e4r ur h\u00e5llbarhetssynpunkt.<br><em><br><\/em>Jag har alltid varit intresserad av b\u00e5de naturvetenskap och samh\u00e4llsfr\u00e5gor, s\u00e4rskilt klimat och h\u00e5llbar utveckling. N\u00e4r jag uppt\u00e4ckte f\u00e4rg\u00e4mnessensiterade solceller tyckte jag att det var fascinerande att man kunde anv\u00e4nda naturliga \u00e4mnen som pigment fr\u00e5n v\u00e4xter f\u00f6r att producera elektricitet. Det k\u00e4ndes som en perfekt kombination av kemi, fysik, biologi och milj\u00f6vetenskap, samtidigt som projektet har tydlig koppling till Agenda 2030 och framtidens energil\u00f6sningar.<\/p>\n\n\n\n<h2 class=\"wp-block-heading\">Hur har arbetet med ditt gymnasiearbete utvecklats fr\u00e5n id\u00e9 till f\u00e4rdigt resultat?<\/h2>\n\n\n\n<p>Arbetet b\u00f6rjade med en id\u00e9 om att naturliga v\u00e4xtpigment kan anv\u00e4ndas i solceller som ett mer h\u00e5llbart alternativ. D\u00e4refter gjorde jag litteraturstudier, av Uppsala Universietets f\u00f6rel\u00e4sningar om hur molekylorbitalteori &amp; valensbindningsteori kan appliceras som bakgrundsteori till detta arbete. Jag planerade metoden och utf\u00f6rde en riskanalys. Jag uppt\u00e4ckte att titanoxidpasta var ganska farlig att g\u00f6ra i skol-labb, d\u00e4rf\u00f6r kontaktade jag professor Gerrit Boschlooo p\u00e5 \u00c5ngstr\u00f6mslaboratoriet, som \u00e4r expert inom denna typ av solcellsteknik. D\u00e4refter fick jag g\u00f6ra det p\u00e5 en riktig forskarlabb, som var j\u00e4ttekul!<br><br>Slutligen analyserade jag resultaten genom att j\u00e4mf\u00f6ra verkningsgrad, sp\u00e4nning och str\u00f6m f\u00f6r olika pigment, vilket visade att bl\u00e5b\u00e4r gav b\u00e4st prestanda, vilket eventuellt st\u00e4mde med hypotesen och deras molekyl\u00e4ra struktur.<\/p>\n\n\n\n<h2 class=\"wp-block-heading\">Hur k\u00e4ndes det n\u00e4r du fick beskedet att du g\u00e5tt vidare till semifinal och sedan final i Unga Forskare?<\/h2>\n\n\n\n<p>N\u00e4r jag fick beskedet att jag hade g\u00e5tt vidare till semifinal i Unga Forskare k\u00e4ndes det helt fantastiskt och v\u00e4ldigt overkligt. Jag blev b\u00e5de stolt och tacksam eftersom jag har lagt ner mycket tid, energi och engagemang i projektet. Att f\u00e5 ett s\u00e5dant erk\u00e4nnande, bekr\u00e4ftande att allt h\u00e5rt arbete verkligen var v\u00e4rt, gav mig \u00e4nnu st\u00f6rre motivation att forts\u00e4tta utvecklas inom naturvetenskap och forskning.<\/p>\n\n\n\n<h2 class=\"wp-block-heading\">Vad betyder den h\u00e4r utm\u00e4rkelsen f\u00f6r dig och dina framtida studier eller karri\u00e4rplaner?<\/h2>\n\n\n\n<p>Den h\u00e4r utm\u00e4rkelsen betyder v\u00e4ldigt mycket f\u00f6r mig, framf\u00f6r allt p\u00e5 ett personligt plan. Den har gjort att jag litar mer p\u00e5 mig sj\u00e4lv, mina kunskaper, och min f\u00f6rm\u00e5ga att ta mig an stora utmaningar. Jag har f\u00e5tt ett starkare sj\u00e4lvf\u00f6rtroende och v\u00e5gar nu sikta h\u00f6gre, b\u00e5de akademiskt och karri\u00e4rm\u00e4ssigt. Det har ocks\u00e5 bekr\u00e4ftat att jag \u00e4r p\u00e5 r\u00e4tt v\u00e4g inom naturvetenskap och forskning, vilket har st\u00e4rkt min motivation att forts\u00e4tta studera vidare inom fysiskalisk kemi, farmaci eller n\u00e4rliggande omr\u00e5den. P\u00e5 l\u00e4ngre sikt vill jag arbeta med forskning och utveckling, s\u00e4rskilt inom h\u00e5llbarhet och medicin, d\u00e4r jag kan bidra till samh\u00e4llsnytta.<\/p>\n<\/div>\n\n\n\n<div class=\"wp-block-column is-layout-flow wp-block-column-is-layout-flow\" style=\"flex-basis:15%\"><\/div>\n<\/div>\n\n\n\n\n\n<section  class=\"ams-article c-block l-stacked heading-decor js-load-more\" data-color-scheme=\"cards\" data-count=\"3\" data-count-mobile=\"2\">\n\t<div class=\"l-container l-stack l-stack-fluid-2xl u-pt-fluid-Ingen u-pb-fluid-3xl-6xl is-center is-center@md\">\n\t\t\t\t\t<div class=\"ams-article__intro l-stack l-stack-lg\">\n\t\t\t\t\t\n\t<h2\n\tclass=\"c-heading u-font-title-1 \"\n\tstyle=\"\">\n\t\t\n\t\t\t\t\tFler artiklar\n\t\t\t\t\n\t<\/h2>\n\n\t\t\t\t\t\t\t<\/div>\n\t\t\n\t\t\t\n\t    \n\t\n\t<ul id=\"ams-article-list-69f5487578e93\" class=\"ams-article__list l-grid u-gap-2xl u-justify-center js-results \" aria-label=\"Artiklar\" data-filter-animation=\"off\">\n\t\t\t\t\t\t\t\t\t\t\t\t\t\t\t\t\t\n\t\t\t\n\t\t\t\n\t\t\t<li class=\"l-col-6@md l-col-4@lg \" data-filter=\"natur nyheter april-2026\">\n\t\t\t\t<article class=\"c-card  has-media-zoom has-media-overlay \" data-variant=\"neutral\" data-style=\"square\" data-click-area>\n\t\t\t\t\t<div class=\"c-card__content l-stack l-stack-sm\">\n\n\t\t\t\t\t\t\t\t\t\t\t\t\t<time class=\"c-card__date u-font-small\" datetime=\"2026-04-07\">7 april 2026<\/time>\n\t\t\t\t\t\t\n\t\t\t\t\t\t\t\t\t\t\t\t\t<h3 class=\"c-card__title u-font-title-3\">\n\t\t\t\t\t\t\t\t\t\t\t\t\t\t\t\t\t<a class=\"c-card__link\" href=\"https:\/\/procivitas.se\/uppsala\/nyheter\/cern-satsning-pa-procivitas-uppsala\/\">\n\t\t\t\t\t\t\t\t\t\t\u00c5tta elever f\u00e5r resa till CERN\n\t\t\t\t\t\t\t\t\t<\/a>\n\t\t\t\t\t\t\t\t\t\t\t\t\t\t\t<\/h3>\n\t\t\t\t\t\t\n\t\t\t\t\t\t\t\t\t\t\t\t\t<p class=\"c-card__text l-stack-xs u-font-body\">\n\t\t\t\t\t\t\t\tI \u00e5r f\u00e5r \u00e5tta elever p\u00e5 Naturvetenskapsprogrammet en s\u00e4rskild chans \u2013 att resa till CERN i Gen\u00e8ve och uppleva forskning i v\u00e4rldsklass p\u00e5 n\u00e4ra h\u00e5ll.\n\t\t\t\t\t\t\t<\/p>\n\t\t\t\t\t\t\n\t\t\t\t\t\t\t\t\t\t\t\t\t<ul class=\"c-card__tags l-stack-grow u-list-none u-pt-md\" aria-label=\"Kategorier\">\n\t\t\t\t\t\t\t\t\t\t\t\t\t\t\t\t\t<li><span class=\"c-tag\" data-variant=\"outline\">Natur<\/span><\/li>\n\t\t\t\t\t\t\t\t\t\t\t\t\t\t\t\t\t<li><span class=\"c-tag\" data-variant=\"outline\">Nyheter<\/span><\/li>\n\t\t\t\t\t\t\t\t\t\t\t\t\t\t\t<\/ul>\n\t\t\t\t\t\t\n\t\t\t\t\t\t<div class=\"c-card__icon\">\n\t\t\t\t\t\t\t\t\t\t\t\t\t\t<svg class=\"ams-icon ams-icon--arrow-right\" width=\"32\" height=\"32\" viewbox=\"0 0 32 32\" fill=\"currentColor\" aria-hidden=\"true\" xmlns=\"http:\/\/www.w3.org\/2000\/svg\">\n\t\t\t\t\t\t\t\t\t\t\t\t\t\t\t\t<path d=\"M15.4617 0.252159L14.9567 0.75931C14.6219 1.09545 14.6219 1.64048 14.9567 1.97669L27.7062 14.7806H0.857144C0.383786 14.7806 0 15.166 0 15.6414V16.3587C0 16.8341 0.383786 17.2195 0.857144 17.2195H27.7062L14.9567 30.0234C14.6219 30.3595 14.6219 30.9045 14.9567 31.2407L15.4617 31.7479C15.7964 32.084 16.3392 32.084 16.6739 31.7479L31.749 16.6087C32.0837 16.2725 32.0837 15.7275 31.749 15.3913L16.6739 0.252159C16.3392 -0.084053 15.7964 -0.084053 15.4617 0.252159Z\"\/>\n\t\t\t\t\t\t\t\n\t\t\t\t\t\t\t<\/svg>\n\t\t\t\t\t\t<\/div>\n\t\t\t\t\t<\/div>\n\n\t\t\t\t\t<div class=\"c-card__media u-radius-rounded\" style=\" --overlay-bg-hover: rgba(8,22,43,0.4);\">\n\t\t\t\t\t\t<img decoding=\"async\" width=\"400\" height=\"242\" src=\"https:\/\/procivitas.se\/wp-content\/uploads\/sites\/8\/2026\/04\/harda-punkter-infor-cern-e1775565725219-400x242.jpg\" class=\"attachment-sm size-sm\" alt=\"\" sizes=\"(min-width: 64em) 300px, (min-width: 48em) calc(.50 * (100vw - 224px)), calc(100vw - 160px)\" srcset=\"https:\/\/procivitas.se\/wp-content\/uploads\/sites\/8\/2026\/04\/harda-punkter-infor-cern-e1775565725219-400x242.jpg 400w, https:\/\/procivitas.se\/wp-content\/uploads\/sites\/8\/2026\/04\/harda-punkter-infor-cern-e1775565725219-300x182.jpg 300w, https:\/\/procivitas.se\/wp-content\/uploads\/sites\/8\/2026\/04\/harda-punkter-infor-cern-e1775565725219-600x364.jpg 600w, https:\/\/procivitas.se\/wp-content\/uploads\/sites\/8\/2026\/04\/harda-punkter-infor-cern-e1775565725219-800x485.jpg 800w, https:\/\/procivitas.se\/wp-content\/uploads\/sites\/8\/2026\/04\/harda-punkter-infor-cern-e1775565725219.jpg 891w\" \/>\n\t\t\t\t\t<\/div>\n\t\t\t\t<\/article>\n\t\t\t<\/li>\n\t\t\t\t\t\t\t\t\t\t\t\t\t\t\t\t\t\n\t\t\t\n\t\t\t\n\t\t\t<li class=\"l-col-6@md l-col-4@lg \" data-filter=\"ekonomi nyheter samhall mars-2026\">\n\t\t\t\t<article class=\"c-card  has-media-zoom has-media-overlay \" data-variant=\"neutral\" data-style=\"square\" data-click-area>\n\t\t\t\t\t<div class=\"c-card__content l-stack l-stack-sm\">\n\n\t\t\t\t\t\t\t\t\t\t\t\t\t<time class=\"c-card__date u-font-small\" datetime=\"2026-03-12\">12 mars 2026<\/time>\n\t\t\t\t\t\t\n\t\t\t\t\t\t\t\t\t\t\t\t\t<h3 class=\"c-card__title u-font-title-3\">\n\t\t\t\t\t\t\t\t\t\t\t\t\t\t\t\t\t<a class=\"c-card__link\" href=\"https:\/\/procivitas.se\/uppsala\/nyheter\/juridikfinal\/\">\n\t\t\t\t\t\t\t\t\t\tJuridikfinal\n\t\t\t\t\t\t\t\t\t<\/a>\n\t\t\t\t\t\t\t\t\t\t\t\t\t\t\t<\/h3>\n\t\t\t\t\t\t\n\t\t\t\t\t\t\t\t\t\t\t\t\t<p class=\"c-card__text l-stack-xs u-font-body\">\n\t\t\t\t\t\t\t\tUtifr\u00e5n drygt 200 anm\u00e4lda lag har v\u00e5ra elever kvalificerat sig som en av de fyra b\u00e4sta i landet och ska d\u00e4rmed f\u00e5 t\u00e4vla i den stora finalen senare i v\u00e5r!\r\n\n\t\t\t\t\t\t\t<\/p>\n\t\t\t\t\t\t\n\t\t\t\t\t\t\t\t\t\t\t\t\t<ul class=\"c-card__tags l-stack-grow u-list-none u-pt-md\" aria-label=\"Kategorier\">\n\t\t\t\t\t\t\t\t\t\t\t\t\t\t\t\t\t<li><span class=\"c-tag\" data-variant=\"outline\">Ekonomi<\/span><\/li>\n\t\t\t\t\t\t\t\t\t\t\t\t\t\t\t\t\t<li><span class=\"c-tag\" data-variant=\"outline\">Nyheter<\/span><\/li>\n\t\t\t\t\t\t\t\t\t\t\t\t\t\t\t\t\t<li><span class=\"c-tag\" data-variant=\"outline\">Samh\u00e4ll<\/span><\/li>\n\t\t\t\t\t\t\t\t\t\t\t\t\t\t\t<\/ul>\n\t\t\t\t\t\t\n\t\t\t\t\t\t<div class=\"c-card__icon\">\n\t\t\t\t\t\t\t\t\t\t\t\t\t\t<svg class=\"ams-icon ams-icon--arrow-right\" width=\"32\" height=\"32\" viewbox=\"0 0 32 32\" fill=\"currentColor\" aria-hidden=\"true\" xmlns=\"http:\/\/www.w3.org\/2000\/svg\">\n\t\t\t\t\t\t\t\t\t\t\t\t\t\t\t\t<path d=\"M15.4617 0.252159L14.9567 0.75931C14.6219 1.09545 14.6219 1.64048 14.9567 1.97669L27.7062 14.7806H0.857144C0.383786 14.7806 0 15.166 0 15.6414V16.3587C0 16.8341 0.383786 17.2195 0.857144 17.2195H27.7062L14.9567 30.0234C14.6219 30.3595 14.6219 30.9045 14.9567 31.2407L15.4617 31.7479C15.7964 32.084 16.3392 32.084 16.6739 31.7479L31.749 16.6087C32.0837 16.2725 32.0837 15.7275 31.749 15.3913L16.6739 0.252159C16.3392 -0.084053 15.7964 -0.084053 15.4617 0.252159Z\"\/>\n\t\t\t\t\t\t\t\n\t\t\t\t\t\t\t<\/svg>\n\t\t\t\t\t\t<\/div>\n\t\t\t\t\t<\/div>\n\n\t\t\t\t\t<div class=\"c-card__media u-radius-rounded\" style=\" --overlay-bg-hover: rgba(8,22,43,0.4);\">\n\t\t\t\t\t\t<img decoding=\"async\" width=\"400\" height=\"500\" src=\"https:\/\/procivitas.se\/wp-content\/uploads\/sites\/8\/2026\/03\/123-anywhere-st-any-city-2-400x500.png\" class=\"attachment-sm size-sm\" alt=\"\" sizes=\"(min-width: 64em) 300px, (min-width: 48em) calc(.50 * (100vw - 224px)), calc(100vw - 160px)\" srcset=\"https:\/\/procivitas.se\/wp-content\/uploads\/sites\/8\/2026\/03\/123-anywhere-st-any-city-2-400x500.png 400w, https:\/\/procivitas.se\/wp-content\/uploads\/sites\/8\/2026\/03\/123-anywhere-st-any-city-2-300x375.png 300w, https:\/\/procivitas.se\/wp-content\/uploads\/sites\/8\/2026\/03\/123-anywhere-st-any-city-2-600x750.png 600w, https:\/\/procivitas.se\/wp-content\/uploads\/sites\/8\/2026\/03\/123-anywhere-st-any-city-2-800x1000.png 800w, https:\/\/procivitas.se\/wp-content\/uploads\/sites\/8\/2026\/03\/123-anywhere-st-any-city-2-1024x1280.png 1024w, https:\/\/procivitas.se\/wp-content\/uploads\/sites\/8\/2026\/03\/123-anywhere-st-any-city-2.png 1080w\" \/>\n\t\t\t\t\t<\/div>\n\t\t\t\t<\/article>\n\t\t\t<\/li>\n\t\t\t\t\t\t\t\t\t\t\t\t\t\t\t\t\t\n\t\t\t\n\t\t\t\n\t\t\t<li class=\"l-col-6@md l-col-4@lg \" data-filter=\"alumner natur ung-foretagsamhet mars-2026\">\n\t\t\t\t<article class=\"c-card  has-media-zoom has-media-overlay \" data-variant=\"neutral\" data-style=\"square\" data-click-area>\n\t\t\t\t\t<div class=\"c-card__content l-stack l-stack-sm\">\n\n\t\t\t\t\t\t\t\t\t\t\t\t\t<time class=\"c-card__date u-font-small\" datetime=\"2026-03-05\">5 mars 2026<\/time>\n\t\t\t\t\t\t\n\t\t\t\t\t\t\t\t\t\t\t\t\t<h3 class=\"c-card__title u-font-title-3\">\n\t\t\t\t\t\t\t\t\t\t\t\t\t\t\t\t\t<a class=\"c-card__link\" href=\"https:\/\/procivitas.se\/uppsala\/nyheter\/top-3-arets-unga-entreprenor\/\">\n\t\t\t\t\t\t\t\t\t\tTopp 3 \u00c5rets Unga Entrepren\u00f6r!\u00a0\n\t\t\t\t\t\t\t\t\t<\/a>\n\t\t\t\t\t\t\t\t\t\t\t\t\t\t\t<\/h3>\n\t\t\t\t\t\t\n\t\t\t\t\t\t\t\t\t\t\t\t\t<p class=\"c-card__text l-stack-xs u-font-body\">\n\t\t\t\t\t\t\t\tStort grattis till v\u00e5r elev Ava \u2013 vidare till topp 3 i \u00c5rets Unga Entrepren\u00f6r 2026!\n\t\t\t\t\t\t\t<\/p>\n\t\t\t\t\t\t\n\t\t\t\t\t\t\t\t\t\t\t\t\t<ul class=\"c-card__tags l-stack-grow u-list-none u-pt-md\" aria-label=\"Kategorier\">\n\t\t\t\t\t\t\t\t\t\t\t\t\t\t\t\t\t<li><span class=\"c-tag\" data-variant=\"outline\">Alumner<\/span><\/li>\n\t\t\t\t\t\t\t\t\t\t\t\t\t\t\t\t\t<li><span class=\"c-tag\" data-variant=\"outline\">Natur<\/span><\/li>\n\t\t\t\t\t\t\t\t\t\t\t\t\t\t\t\t\t<li><span class=\"c-tag\" data-variant=\"outline\">Ung f\u00f6retagsamhet<\/span><\/li>\n\t\t\t\t\t\t\t\t\t\t\t\t\t\t\t<\/ul>\n\t\t\t\t\t\t\n\t\t\t\t\t\t<div class=\"c-card__icon\">\n\t\t\t\t\t\t\t\t\t\t\t\t\t\t<svg class=\"ams-icon ams-icon--arrow-right\" width=\"32\" height=\"32\" viewbox=\"0 0 32 32\" fill=\"currentColor\" aria-hidden=\"true\" xmlns=\"http:\/\/www.w3.org\/2000\/svg\">\n\t\t\t\t\t\t\t\t\t\t\t\t\t\t\t\t<path d=\"M15.4617 0.252159L14.9567 0.75931C14.6219 1.09545 14.6219 1.64048 14.9567 1.97669L27.7062 14.7806H0.857144C0.383786 14.7806 0 15.166 0 15.6414V16.3587C0 16.8341 0.383786 17.2195 0.857144 17.2195H27.7062L14.9567 30.0234C14.6219 30.3595 14.6219 30.9045 14.9567 31.2407L15.4617 31.7479C15.7964 32.084 16.3392 32.084 16.6739 31.7479L31.749 16.6087C32.0837 16.2725 32.0837 15.7275 31.749 15.3913L16.6739 0.252159C16.3392 -0.084053 15.7964 -0.084053 15.4617 0.252159Z\"\/>\n\t\t\t\t\t\t\t\n\t\t\t\t\t\t\t<\/svg>\n\t\t\t\t\t\t<\/div>\n\t\t\t\t\t<\/div>\n\n\t\t\t\t\t<div class=\"c-card__media u-radius-rounded\" style=\" --overlay-bg-hover: rgba(8,22,43,0.4);\">\n\t\t\t\t\t\t<img decoding=\"async\" width=\"400\" height=\"432\" src=\"https:\/\/procivitas.se\/wp-content\/uploads\/sites\/8\/2026\/03\/123-anywhere-st-any-city-e1773323664178-400x432.png\" class=\"attachment-sm size-sm\" alt=\"\" sizes=\"(min-width: 64em) 300px, (min-width: 48em) calc(.50 * (100vw - 224px)), calc(100vw - 160px)\" srcset=\"https:\/\/procivitas.se\/wp-content\/uploads\/sites\/8\/2026\/03\/123-anywhere-st-any-city-e1773323664178-400x432.png 400w, https:\/\/procivitas.se\/wp-content\/uploads\/sites\/8\/2026\/03\/123-anywhere-st-any-city-e1773323664178-300x324.png 300w, https:\/\/procivitas.se\/wp-content\/uploads\/sites\/8\/2026\/03\/123-anywhere-st-any-city-e1773323664178-600x648.png 600w, https:\/\/procivitas.se\/wp-content\/uploads\/sites\/8\/2026\/03\/123-anywhere-st-any-city-e1773323664178-800x864.png 800w, https:\/\/procivitas.se\/wp-content\/uploads\/sites\/8\/2026\/03\/123-anywhere-st-any-city-e1773323664178.png 1001w\" \/>\n\t\t\t\t\t<\/div>\n\t\t\t\t<\/article>\n\t\t\t<\/li>\n\t\t\t\t\t\t\t\t\t\t\t\t\t\t\t\t\t\n\t\t\t\n\t\t\t\n\t\t\t<li class=\"l-col-6@md l-col-4@lg \" data-filter=\"elevintervjuer natur nyheter februari-2026\">\n\t\t\t\t<article class=\"c-card  has-media-zoom has-media-overlay \" data-variant=\"neutral\" data-style=\"square\" data-click-area>\n\t\t\t\t\t<div class=\"c-card__content l-stack l-stack-sm\">\n\n\t\t\t\t\t\t\t\t\t\t\t\t\t<time class=\"c-card__date u-font-small\" datetime=\"2026-02-10\">10 februari 2026<\/time>\n\t\t\t\t\t\t\n\t\t\t\t\t\t\t\t\t\t\t\t\t<h3 class=\"c-card__title u-font-title-3\">\n\t\t\t\t\t\t\t\t\t\t\t\t\t\t\t\t\t<a class=\"c-card__link\" href=\"https:\/\/procivitas.se\/uppsala\/nyheter\/nyheter\/\">\n\t\t\t\t\t\t\t\t\t\tAmal har g\u00e5tt vidare till final i Unga forskare!\n\t\t\t\t\t\t\t\t\t<\/a>\n\t\t\t\t\t\t\t\t\t\t\t\t\t\t\t<\/h3>\n\t\t\t\t\t\t\n\t\t\t\t\t\t\t\t\t\t\t\t\t<p class=\"c-card__text l-stack-xs u-font-body\">\n\t\t\t\t\t\t\t\tStort grattis till v\u00e5r elev Amal som har g\u00e5tt vidare till final i Unga forskare!\n\t\t\t\t\t\t\t<\/p>\n\t\t\t\t\t\t\n\t\t\t\t\t\t\t\t\t\t\t\t\t<ul class=\"c-card__tags l-stack-grow u-list-none u-pt-md\" aria-label=\"Kategorier\">\n\t\t\t\t\t\t\t\t\t\t\t\t\t\t\t\t\t<li><span class=\"c-tag\" data-variant=\"outline\">Elevintervjuer<\/span><\/li>\n\t\t\t\t\t\t\t\t\t\t\t\t\t\t\t\t\t<li><span class=\"c-tag\" data-variant=\"outline\">Natur<\/span><\/li>\n\t\t\t\t\t\t\t\t\t\t\t\t\t\t\t\t\t<li><span class=\"c-tag\" data-variant=\"outline\">Nyheter<\/span><\/li>\n\t\t\t\t\t\t\t\t\t\t\t\t\t\t\t<\/ul>\n\t\t\t\t\t\t\n\t\t\t\t\t\t<div class=\"c-card__icon\">\n\t\t\t\t\t\t\t\t\t\t\t\t\t\t<svg class=\"ams-icon ams-icon--arrow-right\" width=\"32\" height=\"32\" viewbox=\"0 0 32 32\" fill=\"currentColor\" aria-hidden=\"true\" xmlns=\"http:\/\/www.w3.org\/2000\/svg\">\n\t\t\t\t\t\t\t\t\t\t\t\t\t\t\t\t<path d=\"M15.4617 0.252159L14.9567 0.75931C14.6219 1.09545 14.6219 1.64048 14.9567 1.97669L27.7062 14.7806H0.857144C0.383786 14.7806 0 15.166 0 15.6414V16.3587C0 16.8341 0.383786 17.2195 0.857144 17.2195H27.7062L14.9567 30.0234C14.6219 30.3595 14.6219 30.9045 14.9567 31.2407L15.4617 31.7479C15.7964 32.084 16.3392 32.084 16.6739 31.7479L31.749 16.6087C32.0837 16.2725 32.0837 15.7275 31.749 15.3913L16.6739 0.252159C16.3392 -0.084053 15.7964 -0.084053 15.4617 0.252159Z\"\/>\n\t\t\t\t\t\t\t\n\t\t\t\t\t\t\t<\/svg>\n\t\t\t\t\t\t<\/div>\n\t\t\t\t\t<\/div>\n\n\t\t\t\t\t<div class=\"c-card__media u-radius-rounded\" style=\" --overlay-bg-hover: rgba(8,22,43,0.4);\">\n\t\t\t\t\t\t<img decoding=\"async\" width=\"400\" height=\"533\" src=\"https:\/\/procivitas.se\/wp-content\/uploads\/sites\/8\/2026\/02\/image000000-1-400x533.jpg\" class=\"attachment-sm size-sm\" alt=\"\" sizes=\"(min-width: 64em) 300px, (min-width: 48em) calc(.50 * (100vw - 224px)), calc(100vw - 160px)\" srcset=\"https:\/\/procivitas.se\/wp-content\/uploads\/sites\/8\/2026\/02\/image000000-1-400x533.jpg 400w, https:\/\/procivitas.se\/wp-content\/uploads\/sites\/8\/2026\/02\/image000000-1-300x400.jpg 300w, https:\/\/procivitas.se\/wp-content\/uploads\/sites\/8\/2026\/02\/image000000-1-600x800.jpg 600w, https:\/\/procivitas.se\/wp-content\/uploads\/sites\/8\/2026\/02\/image000000-1-800x1067.jpg 800w, https:\/\/procivitas.se\/wp-content\/uploads\/sites\/8\/2026\/02\/image000000-1-1024x1365.jpg 1024w, https:\/\/procivitas.se\/wp-content\/uploads\/sites\/8\/2026\/02\/image000000-1.jpg 1200w\" \/>\n\t\t\t\t\t<\/div>\n\t\t\t\t<\/article>\n\t\t\t<\/li>\n\t\t\t\t\t\t\t\t\t\t\t\t\t\t\t\t\t\n\t\t\t\n\t\t\t\n\t\t\t<li class=\"l-col-6@md l-col-4@lg \" data-filter=\"nyheter ung-foretagsamhet december-2025\">\n\t\t\t\t<article class=\"c-card  has-media-zoom has-media-overlay \" data-variant=\"neutral\" data-style=\"square\" data-click-area>\n\t\t\t\t\t<div class=\"c-card__content l-stack l-stack-sm\">\n\n\t\t\t\t\t\t\t\t\t\t\t\t\t<time class=\"c-card__date u-font-small\" datetime=\"2025-12-03\">3 december 2025<\/time>\n\t\t\t\t\t\t\n\t\t\t\t\t\t\t\t\t\t\t\t\t<h3 class=\"c-card__title u-font-title-3\">\n\t\t\t\t\t\t\t\t\t\t\t\t\t\t\t\t\t<a class=\"c-card__link\" href=\"https:\/\/procivitas.se\/uppsala\/nyheter\/julmarknad\/\">\n\t\t\t\t\t\t\t\t\t\tUF-Julm\u00e4ssa p\u00e5 ProCivitas!\n\t\t\t\t\t\t\t\t\t<\/a>\n\t\t\t\t\t\t\t\t\t\t\t\t\t\t\t<\/h3>\n\t\t\t\t\t\t\n\t\t\t\t\t\t\t\t\t\t\t\t\t<p class=\"c-card__text l-stack-xs u-font-body\">\n\t\t\t\t\t\t\t\tM\u00e5ndagen den 15 december v\u00e4lkomnar vi dig till en inspirerande och festlig UF-marknad p\u00e5 v\u00e5ning 4! \n\t\t\t\t\t\t\t<\/p>\n\t\t\t\t\t\t\n\t\t\t\t\t\t\t\t\t\t\t\t\t<ul class=\"c-card__tags l-stack-grow u-list-none u-pt-md\" aria-label=\"Kategorier\">\n\t\t\t\t\t\t\t\t\t\t\t\t\t\t\t\t\t<li><span class=\"c-tag\" data-variant=\"outline\">Nyheter<\/span><\/li>\n\t\t\t\t\t\t\t\t\t\t\t\t\t\t\t\t\t<li><span class=\"c-tag\" data-variant=\"outline\">Ung f\u00f6retagsamhet<\/span><\/li>\n\t\t\t\t\t\t\t\t\t\t\t\t\t\t\t<\/ul>\n\t\t\t\t\t\t\n\t\t\t\t\t\t<div class=\"c-card__icon\">\n\t\t\t\t\t\t\t\t\t\t\t\t\t\t<svg class=\"ams-icon ams-icon--arrow-right\" width=\"32\" height=\"32\" viewbox=\"0 0 32 32\" fill=\"currentColor\" aria-hidden=\"true\" xmlns=\"http:\/\/www.w3.org\/2000\/svg\">\n\t\t\t\t\t\t\t\t\t\t\t\t\t\t\t\t<path d=\"M15.4617 0.252159L14.9567 0.75931C14.6219 1.09545 14.6219 1.64048 14.9567 1.97669L27.7062 14.7806H0.857144C0.383786 14.7806 0 15.166 0 15.6414V16.3587C0 16.8341 0.383786 17.2195 0.857144 17.2195H27.7062L14.9567 30.0234C14.6219 30.3595 14.6219 30.9045 14.9567 31.2407L15.4617 31.7479C15.7964 32.084 16.3392 32.084 16.6739 31.7479L31.749 16.6087C32.0837 16.2725 32.0837 15.7275 31.749 15.3913L16.6739 0.252159C16.3392 -0.084053 15.7964 -0.084053 15.4617 0.252159Z\"\/>\n\t\t\t\t\t\t\t\n\t\t\t\t\t\t\t<\/svg>\n\t\t\t\t\t\t<\/div>\n\t\t\t\t\t<\/div>\n\n\t\t\t\t\t<div class=\"c-card__media u-radius-rounded\" style=\" --overlay-bg-hover: rgba(8,22,43,0.4);\">\n\t\t\t\t\t\t<img decoding=\"async\" width=\"400\" height=\"341\" src=\"https:\/\/procivitas.se\/wp-content\/uploads\/sites\/8\/2024\/08\/skarmavbild-2024-08-26-kl-111946-400x341.png\" class=\"attachment-sm size-sm\" alt=\"En grupp elever poserar tillsammans utomhus p\u00e5 en b\u00e4nk.\" sizes=\"(min-width: 64em) 300px, (min-width: 48em) calc(.50 * (100vw - 224px)), calc(100vw - 160px)\" srcset=\"https:\/\/procivitas.se\/wp-content\/uploads\/sites\/8\/2024\/08\/skarmavbild-2024-08-26-kl-111946-400x341.png 400w, https:\/\/procivitas.se\/wp-content\/uploads\/sites\/8\/2024\/08\/skarmavbild-2024-08-26-kl-111946-300x256.png 300w, https:\/\/procivitas.se\/wp-content\/uploads\/sites\/8\/2024\/08\/skarmavbild-2024-08-26-kl-111946-600x512.png 600w, https:\/\/procivitas.se\/wp-content\/uploads\/sites\/8\/2024\/08\/skarmavbild-2024-08-26-kl-111946-800x683.png 800w, https:\/\/procivitas.se\/wp-content\/uploads\/sites\/8\/2024\/08\/skarmavbild-2024-08-26-kl-111946.png 998w\" \/>\n\t\t\t\t\t<\/div>\n\t\t\t\t<\/article>\n\t\t\t<\/li>\n\t\t\t\t\t\t\t\t\t\t\t\t\t\t\t\t\t\n\t\t\t\n\t\t\t\n\t\t\t<li class=\"l-col-6@md l-col-4@lg \" data-filter=\"nyheter augusti-2025\">\n\t\t\t\t<article class=\"c-card  has-media-zoom has-media-overlay \" data-variant=\"neutral\" data-style=\"square\" data-click-area>\n\t\t\t\t\t<div class=\"c-card__content l-stack l-stack-sm\">\n\n\t\t\t\t\t\t\t\t\t\t\t\t\t<time class=\"c-card__date u-font-small\" datetime=\"2025-08-12\">12 augusti 2025<\/time>\n\t\t\t\t\t\t\n\t\t\t\t\t\t\t\t\t\t\t\t\t<h3 class=\"c-card__title u-font-title-3\">\n\t\t\t\t\t\t\t\t\t\t\t\t\t\t\t\t\t<a class=\"c-card__link\" href=\"https:\/\/procivitas.se\/uppsala\/nyheter\/information-om-skolstart-2025\/\">\n\t\t\t\t\t\t\t\t\t\tInformation om skolstart 2025\n\t\t\t\t\t\t\t\t\t<\/a>\n\t\t\t\t\t\t\t\t\t\t\t\t\t\t\t<\/h3>\n\t\t\t\t\t\t\n\t\t\t\t\t\t\t\t\t\t\t\t\t<p class=\"c-card__text l-stack-xs u-font-body\">\n\t\t\t\t\t\t\t\tEfter en h\u00e4rlig sommar ser vi fram emot h\u00f6stterminen. Varmt v\u00e4lkomna till oss, b\u00e5de nya och gamla elever!\r\n\n\t\t\t\t\t\t\t<\/p>\n\t\t\t\t\t\t\n\t\t\t\t\t\t\t\t\t\t\t\t\t<ul class=\"c-card__tags l-stack-grow u-list-none u-pt-md\" aria-label=\"Kategorier\">\n\t\t\t\t\t\t\t\t\t\t\t\t\t\t\t\t\t<li><span class=\"c-tag\" data-variant=\"outline\">Nyheter<\/span><\/li>\n\t\t\t\t\t\t\t\t\t\t\t\t\t\t\t<\/ul>\n\t\t\t\t\t\t\n\t\t\t\t\t\t<div class=\"c-card__icon\">\n\t\t\t\t\t\t\t\t\t\t\t\t\t\t<svg class=\"ams-icon ams-icon--arrow-right\" width=\"32\" height=\"32\" viewbox=\"0 0 32 32\" fill=\"currentColor\" aria-hidden=\"true\" xmlns=\"http:\/\/www.w3.org\/2000\/svg\">\n\t\t\t\t\t\t\t\t\t\t\t\t\t\t\t\t<path d=\"M15.4617 0.252159L14.9567 0.75931C14.6219 1.09545 14.6219 1.64048 14.9567 1.97669L27.7062 14.7806H0.857144C0.383786 14.7806 0 15.166 0 15.6414V16.3587C0 16.8341 0.383786 17.2195 0.857144 17.2195H27.7062L14.9567 30.0234C14.6219 30.3595 14.6219 30.9045 14.9567 31.2407L15.4617 31.7479C15.7964 32.084 16.3392 32.084 16.6739 31.7479L31.749 16.6087C32.0837 16.2725 32.0837 15.7275 31.749 15.3913L16.6739 0.252159C16.3392 -0.084053 15.7964 -0.084053 15.4617 0.252159Z\"\/>\n\t\t\t\t\t\t\t\n\t\t\t\t\t\t\t<\/svg>\n\t\t\t\t\t\t<\/div>\n\t\t\t\t\t<\/div>\n\n\t\t\t\t\t<div class=\"c-card__media u-radius-rounded\" style=\" --overlay-bg-hover: rgba(8,22,43,0.4);\">\n\t\t\t\t\t\t<img decoding=\"async\" width=\"400\" height=\"600\" src=\"https:\/\/procivitas.se\/wp-content\/uploads\/sites\/8\/2024\/08\/prouppsalafotografering202405-202905webb175-400x600.jpg\" class=\"attachment-sm size-sm\" alt=\"Tre elever h\u00e4nger i trappan p\u00e5 skolan och ler in i kameran.\" sizes=\"(min-width: 64em) 300px, (min-width: 48em) calc(.50 * (100vw - 224px)), calc(100vw - 160px)\" srcset=\"https:\/\/procivitas.se\/wp-content\/uploads\/sites\/8\/2024\/08\/prouppsalafotografering202405-202905webb175-400x600.jpg 400w, https:\/\/procivitas.se\/wp-content\/uploads\/sites\/8\/2024\/08\/prouppsalafotografering202405-202905webb175-300x450.jpg 300w, https:\/\/procivitas.se\/wp-content\/uploads\/sites\/8\/2024\/08\/prouppsalafotografering202405-202905webb175-600x900.jpg 600w, https:\/\/procivitas.se\/wp-content\/uploads\/sites\/8\/2024\/08\/prouppsalafotografering202405-202905webb175-800x1200.jpg 800w, https:\/\/procivitas.se\/wp-content\/uploads\/sites\/8\/2024\/08\/prouppsalafotografering202405-202905webb175-1024x1536.jpg 1024w, https:\/\/procivitas.se\/wp-content\/uploads\/sites\/8\/2024\/08\/prouppsalafotografering202405-202905webb175.jpg 1080w\" \/>\n\t\t\t\t\t<\/div>\n\t\t\t\t<\/article>\n\t\t\t<\/li>\n\t\t\t\t\t\t\t\t\t\t\t\t\t\t\t\t\t\n\t\t\t\n\t\t\t\n\t\t\t<li class=\"l-col-6@md l-col-4@lg \" data-filter=\"ekonomi nyheter ung-foretagsamhet mars-2024\">\n\t\t\t\t<article class=\"c-card  has-media-zoom has-media-overlay \" data-variant=\"neutral\" data-style=\"square\" data-click-area>\n\t\t\t\t\t<div class=\"c-card__content l-stack l-stack-sm\">\n\n\t\t\t\t\t\t\t\t\t\t\t\t\t<time class=\"c-card__date u-font-small\" datetime=\"2024-03-22\">22 mars 2024<\/time>\n\t\t\t\t\t\t\n\t\t\t\t\t\t\t\t\t\t\t\t\t<h3 class=\"c-card__title u-font-title-3\">\n\t\t\t\t\t\t\t\t\t\t\t\t\t\t\t\t\t<a class=\"c-card__link\" href=\"https:\/\/procivitas.se\/uppsala\/nyheter\/procivitas-uppsalas-vinster-efter-uf-massan\/\">\n\t\t\t\t\t\t\t\t\t\tPriser fr\u00e5n UF-m\u00e4ssan\n\t\t\t\t\t\t\t\t\t<\/a>\n\t\t\t\t\t\t\t\t\t\t\t\t\t\t\t<\/h3>\n\t\t\t\t\t\t\n\t\t\t\t\t\t\t\t\t\t\t\t\t<p class=\"c-card__text l-stack-xs u-font-body\">\n\t\t\t\t\t\t\t\tProCivitas Uppsala var p\u00e5 plats p\u00e5 UF-m\u00e4ssan och kammade hem ett flertalet priser. Stort grattis till Evolve och PureVie&#8230;\n\t\t\t\t\t\t\t<\/p>\n\t\t\t\t\t\t\n\t\t\t\t\t\t\t\t\t\t\t\t\t<ul class=\"c-card__tags l-stack-grow u-list-none u-pt-md\" aria-label=\"Kategorier\">\n\t\t\t\t\t\t\t\t\t\t\t\t\t\t\t\t\t<li><span class=\"c-tag\" data-variant=\"outline\">Ekonomi<\/span><\/li>\n\t\t\t\t\t\t\t\t\t\t\t\t\t\t\t\t\t<li><span class=\"c-tag\" data-variant=\"outline\">Nyheter<\/span><\/li>\n\t\t\t\t\t\t\t\t\t\t\t\t\t\t\t\t\t<li><span class=\"c-tag\" data-variant=\"outline\">Ung f\u00f6retagsamhet<\/span><\/li>\n\t\t\t\t\t\t\t\t\t\t\t\t\t\t\t<\/ul>\n\t\t\t\t\t\t\n\t\t\t\t\t\t<div class=\"c-card__icon\">\n\t\t\t\t\t\t\t\t\t\t\t\t\t\t<svg class=\"ams-icon ams-icon--arrow-right\" width=\"32\" height=\"32\" viewbox=\"0 0 32 32\" fill=\"currentColor\" aria-hidden=\"true\" xmlns=\"http:\/\/www.w3.org\/2000\/svg\">\n\t\t\t\t\t\t\t\t\t\t\t\t\t\t\t\t<path d=\"M15.4617 0.252159L14.9567 0.75931C14.6219 1.09545 14.6219 1.64048 14.9567 1.97669L27.7062 14.7806H0.857144C0.383786 14.7806 0 15.166 0 15.6414V16.3587C0 16.8341 0.383786 17.2195 0.857144 17.2195H27.7062L14.9567 30.0234C14.6219 30.3595 14.6219 30.9045 14.9567 31.2407L15.4617 31.7479C15.7964 32.084 16.3392 32.084 16.6739 31.7479L31.749 16.6087C32.0837 16.2725 32.0837 15.7275 31.749 15.3913L16.6739 0.252159C16.3392 -0.084053 15.7964 -0.084053 15.4617 0.252159Z\"\/>\n\t\t\t\t\t\t\t\n\t\t\t\t\t\t\t<\/svg>\n\t\t\t\t\t\t<\/div>\n\t\t\t\t\t<\/div>\n\n\t\t\t\t\t<div class=\"c-card__media u-radius-rounded\" style=\" --overlay-bg-hover: rgba(8,22,43,0.4);\">\n\t\t\t\t\t\t<img decoding=\"async\" width=\"400\" height=\"225\" src=\"https:\/\/procivitas.se\/wp-content\/uploads\/sites\/8\/2024\/03\/uf-massanpcu-400x225.jpg\" class=\"attachment-sm size-sm\" alt=\"Tv\u00e5 elever p\u00e5 UF-m\u00e4ssan st\u00e5r p\u00e5 scenen med sina vinster.\" sizes=\"(min-width: 64em) 300px, (min-width: 48em) calc(.50 * (100vw - 224px)), calc(100vw - 160px)\" srcset=\"https:\/\/procivitas.se\/wp-content\/uploads\/sites\/8\/2024\/03\/uf-massanpcu-400x225.jpg 400w, https:\/\/procivitas.se\/wp-content\/uploads\/sites\/8\/2024\/03\/uf-massanpcu-300x169.jpg 300w, https:\/\/procivitas.se\/wp-content\/uploads\/sites\/8\/2024\/03\/uf-massanpcu-600x338.jpg 600w, https:\/\/procivitas.se\/wp-content\/uploads\/sites\/8\/2024\/03\/uf-massanpcu-800x451.jpg 800w, https:\/\/procivitas.se\/wp-content\/uploads\/sites\/8\/2024\/03\/uf-massanpcu-1024x577.jpg 1024w, https:\/\/procivitas.se\/wp-content\/uploads\/sites\/8\/2024\/03\/uf-massanpcu-1200x676.jpg 1200w, https:\/\/procivitas.se\/wp-content\/uploads\/sites\/8\/2024\/03\/uf-massanpcu.jpg 1420w\" \/>\n\t\t\t\t\t<\/div>\n\t\t\t\t<\/article>\n\t\t\t<\/li>\n\t\t\t\t\t\t\t\t\t\t\t\t\t\t\t\t\t\n\t\t\t\n\t\t\t\n\t\t\t<li class=\"l-col-6@md l-col-4@lg \" data-filter=\"alumner mars-2024\">\n\t\t\t\t<article class=\"c-card  has-media-zoom has-media-overlay \" data-variant=\"neutral\" data-style=\"square\" data-click-area>\n\t\t\t\t\t<div class=\"c-card__content l-stack l-stack-sm\">\n\n\t\t\t\t\t\t\t\t\t\t\t\t\t<time class=\"c-card__date u-font-small\" datetime=\"2024-03-01\">1 mars 2024<\/time>\n\t\t\t\t\t\t\n\t\t\t\t\t\t\t\t\t\t\t\t\t<h3 class=\"c-card__title u-font-title-3\">\n\t\t\t\t\t\t\t\t\t\t\t\t\t\t\t\t\t<a class=\"c-card__link\" href=\"https:\/\/procivitas.se\/uppsala\/nyheter\/noomi-drommer-om-att-bli-larare\/\">\n\t\t\t\t\t\t\t\t\t\tNoomi dr\u00f6mmer om att bli l\u00e4rare\n\t\t\t\t\t\t\t\t\t<\/a>\n\t\t\t\t\t\t\t\t\t\t\t\t\t\t\t<\/h3>\n\t\t\t\t\t\t\n\t\t\t\t\t\t\t\t\t\t\t\t\t<p class=\"c-card__text l-stack-xs u-font-body\">\n\t\t\t\t\t\t\t\tNoomi har alltid gillat att plugga och l\u00e4ra sig nya saker, d\u00e4rf\u00f6r hoppade hon p\u00e5 en universitetsutbildning direkt efter gymnasiet&#8230;.\n\t\t\t\t\t\t\t<\/p>\n\t\t\t\t\t\t\n\t\t\t\t\t\t\t\t\t\t\t\t\t<ul class=\"c-card__tags l-stack-grow u-list-none u-pt-md\" aria-label=\"Kategorier\">\n\t\t\t\t\t\t\t\t\t\t\t\t\t\t\t\t\t<li><span class=\"c-tag\" data-variant=\"outline\">Alumner<\/span><\/li>\n\t\t\t\t\t\t\t\t\t\t\t\t\t\t\t<\/ul>\n\t\t\t\t\t\t\n\t\t\t\t\t\t<div class=\"c-card__icon\">\n\t\t\t\t\t\t\t\t\t\t\t\t\t\t<svg class=\"ams-icon ams-icon--arrow-right\" width=\"32\" height=\"32\" viewbox=\"0 0 32 32\" fill=\"currentColor\" aria-hidden=\"true\" xmlns=\"http:\/\/www.w3.org\/2000\/svg\">\n\t\t\t\t\t\t\t\t\t\t\t\t\t\t\t\t<path d=\"M15.4617 0.252159L14.9567 0.75931C14.6219 1.09545 14.6219 1.64048 14.9567 1.97669L27.7062 14.7806H0.857144C0.383786 14.7806 0 15.166 0 15.6414V16.3587C0 16.8341 0.383786 17.2195 0.857144 17.2195H27.7062L14.9567 30.0234C14.6219 30.3595 14.6219 30.9045 14.9567 31.2407L15.4617 31.7479C15.7964 32.084 16.3392 32.084 16.6739 31.7479L31.749 16.6087C32.0837 16.2725 32.0837 15.7275 31.749 15.3913L16.6739 0.252159C16.3392 -0.084053 15.7964 -0.084053 15.4617 0.252159Z\"\/>\n\t\t\t\t\t\t\t\n\t\t\t\t\t\t\t<\/svg>\n\t\t\t\t\t\t<\/div>\n\t\t\t\t\t<\/div>\n\n\t\t\t\t\t<div class=\"c-card__media u-radius-rounded\" style=\" --overlay-bg-hover: rgba(8,22,43,0.4);\">\n\t\t\t\t\t\t<img decoding=\"async\" width=\"400\" height=\"437\" src=\"https:\/\/procivitas.se\/wp-content\/uploads\/sites\/8\/2024\/02\/portrattbildnoomipcuppsala-400x437.png\" class=\"attachment-sm size-sm\" alt=\"Elev och hund st\u00e5r utomhus i en vintrig milj\u00f6.\" sizes=\"(min-width: 64em) 300px, (min-width: 48em) calc(.50 * (100vw - 224px)), calc(100vw - 160px)\" srcset=\"https:\/\/procivitas.se\/wp-content\/uploads\/sites\/8\/2024\/02\/portrattbildnoomipcuppsala-400x437.png 400w, https:\/\/procivitas.se\/wp-content\/uploads\/sites\/8\/2024\/02\/portrattbildnoomipcuppsala-300x328.png 300w, https:\/\/procivitas.se\/wp-content\/uploads\/sites\/8\/2024\/02\/portrattbildnoomipcuppsala.png 444w\" \/>\n\t\t\t\t\t<\/div>\n\t\t\t\t<\/article>\n\t\t\t<\/li>\n\t\t\t\t\t\t\t\t\t\t\t\t\t\t\t\t\t\n\t\t\t\n\t\t\t\n\t\t\t<li class=\"l-col-6@md l-col-4@lg \" data-filter=\"elevintervjuer natur nyheter mars-2024\">\n\t\t\t\t<article class=\"c-card  has-media-zoom has-media-overlay \" data-variant=\"neutral\" data-style=\"square\" data-click-area>\n\t\t\t\t\t<div class=\"c-card__content l-stack l-stack-sm\">\n\n\t\t\t\t\t\t\t\t\t\t\t\t\t<time class=\"c-card__date u-font-small\" datetime=\"2024-03-01\">1 mars 2024<\/time>\n\t\t\t\t\t\t\n\t\t\t\t\t\t\t\t\t\t\t\t\t<h3 class=\"c-card__title u-font-title-3\">\n\t\t\t\t\t\t\t\t\t\t\t\t\t\t\t\t\t<a class=\"c-card__link\" href=\"https:\/\/procivitas.se\/uppsala\/nyheter\/emilia-till-semifinal-i-unga-forskare\/\">\n\t\t\t\t\t\t\t\t\t\tTill semifinal i Unga forskare\n\t\t\t\t\t\t\t\t\t<\/a>\n\t\t\t\t\t\t\t\t\t\t\t\t\t\t\t<\/h3>\n\t\t\t\t\t\t\n\t\t\t\t\t\t\t\t\t\t\t\t\t<p class=\"c-card__text l-stack-xs u-font-body\">\n\t\t\t\t\t\t\t\tEmilia har g\u00e5tt vidare till semifinal i Unga forskare med sitt gymnasiearbete om bakteriekulturer i disktrasor. \n\t\t\t\t\t\t\t<\/p>\n\t\t\t\t\t\t\n\t\t\t\t\t\t\t\t\t\t\t\t\t<ul class=\"c-card__tags l-stack-grow u-list-none u-pt-md\" aria-label=\"Kategorier\">\n\t\t\t\t\t\t\t\t\t\t\t\t\t\t\t\t\t<li><span class=\"c-tag\" data-variant=\"outline\">Elevintervjuer<\/span><\/li>\n\t\t\t\t\t\t\t\t\t\t\t\t\t\t\t\t\t<li><span class=\"c-tag\" data-variant=\"outline\">Natur<\/span><\/li>\n\t\t\t\t\t\t\t\t\t\t\t\t\t\t\t\t\t<li><span class=\"c-tag\" data-variant=\"outline\">Nyheter<\/span><\/li>\n\t\t\t\t\t\t\t\t\t\t\t\t\t\t\t<\/ul>\n\t\t\t\t\t\t\n\t\t\t\t\t\t<div class=\"c-card__icon\">\n\t\t\t\t\t\t\t\t\t\t\t\t\t\t<svg class=\"ams-icon ams-icon--arrow-right\" width=\"32\" height=\"32\" viewbox=\"0 0 32 32\" fill=\"currentColor\" aria-hidden=\"true\" xmlns=\"http:\/\/www.w3.org\/2000\/svg\">\n\t\t\t\t\t\t\t\t\t\t\t\t\t\t\t\t<path d=\"M15.4617 0.252159L14.9567 0.75931C14.6219 1.09545 14.6219 1.64048 14.9567 1.97669L27.7062 14.7806H0.857144C0.383786 14.7806 0 15.166 0 15.6414V16.3587C0 16.8341 0.383786 17.2195 0.857144 17.2195H27.7062L14.9567 30.0234C14.6219 30.3595 14.6219 30.9045 14.9567 31.2407L15.4617 31.7479C15.7964 32.084 16.3392 32.084 16.6739 31.7479L31.749 16.6087C32.0837 16.2725 32.0837 15.7275 31.749 15.3913L16.6739 0.252159C16.3392 -0.084053 15.7964 -0.084053 15.4617 0.252159Z\"\/>\n\t\t\t\t\t\t\t\n\t\t\t\t\t\t\t<\/svg>\n\t\t\t\t\t\t<\/div>\n\t\t\t\t\t<\/div>\n\n\t\t\t\t\t<div class=\"c-card__media u-radius-rounded\" style=\" --overlay-bg-hover: rgba(8,22,43,0.4);\">\n\t\t\t\t\t\t<img decoding=\"async\" width=\"400\" height=\"224\" src=\"https:\/\/procivitas.se\/wp-content\/uploads\/sites\/8\/2024\/02\/emiliaunga-forskarepc-400x224.png\" class=\"attachment-sm size-sm\" alt=\"Portr\u00e4ttbild\" sizes=\"(min-width: 64em) 300px, (min-width: 48em) calc(.50 * (100vw - 224px)), calc(100vw - 160px)\" srcset=\"https:\/\/procivitas.se\/wp-content\/uploads\/sites\/8\/2024\/02\/emiliaunga-forskarepc-400x224.png 400w, https:\/\/procivitas.se\/wp-content\/uploads\/sites\/8\/2024\/02\/emiliaunga-forskarepc-300x168.png 300w, https:\/\/procivitas.se\/wp-content\/uploads\/sites\/8\/2024\/02\/emiliaunga-forskarepc-600x335.png 600w, https:\/\/procivitas.se\/wp-content\/uploads\/sites\/8\/2024\/02\/emiliaunga-forskarepc-768x431.png 768w, https:\/\/procivitas.se\/wp-content\/uploads\/sites\/8\/2024\/02\/emiliaunga-forskarepc.png 771w\" \/>\n\t\t\t\t\t<\/div>\n\t\t\t\t<\/article>\n\t\t\t<\/li>\n\t\t\t\t\t\t\t\t\t\t\t\t\t\t\t\t\t\n\t\t\t\n\t\t\t\n\t\t\t<li class=\"l-col-6@md l-col-4@lg \" data-filter=\"alumner januari-2024\">\n\t\t\t\t<article class=\"c-card  has-media-zoom has-media-overlay \" data-variant=\"neutral\" data-style=\"square\" data-click-area>\n\t\t\t\t\t<div class=\"c-card__content l-stack l-stack-sm\">\n\n\t\t\t\t\t\t\t\t\t\t\t\t\t<time class=\"c-card__date u-font-small\" datetime=\"2024-01-23\">23 januari 2024<\/time>\n\t\t\t\t\t\t\n\t\t\t\t\t\t\t\t\t\t\t\t\t<h3 class=\"c-card__title u-font-title-3\">\n\t\t\t\t\t\t\t\t\t\t\t\t\t\t\t\t\t<a class=\"c-card__link\" href=\"https:\/\/procivitas.se\/uppsala\/nyheter\/linus-laser-till-civilingenjor-vid-uppsala-universitet\/\">\n\t\t\t\t\t\t\t\t\t\tLinus l\u00e4ser till Civilingenj\u00f6r vid Uppsala Universitet \n\t\t\t\t\t\t\t\t\t<\/a>\n\t\t\t\t\t\t\t\t\t\t\t\t\t\t\t<\/h3>\n\t\t\t\t\t\t\n\t\t\t\t\t\t\t\t\t\t\t\t\t<p class=\"c-card__text l-stack-xs u-font-body\">\n\t\t\t\t\t\t\t\tLinus tog studenten fr\u00e5n ProCivitas Uppsala i juni 2023 och l\u00e4ser idag till Civilingenj\u00f6r i Energisystem vid Uppsala Universitet och Sveriges Lantbruksuniversitet.\n\t\t\t\t\t\t\t<\/p>\n\t\t\t\t\t\t\n\t\t\t\t\t\t\t\t\t\t\t\t\t<ul class=\"c-card__tags l-stack-grow u-list-none u-pt-md\" aria-label=\"Kategorier\">\n\t\t\t\t\t\t\t\t\t\t\t\t\t\t\t\t\t<li><span class=\"c-tag\" data-variant=\"outline\">Alumner<\/span><\/li>\n\t\t\t\t\t\t\t\t\t\t\t\t\t\t\t<\/ul>\n\t\t\t\t\t\t\n\t\t\t\t\t\t<div class=\"c-card__icon\">\n\t\t\t\t\t\t\t\t\t\t\t\t\t\t<svg class=\"ams-icon ams-icon--arrow-right\" width=\"32\" height=\"32\" viewbox=\"0 0 32 32\" fill=\"currentColor\" aria-hidden=\"true\" xmlns=\"http:\/\/www.w3.org\/2000\/svg\">\n\t\t\t\t\t\t\t\t\t\t\t\t\t\t\t\t<path d=\"M15.4617 0.252159L14.9567 0.75931C14.6219 1.09545 14.6219 1.64048 14.9567 1.97669L27.7062 14.7806H0.857144C0.383786 14.7806 0 15.166 0 15.6414V16.3587C0 16.8341 0.383786 17.2195 0.857144 17.2195H27.7062L14.9567 30.0234C14.6219 30.3595 14.6219 30.9045 14.9567 31.2407L15.4617 31.7479C15.7964 32.084 16.3392 32.084 16.6739 31.7479L31.749 16.6087C32.0837 16.2725 32.0837 15.7275 31.749 15.3913L16.6739 0.252159C16.3392 -0.084053 15.7964 -0.084053 15.4617 0.252159Z\"\/>\n\t\t\t\t\t\t\t\n\t\t\t\t\t\t\t<\/svg>\n\t\t\t\t\t\t<\/div>\n\t\t\t\t\t<\/div>\n\n\t\t\t\t\t<div class=\"c-card__media u-radius-rounded\" style=\" --overlay-bg-hover: rgba(8,22,43,0.4);\">\n\t\t\t\t\t\t<img decoding=\"async\" width=\"400\" height=\"300\" src=\"https:\/\/procivitas.se\/wp-content\/uploads\/sites\/8\/2024\/01\/linus-alumn-400x300.jpeg\" class=\"attachment-sm size-sm\" alt=\"Alumnen Linus sitter vid en skolb\u00e4nk vid Uppsala universitet\" sizes=\"(min-width: 64em) 300px, (min-width: 48em) calc(.50 * (100vw - 224px)), calc(100vw - 160px)\" srcset=\"https:\/\/procivitas.se\/wp-content\/uploads\/sites\/8\/2024\/01\/linus-alumn-400x300.jpeg 400w, https:\/\/procivitas.se\/wp-content\/uploads\/sites\/8\/2024\/01\/linus-alumn-300x225.jpeg 300w, https:\/\/procivitas.se\/wp-content\/uploads\/sites\/8\/2024\/01\/linus-alumn-600x450.jpeg 600w, https:\/\/procivitas.se\/wp-content\/uploads\/sites\/8\/2024\/01\/linus-alumn-800x600.jpeg 800w, https:\/\/procivitas.se\/wp-content\/uploads\/sites\/8\/2024\/01\/linus-alumn-1024x768.jpeg 1024w, https:\/\/procivitas.se\/wp-content\/uploads\/sites\/8\/2024\/01\/linus-alumn-1200x900.jpeg 1200w, https:\/\/procivitas.se\/wp-content\/uploads\/sites\/8\/2024\/01\/linus-alumn-768x576.jpeg 768w, https:\/\/procivitas.se\/wp-content\/uploads\/sites\/8\/2024\/01\/linus-alumn.jpeg 1280w\" \/>\n\t\t\t\t\t<\/div>\n\t\t\t\t<\/article>\n\t\t\t<\/li>\n\t\t\t\t\t\t\t\t\t\t\t\t\t\t\t\t\t\n\t\t\t\n\t\t\t\n\t\t\t<li class=\"l-col-6@md l-col-4@lg \" data-filter=\"nyheter januari-2024\">\n\t\t\t\t<article class=\"c-card  has-media-zoom has-media-overlay \" data-variant=\"neutral\" data-style=\"square\" data-click-area>\n\t\t\t\t\t<div class=\"c-card__content l-stack l-stack-sm\">\n\n\t\t\t\t\t\t\t\t\t\t\t\t\t<time class=\"c-card__date u-font-small\" datetime=\"2024-01-22\">22 januari 2024<\/time>\n\t\t\t\t\t\t\n\t\t\t\t\t\t\t\t\t\t\t\t\t<h3 class=\"c-card__title u-font-title-3\">\n\t\t\t\t\t\t\t\t\t\t\t\t\t\t\t\t\t<a class=\"c-card__link\" href=\"https:\/\/procivitas.se\/uppsala\/nyheter\/varmt-valkommen-pa-oppet-hus\/\">\n\t\t\t\t\t\t\t\t\t\t\u00d6ppet hus p\u00e5 ProCivitas Uppsala\n\t\t\t\t\t\t\t\t\t<\/a>\n\t\t\t\t\t\t\t\t\t\t\t\t\t\t\t<\/h3>\n\t\t\t\t\t\t\n\t\t\t\t\t\t\t\t\t\t\t\t\t<p class=\"c-card__text l-stack-xs u-font-body\">\n\t\t\t\t\t\t\t\t31\/1 kl. 17-19 \u00e4r det \u00e5ter igen dags f\u00f6r \u00d6ppet hus hos oss p\u00e5 ProCivitas Uppsala\n\t\t\t\t\t\t\t<\/p>\n\t\t\t\t\t\t\n\t\t\t\t\t\t\t\t\t\t\t\t\t<ul class=\"c-card__tags l-stack-grow u-list-none u-pt-md\" aria-label=\"Kategorier\">\n\t\t\t\t\t\t\t\t\t\t\t\t\t\t\t\t\t<li><span class=\"c-tag\" data-variant=\"outline\">Nyheter<\/span><\/li>\n\t\t\t\t\t\t\t\t\t\t\t\t\t\t\t<\/ul>\n\t\t\t\t\t\t\n\t\t\t\t\t\t<div class=\"c-card__icon\">\n\t\t\t\t\t\t\t\t\t\t\t\t\t\t<svg class=\"ams-icon ams-icon--arrow-right\" width=\"32\" height=\"32\" viewbox=\"0 0 32 32\" fill=\"currentColor\" aria-hidden=\"true\" xmlns=\"http:\/\/www.w3.org\/2000\/svg\">\n\t\t\t\t\t\t\t\t\t\t\t\t\t\t\t\t<path d=\"M15.4617 0.252159L14.9567 0.75931C14.6219 1.09545 14.6219 1.64048 14.9567 1.97669L27.7062 14.7806H0.857144C0.383786 14.7806 0 15.166 0 15.6414V16.3587C0 16.8341 0.383786 17.2195 0.857144 17.2195H27.7062L14.9567 30.0234C14.6219 30.3595 14.6219 30.9045 14.9567 31.2407L15.4617 31.7479C15.7964 32.084 16.3392 32.084 16.6739 31.7479L31.749 16.6087C32.0837 16.2725 32.0837 15.7275 31.749 15.3913L16.6739 0.252159C16.3392 -0.084053 15.7964 -0.084053 15.4617 0.252159Z\"\/>\n\t\t\t\t\t\t\t\n\t\t\t\t\t\t\t<\/svg>\n\t\t\t\t\t\t<\/div>\n\t\t\t\t\t<\/div>\n\n\t\t\t\t\t<div class=\"c-card__media u-radius-rounded\" style=\" --overlay-bg-hover: rgba(8,22,43,0.4);\">\n\t\t\t\t\t\t<img decoding=\"async\" width=\"400\" height=\"267\" src=\"https:\/\/procivitas.se\/wp-content\/uploads\/sites\/8\/2023\/10\/procivitas-uppsala-2022-400x267.jpg\" class=\"attachment-sm size-sm\" alt=\"Elever sitter i en trappa p\u00e5 skolan\" sizes=\"(min-width: 64em) 300px, (min-width: 48em) calc(.50 * (100vw - 224px)), calc(100vw - 160px)\" srcset=\"https:\/\/procivitas.se\/wp-content\/uploads\/sites\/8\/2023\/10\/procivitas-uppsala-2022-400x267.jpg 400w, https:\/\/procivitas.se\/wp-content\/uploads\/sites\/8\/2023\/10\/procivitas-uppsala-2022-300x200.jpg 300w, https:\/\/procivitas.se\/wp-content\/uploads\/sites\/8\/2023\/10\/procivitas-uppsala-2022-600x400.jpg 600w, https:\/\/procivitas.se\/wp-content\/uploads\/sites\/8\/2023\/10\/procivitas-uppsala-2022-800x533.jpg 800w, https:\/\/procivitas.se\/wp-content\/uploads\/sites\/8\/2023\/10\/procivitas-uppsala-2022-1024x683.jpg 1024w, https:\/\/procivitas.se\/wp-content\/uploads\/sites\/8\/2023\/10\/procivitas-uppsala-2022-1200x800.jpg 1200w\" \/>\n\t\t\t\t\t<\/div>\n\t\t\t\t<\/article>\n\t\t\t<\/li>\n\t\t\t\t\t\t\t\t\t\t\t\t\t\t\t\t\t\n\t\t\t\n\t\t\t\n\t\t\t<li class=\"l-col-6@md l-col-4@lg \" data-filter=\"nyheter januari-2024\">\n\t\t\t\t<article class=\"c-card  has-media-zoom has-media-overlay \" data-variant=\"neutral\" data-style=\"square\" data-click-area>\n\t\t\t\t\t<div class=\"c-card__content l-stack l-stack-sm\">\n\n\t\t\t\t\t\t\t\t\t\t\t\t\t<time class=\"c-card__date u-font-small\" datetime=\"2024-01-22\">22 januari 2024<\/time>\n\t\t\t\t\t\t\n\t\t\t\t\t\t\t\t\t\t\t\t\t<h3 class=\"c-card__title u-font-title-3\">\n\t\t\t\t\t\t\t\t\t\t\t\t\t\t\t\t\t<a class=\"c-card__link\" href=\"https:\/\/procivitas.se\/uppsala\/nyheter\/antagningen-har-oppnat\/\">\n\t\t\t\t\t\t\t\t\t\tAntagningen har \u00f6ppnat!\n\t\t\t\t\t\t\t\t\t<\/a>\n\t\t\t\t\t\t\t\t\t\t\t\t\t\t\t<\/h3>\n\t\t\t\t\t\t\n\t\t\t\t\t\t\t\t\t\t\t\t\t<p class=\"c-card__text l-stack-xs u-font-body\">\n\t\t\t\t\t\t\t\tGymnasieantagningen har \u00f6ppnat i din kommun! L\u00e4s mer om viktiga datum &#8230;\n\t\t\t\t\t\t\t<\/p>\n\t\t\t\t\t\t\n\t\t\t\t\t\t\t\t\t\t\t\t\t<ul class=\"c-card__tags l-stack-grow u-list-none u-pt-md\" aria-label=\"Kategorier\">\n\t\t\t\t\t\t\t\t\t\t\t\t\t\t\t\t\t<li><span class=\"c-tag\" data-variant=\"outline\">Nyheter<\/span><\/li>\n\t\t\t\t\t\t\t\t\t\t\t\t\t\t\t<\/ul>\n\t\t\t\t\t\t\n\t\t\t\t\t\t<div class=\"c-card__icon\">\n\t\t\t\t\t\t\t\t\t\t\t\t\t\t<svg class=\"ams-icon ams-icon--arrow-right\" width=\"32\" height=\"32\" viewbox=\"0 0 32 32\" fill=\"currentColor\" aria-hidden=\"true\" xmlns=\"http:\/\/www.w3.org\/2000\/svg\">\n\t\t\t\t\t\t\t\t\t\t\t\t\t\t\t\t<path d=\"M15.4617 0.252159L14.9567 0.75931C14.6219 1.09545 14.6219 1.64048 14.9567 1.97669L27.7062 14.7806H0.857144C0.383786 14.7806 0 15.166 0 15.6414V16.3587C0 16.8341 0.383786 17.2195 0.857144 17.2195H27.7062L14.9567 30.0234C14.6219 30.3595 14.6219 30.9045 14.9567 31.2407L15.4617 31.7479C15.7964 32.084 16.3392 32.084 16.6739 31.7479L31.749 16.6087C32.0837 16.2725 32.0837 15.7275 31.749 15.3913L16.6739 0.252159C16.3392 -0.084053 15.7964 -0.084053 15.4617 0.252159Z\"\/>\n\t\t\t\t\t\t\t\n\t\t\t\t\t\t\t<\/svg>\n\t\t\t\t\t\t<\/div>\n\t\t\t\t\t<\/div>\n\n\t\t\t\t\t<div class=\"c-card__media u-radius-rounded\" style=\" --overlay-bg-hover: rgba(8,22,43,0.4);\">\n\t\t\t\t\t\t<img decoding=\"async\" width=\"400\" height=\"600\" src=\"https:\/\/procivitas.se\/wp-content\/uploads\/sites\/8\/2023\/10\/pro-elevkar-uppsala-400x600.jpeg\" class=\"attachment-sm size-sm\" alt=\"Gruppbild, Elevk\u00e5ren Uppsala\" sizes=\"(min-width: 64em) 300px, (min-width: 48em) calc(.50 * (100vw - 224px)), calc(100vw - 160px)\" srcset=\"https:\/\/procivitas.se\/wp-content\/uploads\/sites\/8\/2023\/10\/pro-elevkar-uppsala-400x600.jpeg 400w, https:\/\/procivitas.se\/wp-content\/uploads\/sites\/8\/2023\/10\/pro-elevkar-uppsala-300x450.jpeg 300w, https:\/\/procivitas.se\/wp-content\/uploads\/sites\/8\/2023\/10\/pro-elevkar-uppsala-600x899.jpeg 600w, https:\/\/procivitas.se\/wp-content\/uploads\/sites\/8\/2023\/10\/pro-elevkar-uppsala-800x1199.jpeg 800w, https:\/\/procivitas.se\/wp-content\/uploads\/sites\/8\/2023\/10\/pro-elevkar-uppsala.jpeg 854w\" \/>\n\t\t\t\t\t<\/div>\n\t\t\t\t<\/article>\n\t\t\t<\/li>\n\t\t\t\t\t\t\t\t\t\t\t\t\t\t\t\t\t\n\t\t\t\n\t\t\t\n\t\t\t<li class=\"l-col-6@md l-col-4@lg \" data-filter=\"nyheter november-2023\">\n\t\t\t\t<article class=\"c-card  has-media-zoom has-media-overlay \" data-variant=\"neutral\" data-style=\"square\" data-click-area>\n\t\t\t\t\t<div class=\"c-card__content l-stack l-stack-sm\">\n\n\t\t\t\t\t\t\t\t\t\t\t\t\t<time class=\"c-card__date u-font-small\" datetime=\"2023-11-30\">30 november 2023<\/time>\n\t\t\t\t\t\t\n\t\t\t\t\t\t\t\t\t\t\t\t\t<h3 class=\"c-card__title u-font-title-3\">\n\t\t\t\t\t\t\t\t\t\t\t\t\t\t\t\t\t<a class=\"c-card__link\" href=\"https:\/\/procivitas.se\/uppsala\/nyheter\/lararpris\/\">\n\t\t\t\t\t\t\t\t\t\tFrancis Larsson f\u00e5r l\u00e4rarpris\n\t\t\t\t\t\t\t\t\t<\/a>\n\t\t\t\t\t\t\t\t\t\t\t\t\t\t\t<\/h3>\n\t\t\t\t\t\t\n\t\t\t\t\t\t\t\t\t\t\t\t\t<p class=\"c-card__text l-stack-xs u-font-body\">\n\t\t\t\t\t\t\t\tPedagogiska l\u00e4rarpriset 2023 g\u00e5r till l\u00e4rare fr\u00e5n ProCivitas Uppsala.\n\t\t\t\t\t\t\t<\/p>\n\t\t\t\t\t\t\n\t\t\t\t\t\t\t\t\t\t\t\t\t<ul class=\"c-card__tags l-stack-grow u-list-none u-pt-md\" aria-label=\"Kategorier\">\n\t\t\t\t\t\t\t\t\t\t\t\t\t\t\t\t\t<li><span class=\"c-tag\" data-variant=\"outline\">Nyheter<\/span><\/li>\n\t\t\t\t\t\t\t\t\t\t\t\t\t\t\t<\/ul>\n\t\t\t\t\t\t\n\t\t\t\t\t\t<div class=\"c-card__icon\">\n\t\t\t\t\t\t\t\t\t\t\t\t\t\t<svg class=\"ams-icon ams-icon--arrow-right\" width=\"32\" height=\"32\" viewbox=\"0 0 32 32\" fill=\"currentColor\" aria-hidden=\"true\" xmlns=\"http:\/\/www.w3.org\/2000\/svg\">\n\t\t\t\t\t\t\t\t\t\t\t\t\t\t\t\t<path d=\"M15.4617 0.252159L14.9567 0.75931C14.6219 1.09545 14.6219 1.64048 14.9567 1.97669L27.7062 14.7806H0.857144C0.383786 14.7806 0 15.166 0 15.6414V16.3587C0 16.8341 0.383786 17.2195 0.857144 17.2195H27.7062L14.9567 30.0234C14.6219 30.3595 14.6219 30.9045 14.9567 31.2407L15.4617 31.7479C15.7964 32.084 16.3392 32.084 16.6739 31.7479L31.749 16.6087C32.0837 16.2725 32.0837 15.7275 31.749 15.3913L16.6739 0.252159C16.3392 -0.084053 15.7964 -0.084053 15.4617 0.252159Z\"\/>\n\t\t\t\t\t\t\t\n\t\t\t\t\t\t\t<\/svg>\n\t\t\t\t\t\t<\/div>\n\t\t\t\t\t<\/div>\n\n\t\t\t\t\t<div class=\"c-card__media u-radius-rounded\" style=\" --overlay-bg-hover: rgba(8,22,43,0.4);\">\n\t\t\t\t\t\t<img decoding=\"async\" width=\"400\" height=\"313\" src=\"https:\/\/procivitas.se\/wp-content\/uploads\/sites\/8\/2023\/10\/francis-larsson-400x313.jpeg\" class=\"attachment-sm size-sm\" alt=\"Personportr\u00e4tt\" sizes=\"(min-width: 64em) 300px, (min-width: 48em) calc(.50 * (100vw - 224px)), calc(100vw - 160px)\" srcset=\"https:\/\/procivitas.se\/wp-content\/uploads\/sites\/8\/2023\/10\/francis-larsson-400x313.jpeg 400w, https:\/\/procivitas.se\/wp-content\/uploads\/sites\/8\/2023\/10\/francis-larsson-300x235.jpeg 300w, https:\/\/procivitas.se\/wp-content\/uploads\/sites\/8\/2023\/10\/francis-larsson-600x469.jpeg 600w, https:\/\/procivitas.se\/wp-content\/uploads\/sites\/8\/2023\/10\/francis-larsson.jpeg 680w\" \/>\n\t\t\t\t\t<\/div>\n\t\t\t\t<\/article>\n\t\t\t<\/li>\n\t\t\t\t\t\t\t\t\t\t\t\t\t\t\t\t\t\n\t\t\t\n\t\t\t\n\t\t\t<li class=\"l-col-6@md l-col-4@lg \" data-filter=\"elevintervjuer oktober-2023\">\n\t\t\t\t<article class=\"c-card  has-media-zoom has-media-overlay \" data-variant=\"neutral\" data-style=\"square\" data-click-area>\n\t\t\t\t\t<div class=\"c-card__content l-stack l-stack-sm\">\n\n\t\t\t\t\t\t\t\t\t\t\t\t\t<time class=\"c-card__date u-font-small\" datetime=\"2023-10-30\">30 oktober 2023<\/time>\n\t\t\t\t\t\t\n\t\t\t\t\t\t\t\t\t\t\t\t\t<h3 class=\"c-card__title u-font-title-3\">\n\t\t\t\t\t\t\t\t\t\t\t\t\t\t\t\t\t<a class=\"c-card__link\" href=\"https:\/\/procivitas.se\/uppsala\/nyheter\/intervju-med-elevkaren\/\">\n\t\t\t\t\t\t\t\t\t\tLinnea &#8211; sekreterare i elevk\u00e5ren\n\t\t\t\t\t\t\t\t\t<\/a>\n\t\t\t\t\t\t\t\t\t\t\t\t\t\t\t<\/h3>\n\t\t\t\t\t\t\n\t\t\t\t\t\t\t\t\t\t\t\t\t<p class=\"c-card__text l-stack-xs u-font-body\">\n\t\t\t\t\t\t\t\tN\u00e4r Linnea b\u00f6rjade p\u00e5 ProCivitas Uppsala ville hon vara en del av en gemenskap och gick d\u00e5 med i elevk\u00e5ren.\n\t\t\t\t\t\t\t<\/p>\n\t\t\t\t\t\t\n\t\t\t\t\t\t\t\t\t\t\t\t\t<ul class=\"c-card__tags l-stack-grow u-list-none u-pt-md\" aria-label=\"Kategorier\">\n\t\t\t\t\t\t\t\t\t\t\t\t\t\t\t\t\t<li><span class=\"c-tag\" data-variant=\"outline\">Elevintervjuer<\/span><\/li>\n\t\t\t\t\t\t\t\t\t\t\t\t\t\t\t<\/ul>\n\t\t\t\t\t\t\n\t\t\t\t\t\t<div class=\"c-card__icon\">\n\t\t\t\t\t\t\t\t\t\t\t\t\t\t<svg class=\"ams-icon ams-icon--arrow-right\" width=\"32\" height=\"32\" viewbox=\"0 0 32 32\" fill=\"currentColor\" aria-hidden=\"true\" xmlns=\"http:\/\/www.w3.org\/2000\/svg\">\n\t\t\t\t\t\t\t\t\t\t\t\t\t\t\t\t<path d=\"M15.4617 0.252159L14.9567 0.75931C14.6219 1.09545 14.6219 1.64048 14.9567 1.97669L27.7062 14.7806H0.857144C0.383786 14.7806 0 15.166 0 15.6414V16.3587C0 16.8341 0.383786 17.2195 0.857144 17.2195H27.7062L14.9567 30.0234C14.6219 30.3595 14.6219 30.9045 14.9567 31.2407L15.4617 31.7479C15.7964 32.084 16.3392 32.084 16.6739 31.7479L31.749 16.6087C32.0837 16.2725 32.0837 15.7275 31.749 15.3913L16.6739 0.252159C16.3392 -0.084053 15.7964 -0.084053 15.4617 0.252159Z\"\/>\n\t\t\t\t\t\t\t\n\t\t\t\t\t\t\t<\/svg>\n\t\t\t\t\t\t<\/div>\n\t\t\t\t\t<\/div>\n\n\t\t\t\t\t<div class=\"c-card__media u-radius-rounded\" style=\" --overlay-bg-hover: rgba(8,22,43,0.4);\">\n\t\t\t\t\t\t<img decoding=\"async\" width=\"400\" height=\"600\" src=\"https:\/\/procivitas.se\/wp-content\/uploads\/sites\/8\/2023\/10\/pro-elevkar-uppsala-400x600.jpeg\" class=\"attachment-sm size-sm\" alt=\"Gruppbild, Elevk\u00e5ren Uppsala\" sizes=\"(min-width: 64em) 300px, (min-width: 48em) calc(.50 * (100vw - 224px)), calc(100vw - 160px)\" srcset=\"https:\/\/procivitas.se\/wp-content\/uploads\/sites\/8\/2023\/10\/pro-elevkar-uppsala-400x600.jpeg 400w, https:\/\/procivitas.se\/wp-content\/uploads\/sites\/8\/2023\/10\/pro-elevkar-uppsala-300x450.jpeg 300w, https:\/\/procivitas.se\/wp-content\/uploads\/sites\/8\/2023\/10\/pro-elevkar-uppsala-600x899.jpeg 600w, https:\/\/procivitas.se\/wp-content\/uploads\/sites\/8\/2023\/10\/pro-elevkar-uppsala-800x1199.jpeg 800w, https:\/\/procivitas.se\/wp-content\/uploads\/sites\/8\/2023\/10\/pro-elevkar-uppsala.jpeg 854w\" \/>\n\t\t\t\t\t<\/div>\n\t\t\t\t<\/article>\n\t\t\t<\/li>\n\t\t\t<\/ul>\n\n\t<div class=\"no-results u-mt-0 u-hide\" data-filter-fallback-id=\"ams-article-list-69f5487578e93\">\n\t<p>Det finns inga resultat som matchar din filtrering.<\/p>\n<\/div>\n\n\t\n\n\t\t\n\t\t\t<div class=\"ams-article__action u-inline-items\">\n\t\t\t\t\t\t\t\n\n\n<a href=\"https:\/\/procivitas.se\/uppsala\/nyheter\/\"\n\t\n\tclass=\"c-btn \"\n\tdata-style=\"rounded\"\n\tdata-size=\"md\"\n\tdata-width=\"full-mobile\"\n\tdata-variant=\"default\"\n\ttarget=\"_self\">\n\t\t\t<span class=\"label\"> Se alla nyheter<\/span>\n\t\t\t<\/a>\n\t\t\t<\/div>\n\t<\/div>\n\n\t\t\n\n<\/section>\n","protected":false},"template":"","article_category":[23,26,5],"yoast_head":"<!-- This site is optimized with the Yoast SEO plugin v22.0 - https:\/\/yoast.com\/wordpress\/plugins\/seo\/ -->\n<title>Uppsala<\/title>\n<meta name=\"description\" content=\"Stort grattis till v\u00e5r elev Amal som har g\u00e5tt vidare till final i Unga forskare! L\u00e4s intervjun d\u00e4r hon ber\u00e4ttar mer om sitt projekt.\" \/>\n<meta name=\"robots\" content=\"index, follow, max-snippet:-1, max-image-preview:large, max-video-preview:-1\" \/>\n<link rel=\"canonical\" href=\"https:\/\/procivitas.se\/uppsala\/nyheter\/nyheter\/\" \/>\n<meta property=\"og:locale\" content=\"sv_SE\" \/>\n<meta property=\"og:type\" content=\"article\" \/>\n<meta property=\"og:description\" content=\"Stort grattis till v\u00e5r elev Amal som har g\u00e5tt vidare till final i Unga forskare! L\u00e4s intervjun d\u00e4r hon ber\u00e4ttar mer om sitt projekt.\" \/>\n<meta property=\"og:url\" content=\"https:\/\/procivitas.se\/uppsala\/nyheter\/nyheter\/\" \/>\n<meta property=\"og:site_name\" content=\"Uppsala\" \/>\n<meta property=\"article:modified_time\" content=\"2026-04-09T12:15:12+00:00\" \/>\n<meta name=\"twitter:card\" content=\"summary_large_image\" \/>\n<meta name=\"twitter:description\" content=\"Stort grattis till v\u00e5r elev Amal som har g\u00e5tt vidare till final i Unga forskare! L\u00e4s intervjun d\u00e4r hon ber\u00e4ttar mer om sitt projekt.\" \/>\n<meta name=\"twitter:label1\" content=\"Est. reading time\" \/>\n\t<meta name=\"twitter:data1\" content=\"4 minuter\" \/>\n<script type=\"application\/ld+json\" class=\"yoast-schema-graph\">{\"@context\":\"https:\/\/schema.org\",\"@graph\":[{\"@type\":\"WebPage\",\"@id\":\"https:\/\/procivitas.se\/uppsala\/nyheter\/nyheter\/\",\"url\":\"https:\/\/procivitas.se\/uppsala\/nyheter\/nyheter\/\",\"name\":\"Amal har g\u00e5tt vidare till final i Unga forskare! - Uppsala\",\"isPartOf\":{\"@id\":\"https:\/\/procivitas.se\/uppsala\/#website\"},\"datePublished\":\"2026-02-10T07:54:48+00:00\",\"dateModified\":\"2026-04-09T12:15:12+00:00\",\"description\":\"Stort grattis till v\u00e5r elev Amal som har g\u00e5tt vidare till final i Unga forskare! L\u00e4s intervjun d\u00e4r hon ber\u00e4ttar mer om sitt projekt.\",\"breadcrumb\":{\"@id\":\"https:\/\/procivitas.se\/uppsala\/nyheter\/nyheter\/#breadcrumb\"},\"inLanguage\":\"sv-SE\",\"potentialAction\":[{\"@type\":\"ReadAction\",\"target\":[\"https:\/\/procivitas.se\/uppsala\/nyheter\/nyheter\/\"]}]},{\"@type\":\"BreadcrumbList\",\"@id\":\"https:\/\/procivitas.se\/uppsala\/nyheter\/nyheter\/#breadcrumb\",\"itemListElement\":[{\"@type\":\"ListItem\",\"position\":1,\"name\":\"Start\",\"item\":\"https:\/\/procivitas.se\/uppsala\"},{\"@type\":\"ListItem\",\"position\":2,\"name\":\"Nyheter\"}]},{\"@type\":\"WebSite\",\"@id\":\"https:\/\/procivitas.se\/uppsala\/#website\",\"url\":\"https:\/\/procivitas.se\/uppsala\/\",\"name\":\"Uppsala\",\"description\":\"Just another WordPress site\",\"potentialAction\":[{\"@type\":\"SearchAction\",\"target\":{\"@type\":\"EntryPoint\",\"urlTemplate\":\"https:\/\/procivitas.se\/uppsala\/?s={search_term_string}\"},\"query-input\":\"required name=search_term_string\"}],\"inLanguage\":\"sv-SE\"}]}<\/script>\n<!-- \/ Yoast SEO plugin. -->","yoast_head_json":{"title":"Uppsala","description":"Stort grattis till v\u00e5r elev Amal som har g\u00e5tt vidare till final i Unga forskare! L\u00e4s intervjun d\u00e4r hon ber\u00e4ttar mer om sitt projekt.","robots":{"index":"index","follow":"follow","max-snippet":"max-snippet:-1","max-image-preview":"max-image-preview:large","max-video-preview":"max-video-preview:-1"},"canonical":"https:\/\/procivitas.se\/uppsala\/nyheter\/nyheter\/","og_locale":"sv_SE","og_type":"article","og_description":"Stort grattis till v\u00e5r elev Amal som har g\u00e5tt vidare till final i Unga forskare! L\u00e4s intervjun d\u00e4r hon ber\u00e4ttar mer om sitt projekt.","og_url":"https:\/\/procivitas.se\/uppsala\/nyheter\/nyheter\/","og_site_name":"Uppsala","article_modified_time":"2026-04-09T12:15:12+00:00","twitter_card":"summary_large_image","twitter_description":"Stort grattis till v\u00e5r elev Amal som har g\u00e5tt vidare till final i Unga forskare! L\u00e4s intervjun d\u00e4r hon ber\u00e4ttar mer om sitt projekt.","twitter_misc":{"Est. reading time":"4 minuter"},"schema":{"@context":"https:\/\/schema.org","@graph":[{"@type":"WebPage","@id":"https:\/\/procivitas.se\/uppsala\/nyheter\/nyheter\/","url":"https:\/\/procivitas.se\/uppsala\/nyheter\/nyheter\/","name":"Amal har g\u00e5tt vidare till final i Unga forskare! - Uppsala","isPartOf":{"@id":"https:\/\/procivitas.se\/uppsala\/#website"},"datePublished":"2026-02-10T07:54:48+00:00","dateModified":"2026-04-09T12:15:12+00:00","description":"Stort grattis till v\u00e5r elev Amal som har g\u00e5tt vidare till final i Unga forskare! L\u00e4s intervjun d\u00e4r hon ber\u00e4ttar mer om sitt projekt.","breadcrumb":{"@id":"https:\/\/procivitas.se\/uppsala\/nyheter\/nyheter\/#breadcrumb"},"inLanguage":"sv-SE","potentialAction":[{"@type":"ReadAction","target":["https:\/\/procivitas.se\/uppsala\/nyheter\/nyheter\/"]}]},{"@type":"BreadcrumbList","@id":"https:\/\/procivitas.se\/uppsala\/nyheter\/nyheter\/#breadcrumb","itemListElement":[{"@type":"ListItem","position":1,"name":"Start","item":"https:\/\/procivitas.se\/uppsala"},{"@type":"ListItem","position":2,"name":"Nyheter"}]},{"@type":"WebSite","@id":"https:\/\/procivitas.se\/uppsala\/#website","url":"https:\/\/procivitas.se\/uppsala\/","name":"Uppsala","description":"Just another WordPress site","potentialAction":[{"@type":"SearchAction","target":{"@type":"EntryPoint","urlTemplate":"https:\/\/procivitas.se\/uppsala\/?s={search_term_string}"},"query-input":"required name=search_term_string"}],"inLanguage":"sv-SE"}]}},"_links":{"self":[{"href":"https:\/\/procivitas.se\/uppsala\/wp-json\/wp\/v2\/article\/3205"}],"collection":[{"href":"https:\/\/procivitas.se\/uppsala\/wp-json\/wp\/v2\/article"}],"about":[{"href":"https:\/\/procivitas.se\/uppsala\/wp-json\/wp\/v2\/types\/article"}],"wp:attachment":[{"href":"https:\/\/procivitas.se\/uppsala\/wp-json\/wp\/v2\/media?parent=3205"}],"wp:term":[{"taxonomy":"article_category","embeddable":true,"href":"https:\/\/procivitas.se\/uppsala\/wp-json\/wp\/v2\/article_category?post=3205"}],"curies":[{"name":"wp","href":"https:\/\/api.w.org\/{rel}","templated":true}]}}